{"id":3163,"date":"2026-09-03T14:25:23","date_gmt":"2026-09-03T12:25:23","guid":{"rendered":"https:\/\/www.deroesterreichischefriseur.at\/?p=3163"},"modified":"2026-09-04T14:31:12","modified_gmt":"2026-09-04T12:31:12","slug":"seda-tuerkoglu-wird-landesinnungsmeister-stellvertreterin-der-friseure-in-oberoesterreich","status":"publish","type":"post","link":"https:\/\/www.deroesterreichischefriseur.at\/?p=3163","title":{"rendered":"Seda T\u00fcrkoglu wird Landesinnungsmeister-Stellvertreterin der Friseure in Ober\u00f6sterreich"},"content":{"rendered":"\t\t<div data-elementor-type=\"wp-post\" data-elementor-id=\"3163\" class=\"elementor elementor-3163\" data-elementor-post-type=\"post\">\n\t\t\t\t<div class=\"elementor-element elementor-element-aefe6f7 e-flex e-con-boxed e-con e-parent\" data-id=\"aefe6f7\" data-element_type=\"container\" data-e-type=\"container\">\n\t\t\t\t\t<div class=\"e-con-inner\">\n\t\t\t\t<div class=\"elementor-element elementor-element-517724b elementor-widget elementor-widget-image\" data-id=\"517724b\" data-element_type=\"widget\" data-e-type=\"widget\" data-widget_type=\"image.default\">\n\t\t\t\t<div class=\"elementor-widget-container\">\n\t\t\t\t\t\t\t\t\t\t\t\t<figure class=\"wp-caption\">\n\t\t\t\t\t\t\t\t\t\t<img fetchpriority=\"high\" decoding=\"async\" width=\"246\" height=\"208\" src=\"https:\/\/www.deroesterreichischefriseur.at\/wp-content\/uploads\/2026\/09\/124_Seda-Tuerkoglu_web-e1788525102502.jpg\" class=\"attachment-1536x1536 size-1536x1536 wp-image-3162\" alt=\"\" \/>\t\t\t\t\t\t\t\t\t\t\t<figcaption class=\"widget-image-caption wp-caption-text\">Copyright: @WKO\u00d6<\/figcaption>\n\t\t\t\t\t\t\t\t\t\t<\/figure>\n\t\t\t\t\t\t\t\t\t<\/div>\n\t\t\t\t<\/div>\n\t\t\t\t\t<\/div>\n\t\t\t\t<\/div>\n\t\t<div class=\"elementor-element elementor-element-3f1d9c9 e-flex e-con-boxed e-con e-parent\" data-id=\"3f1d9c9\" data-element_type=\"container\" data-e-type=\"container\">\n\t\t\t\t\t<div class=\"e-con-inner\">\n\t\t\t\t<div class=\"elementor-element elementor-element-65dcba7 elementor-widget elementor-widget-text-editor\" data-id=\"65dcba7\" data-element_type=\"widget\" data-e-type=\"widget\" data-widget_type=\"text-editor.default\">\n\t\t\t\t<div class=\"elementor-widget-container\">\n\t\t\t\t\t\t\t\t\t<p class=\"p1\"><b>Mit 1. September 2026 \u00fcbernimmt <\/b><span class=\"s1\"><b>Mst.in<\/b><\/span><b> Seda T\u00fcrkoglu die Funktion der Landesinnungsmeister-Stellvertreterin der Friseure in Ober\u00f6sterreich. Die erfolgreiche Unternehmerin, Meisterfriseurin und ehemalige Teilnehmerin internationaler Berufswettbewerbe bringt damit ihre Erfahrung und ihre Leidenschaft f\u00fcr das Friseurhandwerk k\u00fcnftig noch st\u00e4rker in die Interessenvertretung der Branche ein.<\/b><b><\/b><\/p><p class=\"p1\">Der berufliche Weg von Seda T\u00fcrkoglu ist eng mit dem Friseurhandwerk verbunden. Bereits w\u00e4hrend ihrer Ausbildung zeigte sich ihr au\u00dfergew\u00f6hnlicher Ehrgeiz. Fr\u00fch begann sie, sich bei Lehrlings- und Berufswettbewerben mit den Besten ihres Fachs zu messen. Insgesamt nahm sie an zahlreichen Wettbewerben und Berufsmeisterschaften teil und konnte dabei wertvolle Erfolge sammeln.<\/p><p class=\"p1\">Zu den H\u00f6hepunkten ihrer bisherigen Laufbahn z\u00e4hlt die Teilnahme an den <b>WorldSkills 2019 in Kazan<\/b>, bei denen sie \u00d6sterreich auf internationaler B\u00fchne vertrat. Bei den <b>EuroSkills 2021 in Graz<\/b> stellte sie ihr K\u00f6nnen erneut unter Beweis und wurde f\u00fcr ihre hervorragende Leistung mit einer <b>Medallion for Excellence<\/b> ausgezeichnet. Auch abseits klassischer Berufswettbewerbe konnte sie auf sich aufmerksam machen: 2021 \u00fcberzeugte sie in der Puls-4-Sendung <b>\u201eShow your Talent\u201c<\/b> und ging dort als Siegerin hervor.<\/p><p class=\"p1\">Doch f\u00fcr Seda T\u00fcrkoglu stand schon fr\u00fch fest, dass sie ihre berufliche Zukunft nicht ausschlie\u00dflich am Friseurstuhl sieht. Gemeinsam mit ihrer Schwester Sevim verwirklichte sie den Traum von der Selbstst\u00e4ndigkeit und gr\u00fcndete <b>Masterclass Hair &amp; Beauty<\/b>. Nach dem ersten Salon in Ostermiething folgte ein weiterer Standort in Mattighofen. Heute verbindet sie damit kreatives Handwerk mit Unternehmertum, Mitarbeiterf\u00fchrung und der Weiterentwicklung moderner Beauty- und Friseurdienstleistungen.<\/p><p class=\"p1\">Parallel zu ihrer unternehmerischen T\u00e4tigkeit engagierte sich Seda T\u00fcrkoglu bereits im <b>Landesinnungsausschuss der ober\u00f6sterreichischen Friseure<\/b>. Mit 1. September 2026 folgt nun der n\u00e4chste Schritt: Als <b>Landesinnungsmeister-Stellvertreterin<\/b> \u00fcbernimmt sie zus\u00e4tzliche Verantwortung f\u00fcr die Interessen der Friseurunternehmerinnen und -unternehmer in Ober\u00f6sterreich.<\/p><p class=\"p1\">Dabei bringt sie nicht nur die Perspektive einer jungen Unternehmerin mit, sondern kennt auch die unterschiedlichen Stationen des Berufs aus eigener Erfahrung \u2013 von der Lehre \u00fcber die Meisterqualifikation und den internationalen Wettbewerb bis zur F\u00fchrung eines eigenen Unternehmens.<\/p><p class=\"p1\">Ein besonderes Anliegen ist ihr die Zukunft des Friseurhandwerks. Dazu geh\u00f6ren eine starke und zeitgem\u00e4\u00dfe Lehrlingsausbildung, attraktive Perspektiven f\u00fcr junge Fachkr\u00e4fte, laufende Weiterbildung sowie die St\u00e4rkung des Meisterhandwerks und des Unternehmertums. Gleichzeitig gilt es, Tradition und handwerkliche Qualit\u00e4t mit neuen Entwicklungen und den Ver\u00e4nderungen innerhalb der Branche zu verbinden.<\/p><p class=\"p1\">Mit ihrer neuen Funktion m\u00f6chte Seda T\u00fcrkoglu dazu beitragen, den Austausch innerhalb der ober\u00f6sterreichischen Friseurbranche weiter zu st\u00e4rken und gemeinsam mit den Betrieben die Zukunft des Berufs aktiv mitzugestalten.<\/p><p class=\"p1\"><b>Wir gratulieren <\/b><span class=\"s1\"><b>Mst.in<\/b><\/span><b> Seda T\u00fcrkoglu herzlich zu ihrer neuen Funktion als Landesinnungsmeister-Stellvertreterin und w\u00fcnschen ihr f\u00fcr diese verantwortungsvolle Aufgabe viel Erfolg, Tatkraft und Freude.<\/b><\/p>\t\t\t\t\t\t\t\t<\/div>\n\t\t\t\t<\/div>\n\t\t\t\t\t<\/div>\n\t\t\t\t<\/div>\n\t\t\t\t<\/div>\n\t\t","protected":false},"excerpt":{"rendered":"<p>Copyright: @WKO\u00d6 Mit 1. September 2026 \u00fcbernimmt Mst.in Seda T\u00fcrkoglu die Funktion der Landesinnungsmeister-Stellvertreterin der Friseure in Ober\u00f6sterreich. Die erfolgreiche Unternehmerin, Meisterfriseurin und ehemalige Teilnehmerin internationaler Berufswettbewerbe bringt damit ihre Erfahrung und ihre Leidenschaft f\u00fcr das Friseurhandwerk k\u00fcnftig noch st\u00e4rker in die Interessenvertretung der Branche ein. Der berufliche Weg von Seda T\u00fcrkoglu ist eng mit dem Friseurhandwerk verbunden. Bereits w\u00e4hrend ihrer Ausbildung zeigte sich ihr au\u00dfergew\u00f6hnlicher Ehrgeiz. Fr\u00fch begann sie,&hellip;<\/p>\n","protected":false},"author":1,"featured_media":3162,"comment_status":"closed","ping_status":"open","sticky":false,"template":"","format":"standard","meta":{"footnotes":""},"categories":[10],"tags":[],"class_list":["post-3163","post","type-post","status-publish","format-standard","has-post-thumbnail","hentry","category-thema"],"_links":{"self":[{"href":"https:\/\/www.deroesterreichischefriseur.at\/index.php?rest_route=\/wp\/v2\/posts\/3163","targetHints":{"allow":["GET"]}}],"collection":[{"href":"https:\/\/www.deroesterreichischefriseur.at\/index.php?rest_route=\/wp\/v2\/posts"}],"about":[{"href":"https:\/\/www.deroesterreichischefriseur.at\/index.php?rest_route=\/wp\/v2\/types\/post"}],"author":[{"embeddable":true,"href":"https:\/\/www.deroesterreichischefriseur.at\/index.php?rest_route=\/wp\/v2\/users\/1"}],"replies":[{"embeddable":true,"href":"https:\/\/www.deroesterreichischefriseur.at\/index.php?rest_route=%2Fwp%2Fv2%2Fcomments&post=3163"}],"version-history":[{"count":5,"href":"https:\/\/www.deroesterreichischefriseur.at\/index.php?rest_route=\/wp\/v2\/posts\/3163\/revisions"}],"predecessor-version":[{"id":3168,"href":"https:\/\/www.deroesterreichischefriseur.at\/index.php?rest_route=\/wp\/v2\/posts\/3163\/revisions\/3168"}],"wp:featuredmedia":[{"embeddable":true,"href":"https:\/\/www.deroesterreichischefriseur.at\/index.php?rest_route=\/wp\/v2\/media\/3162"}],"wp:attachment":[{"href":"https:\/\/www.deroesterreichischefriseur.at\/index.php?rest_route=%2Fwp%2Fv2%2Fmedia&parent=3163"}],"wp:term":[{"taxonomy":"category","embeddable":true,"href":"https:\/\/www.deroesterreichischefriseur.at\/index.php?rest_route=%2Fwp%2Fv2%2Fcategories&post=3163"},{"taxonomy":"post_tag","embeddable":true,"href":"https:\/\/www.deroesterreichischefriseur.at\/index.php?rest_route=%2Fwp%2Fv2%2Ftags&post=3163"}],"curies":[{"name":"wp","href":"https:\/\/api.w.org\/{rel}","templated":true}]}}