{"id":3146,"date":"2026-09-03T09:57:38","date_gmt":"2026-09-03T07:57:38","guid":{"rendered":"https:\/\/www.deroesterreichischefriseur.at\/?p=3146"},"modified":"2026-09-03T09:59:43","modified_gmt":"2026-09-03T07:59:43","slug":"messe-duesseldorf-stellt-friseurmesse-neu-auf","status":"publish","type":"post","link":"https:\/\/www.deroesterreichischefriseur.at\/?p=3146","title":{"rendered":"Messe D\u00fcsseldorf stellt Friseurmesse neu auf\u00a0"},"content":{"rendered":"\t\t<div data-elementor-type=\"wp-post\" data-elementor-id=\"3146\" class=\"elementor elementor-3146\" data-elementor-post-type=\"post\">\n\t\t\t\t<div class=\"elementor-element elementor-element-8a4871a e-flex e-con-boxed e-con e-parent\" data-id=\"8a4871a\" data-element_type=\"container\" data-e-type=\"container\">\n\t\t\t\t\t<div class=\"e-con-inner\">\n\t\t\t\t<div class=\"elementor-element elementor-element-0c54102 elementor-widget elementor-widget-image\" data-id=\"0c54102\" data-element_type=\"widget\" data-e-type=\"widget\" data-widget_type=\"image.default\">\n\t\t\t\t<div class=\"elementor-widget-container\">\n\t\t\t\t\t\t\t\t\t\t\t\t\t\t\t<img fetchpriority=\"high\" decoding=\"async\" width=\"640\" height=\"512\" src=\"https:\/\/www.deroesterreichischefriseur.at\/wp-content\/uploads\/2026\/09\/Logo_hair_Duesseldorf-768x614.png\" class=\"attachment-medium_large size-medium_large wp-image-3147\" alt=\"\" srcset=\"https:\/\/www.deroesterreichischefriseur.at\/wp-content\/uploads\/2026\/09\/Logo_hair_Duesseldorf-768x614.png 768w, https:\/\/www.deroesterreichischefriseur.at\/wp-content\/uploads\/2026\/09\/Logo_hair_Duesseldorf-300x240.png 300w, https:\/\/www.deroesterreichischefriseur.at\/wp-content\/uploads\/2026\/09\/Logo_hair_Duesseldorf.png 1000w\" sizes=\"(max-width: 640px) 100vw, 640px\" \/>\t\t\t\t\t\t\t\t\t\t\t\t\t\t\t<\/div>\n\t\t\t\t<\/div>\n\t\t\t\t\t<\/div>\n\t\t\t\t<\/div>\n\t\t<div class=\"elementor-element elementor-element-a93faf0 e-flex e-con-boxed e-con e-parent\" data-id=\"a93faf0\" data-element_type=\"container\" data-e-type=\"container\">\n\t\t\t\t\t<div class=\"e-con-inner\">\n\t\t\t\t<div class=\"elementor-element elementor-element-886a308 elementor-widget elementor-widget-text-editor\" data-id=\"886a308\" data-element_type=\"widget\" data-e-type=\"widget\" data-widget_type=\"text-editor.default\">\n\t\t\t\t<div class=\"elementor-widget-container\">\n\t\t\t\t\t\t\t\t\t<p class=\"p1\"><b>Neues Format baut die langj\u00e4hrige Messekompetenz am Standort aus <\/b><\/p>\t\t\t\t\t\t\t\t<\/div>\n\t\t\t\t<\/div>\n\t\t\t\t\t<\/div>\n\t\t\t\t<\/div>\n\t\t<div class=\"elementor-element elementor-element-9d13839 e-flex e-con-boxed e-con e-parent\" data-id=\"9d13839\" data-element_type=\"container\" data-e-type=\"container\">\n\t\t\t\t\t<div class=\"e-con-inner\">\n\t\t\t\t<div class=\"elementor-element elementor-element-35e07b2 elementor-widget elementor-widget-text-editor\" data-id=\"35e07b2\" data-element_type=\"widget\" data-e-type=\"widget\" data-widget_type=\"text-editor.default\">\n\t\t\t\t<div class=\"elementor-widget-container\">\n\t\t\t\t\t\t\t\t\t<p class=\"p1\">Nach mehr als zwei Jahrzehnten erfolgreicher Zusammenarbeit mit der TOP HAIR International GmbH geht die Messe D\u00fcsseldorf k\u00fcnftig mit einem neuen Format eigene Wege. Unter dem Namen \u201ehair D\u00fcsseldorf\u201c wird sie am <strong>10. und 11. April 2027<\/strong> parallel zur beauty eine eigenst\u00e4ndige Fachmesse f\u00fcr die Friseurbranche in der gewohnten Qualit\u00e4t ausrichten. Mit der \u201ehair D\u00fcsseldorf\u201c wird es auf dem Messegel\u00e4nde am Rhein weiterhin einen starken Ort f\u00fcr Austausch, Inspiration, Innovation und pers\u00f6nliche Begegnung geben.<\/p><p class=\"p1\">\u201eWir danken der TOP HAIR International GmbH f\u00fcr die langj\u00e4hrige vertrauensvolle und gute Zusammenarbeit\u201c, sagt Hannes Niemann, Director der \u201ehair D\u00fcsseldorf\u201c.<\/p><p class=\"p1\">Die Vorbereitungen f\u00fcr die <strong>\u201ehair D\u00fcsseldorf\u201c<\/strong> 2027 laufen bereits. F\u00fcr Aussteller, Partner und Besuchende stehen die bekannten Ansprechpartnerinnen und Ansprechpartner bei der Messe D\u00fcsseldorf zur Verf\u00fcgung. Der Termin im Fr\u00fchjahr wird fortgef\u00fchrt. Die Besucher und Besucherinnen d\u00fcrfen sich auf einen Mix aus Ausstellung, Shows, Workshops und Masterclasses freuen.<\/p><p class=\"p1\">Weitere Informationen zu Konzept, Programm und Beteiligungsm\u00f6glichkeiten stehen unter <a href=\"http:\/\/www.hair-duesseldorf.de\"><span class=\"s1\">www.hair-duesseldorf.de<\/span><\/a> zur Verf\u00fcgung.<\/p>\t\t\t\t\t\t\t\t<\/div>\n\t\t\t\t<\/div>\n\t\t\t\t\t<\/div>\n\t\t\t\t<\/div>\n\t\t\t\t<\/div>\n\t\t","protected":false},"excerpt":{"rendered":"<p>Neues Format baut die langj\u00e4hrige Messekompetenz am Standort aus Nach mehr als zwei Jahrzehnten erfolgreicher Zusammenarbeit mit der TOP HAIR International GmbH geht die Messe D\u00fcsseldorf k\u00fcnftig mit einem neuen Format eigene Wege. Unter dem Namen \u201ehair D\u00fcsseldorf\u201c wird sie am 10. und 11. April 2027 parallel zur beauty eine eigenst\u00e4ndige Fachmesse f\u00fcr die Friseurbranche in der gewohnten Qualit\u00e4t ausrichten. Mit der \u201ehair D\u00fcsseldorf\u201c wird es auf dem Messegel\u00e4nde am&hellip;<\/p>\n","protected":false},"author":1,"featured_media":3147,"comment_status":"closed","ping_status":"open","sticky":false,"template":"","format":"standard","meta":{"footnotes":""},"categories":[1],"tags":[],"class_list":["post-3146","post","type-post","status-publish","format-standard","has-post-thumbnail","hentry","category-uncategorized"],"_links":{"self":[{"href":"https:\/\/www.deroesterreichischefriseur.at\/index.php?rest_route=\/wp\/v2\/posts\/3146","targetHints":{"allow":["GET"]}}],"collection":[{"href":"https:\/\/www.deroesterreichischefriseur.at\/index.php?rest_route=\/wp\/v2\/posts"}],"about":[{"href":"https:\/\/www.deroesterreichischefriseur.at\/index.php?rest_route=\/wp\/v2\/types\/post"}],"author":[{"embeddable":true,"href":"https:\/\/www.deroesterreichischefriseur.at\/index.php?rest_route=\/wp\/v2\/users\/1"}],"replies":[{"embeddable":true,"href":"https:\/\/www.deroesterreichischefriseur.at\/index.php?rest_route=%2Fwp%2Fv2%2Fcomments&post=3146"}],"version-history":[{"count":3,"href":"https:\/\/www.deroesterreichischefriseur.at\/index.php?rest_route=\/wp\/v2\/posts\/3146\/revisions"}],"predecessor-version":[{"id":3150,"href":"https:\/\/www.deroesterreichischefriseur.at\/index.php?rest_route=\/wp\/v2\/posts\/3146\/revisions\/3150"}],"wp:featuredmedia":[{"embeddable":true,"href":"https:\/\/www.deroesterreichischefriseur.at\/index.php?rest_route=\/wp\/v2\/media\/3147"}],"wp:attachment":[{"href":"https:\/\/www.deroesterreichischefriseur.at\/index.php?rest_route=%2Fwp%2Fv2%2Fmedia&parent=3146"}],"wp:term":[{"taxonomy":"category","embeddable":true,"href":"https:\/\/www.deroesterreichischefriseur.at\/index.php?rest_route=%2Fwp%2Fv2%2Fcategories&post=3146"},{"taxonomy":"post_tag","embeddable":true,"href":"https:\/\/www.deroesterreichischefriseur.at\/index.php?rest_route=%2Fwp%2Fv2%2Ftags&post=3146"}],"curies":[{"name":"wp","href":"https:\/\/api.w.org\/{rel}","templated":true}]}}