{"id":3138,"date":"2026-09-02T22:05:46","date_gmt":"2026-09-02T20:05:46","guid":{"rendered":"https:\/\/www.deroesterreichischefriseur.at\/?p=3138"},"modified":"2026-09-02T22:08:42","modified_gmt":"2026-09-02T20:08:42","slug":"verlaengere-deinen-sommer-mit-odoro-rose","status":"publish","type":"post","link":"https:\/\/www.deroesterreichischefriseur.at\/?p=3138","title":{"rendered":"Verl\u00e4ngere deinen Sommer mit odoro ros\u00e9"},"content":{"rendered":"\t\t<div data-elementor-type=\"wp-post\" data-elementor-id=\"3138\" class=\"elementor elementor-3138\" data-elementor-post-type=\"post\">\n\t\t\t\t<div class=\"elementor-element elementor-element-0428045 e-flex e-con-boxed e-con e-parent\" data-id=\"0428045\" data-element_type=\"container\" data-e-type=\"container\">\n\t\t\t\t\t<div class=\"e-con-inner\">\n\t\t\t\t<div class=\"elementor-element elementor-element-c05e98d elementor-widget elementor-widget-image\" data-id=\"c05e98d\" data-element_type=\"widget\" data-e-type=\"widget\" data-widget_type=\"image.default\">\n\t\t\t\t<div class=\"elementor-widget-container\">\n\t\t\t\t\t\t\t\t\t\t\t\t\t\t\t<img fetchpriority=\"high\" decoding=\"async\" width=\"640\" height=\"840\" src=\"https:\/\/www.deroesterreichischefriseur.at\/wp-content\/uploads\/2026\/09\/ODORO-ROSE-120ml-freiweb.png\" class=\"attachment-medium_large size-medium_large wp-image-3140\" alt=\"\" srcset=\"https:\/\/www.deroesterreichischefriseur.at\/wp-content\/uploads\/2026\/09\/ODORO-ROSE-120ml-freiweb.png 686w, https:\/\/www.deroesterreichischefriseur.at\/wp-content\/uploads\/2026\/09\/ODORO-ROSE-120ml-freiweb-229x300.png 229w\" sizes=\"(max-width: 640px) 100vw, 640px\" \/>\t\t\t\t\t\t\t\t\t\t\t\t\t\t\t<\/div>\n\t\t\t\t<\/div>\n\t\t\t\t\t<\/div>\n\t\t\t\t<\/div>\n\t\t<div class=\"elementor-element elementor-element-0af8155 e-flex e-con-boxed e-con e-parent\" data-id=\"0af8155\" data-element_type=\"container\" data-e-type=\"container\">\n\t\t\t\t\t<div class=\"e-con-inner\">\n\t\t\t\t<div class=\"elementor-element elementor-element-fc818ce elementor-widget elementor-widget-text-editor\" data-id=\"fc818ce\" data-element_type=\"widget\" data-e-type=\"widget\" data-widget_type=\"text-editor.default\">\n\t\t\t\t<div class=\"elementor-widget-container\">\n\t\t\t\t\t\t\t\t\t<p class=\"p1\"><b>CULUMNATURA\u00ae erweitert seine Duftwelt um ein neues, sinnlich-blumiges EAU DE COLOGNE<\/b><\/p><p class=\"p2\">Wenn die Tage langsam k\u00fcrzer werden und der Herbst vor der T\u00fcr steht, darf uns der Duft des Sommers ruhig noch ein wenig l\u00e4nger begleiten. Mit dem neuen <b>odoro ros\u00e9 EAU DE COLOGNE<\/b> bringt CULUMNATURA\u00ae eine hochwertige Duftkomposition auf den Markt, die intensive Rosennoten und einen sinnlich-blumigen Charakter vereint \u2013 wie eine Erinnerung an einen warmen Sommertag im Rosengarten.<\/p><p class=\"p2\"><b>Ein Hauch Sommer f\u00fcr die k\u00fchleren Tage<br \/><\/b>Im Mittelpunkt von odoro ros\u00e9 steht die Rose. Ihr intensiver, unverwechselbarer Duft verleiht dem neuen Eau de Cologne seinen floralen und sinnlichen Charakter. F\u00fcr die anspruchsvolle Duftkomposition kommen ausschlie\u00dflich hochwertige \u00d6le zum Einsatz, die odoro ros\u00e9 EAU DE COLOGNE seine besondere Tiefe und Eleganz verleihen.<\/p><p class=\"p2\"><b>Aus odoro wird odoro classic<br \/><\/b>Mit der Einf\u00fchrung von odoro ros\u00e9 EAU DE COLOGNE bekommt auch der bisherige CULUMNATURA\u00ae Duft einen neuen Namen: das bekannte <b>odoro EAU DE COLOGNE<\/b> hei\u00dft k\u00fcnftig <b>odoro classic EAU DE COLOGNE<\/b>. F\u00fcr langj\u00e4hrige Liebhaber des Duftes bleibt die<b> bew\u00e4hrte Rezeptur nat\u00fcrlich und unver\u00e4ndert.<\/b><\/p><p class=\"p2\">So l\u00e4sst sich der Sommer dieses Jahr vielleicht doch ein kleines bisschen verl\u00e4ngern.<\/p>\t\t\t\t\t\t\t\t<\/div>\n\t\t\t\t<\/div>\n\t\t\t\t\t<\/div>\n\t\t\t\t<\/div>\n\t\t<div class=\"elementor-element elementor-element-a444966 e-flex e-con-boxed e-con e-parent\" data-id=\"a444966\" data-element_type=\"container\" data-e-type=\"container\">\n\t\t\t\t\t<div class=\"e-con-inner\">\n\t\t\t\t<div class=\"elementor-element elementor-element-2b1ce15 elementor-widget elementor-widget-image\" data-id=\"2b1ce15\" data-element_type=\"widget\" data-e-type=\"widget\" data-widget_type=\"image.default\">\n\t\t\t\t<div class=\"elementor-widget-container\">\n\t\t\t\t\t\t\t\t\t\t\t\t\t\t\t<img decoding=\"async\" width=\"640\" height=\"344\" src=\"https:\/\/www.deroesterreichischefriseur.at\/wp-content\/uploads\/2026\/09\/culumduftweb.png\" class=\"attachment-large size-large wp-image-3141\" alt=\"\" srcset=\"https:\/\/www.deroesterreichischefriseur.at\/wp-content\/uploads\/2026\/09\/culumduftweb.png 1024w, https:\/\/www.deroesterreichischefriseur.at\/wp-content\/uploads\/2026\/09\/culumduftweb-300x161.png 300w, https:\/\/www.deroesterreichischefriseur.at\/wp-content\/uploads\/2026\/09\/culumduftweb-768x413.png 768w\" sizes=\"(max-width: 640px) 100vw, 640px\" \/>\t\t\t\t\t\t\t\t\t\t\t\t\t\t\t<\/div>\n\t\t\t\t<\/div>\n\t\t\t\t\t<\/div>\n\t\t\t\t<\/div>\n\t\t\t\t<\/div>\n\t\t","protected":false},"excerpt":{"rendered":"<p>CULUMNATURA\u00ae erweitert seine Duftwelt um ein neues, sinnlich-blumiges EAU DE COLOGNE Wenn die Tage langsam k\u00fcrzer werden und der Herbst vor der T\u00fcr steht, darf uns der Duft des Sommers ruhig noch ein wenig l\u00e4nger begleiten. Mit dem neuen odoro ros\u00e9 EAU DE COLOGNE bringt CULUMNATURA\u00ae eine hochwertige Duftkomposition auf den Markt, die intensive Rosennoten und einen sinnlich-blumigen Charakter vereint \u2013 wie eine Erinnerung an einen warmen Sommertag im Rosengarten.&hellip;<\/p>\n","protected":false},"author":1,"featured_media":3141,"comment_status":"closed","ping_status":"closed","sticky":false,"template":"","format":"standard","meta":{"footnotes":""},"categories":[15],"tags":[],"class_list":["post-3138","post","type-post","status-publish","format-standard","has-post-thumbnail","hentry","category-firmennews"],"_links":{"self":[{"href":"https:\/\/www.deroesterreichischefriseur.at\/index.php?rest_route=\/wp\/v2\/posts\/3138","targetHints":{"allow":["GET"]}}],"collection":[{"href":"https:\/\/www.deroesterreichischefriseur.at\/index.php?rest_route=\/wp\/v2\/posts"}],"about":[{"href":"https:\/\/www.deroesterreichischefriseur.at\/index.php?rest_route=\/wp\/v2\/types\/post"}],"author":[{"embeddable":true,"href":"https:\/\/www.deroesterreichischefriseur.at\/index.php?rest_route=\/wp\/v2\/users\/1"}],"replies":[{"embeddable":true,"href":"https:\/\/www.deroesterreichischefriseur.at\/index.php?rest_route=%2Fwp%2Fv2%2Fcomments&post=3138"}],"version-history":[{"count":4,"href":"https:\/\/www.deroesterreichischefriseur.at\/index.php?rest_route=\/wp\/v2\/posts\/3138\/revisions"}],"predecessor-version":[{"id":3144,"href":"https:\/\/www.deroesterreichischefriseur.at\/index.php?rest_route=\/wp\/v2\/posts\/3138\/revisions\/3144"}],"wp:featuredmedia":[{"embeddable":true,"href":"https:\/\/www.deroesterreichischefriseur.at\/index.php?rest_route=\/wp\/v2\/media\/3141"}],"wp:attachment":[{"href":"https:\/\/www.deroesterreichischefriseur.at\/index.php?rest_route=%2Fwp%2Fv2%2Fmedia&parent=3138"}],"wp:term":[{"taxonomy":"category","embeddable":true,"href":"https:\/\/www.deroesterreichischefriseur.at\/index.php?rest_route=%2Fwp%2Fv2%2Fcategories&post=3138"},{"taxonomy":"post_tag","embeddable":true,"href":"https:\/\/www.deroesterreichischefriseur.at\/index.php?rest_route=%2Fwp%2Fv2%2Ftags&post=3138"}],"curies":[{"name":"wp","href":"https:\/\/api.w.org\/{rel}","templated":true}]}}