{"id":870,"date":"2023-10-16T20:12:38","date_gmt":"2023-10-16T18:12:38","guid":{"rendered":"http:\/\/212.236.20.45\/?p=870"},"modified":"2023-10-16T20:12:38","modified_gmt":"2023-10-16T18:12:38","slug":"paul-mitchell-hair-camp-hamburg-ein-tag-voller-innovation-und-kreativitaet","status":"publish","type":"post","link":"http:\/\/www.deroesterreichischefriseur.at\/?p=870","title":{"rendered":"Paul Mitchell\u00ae\u00a0Hair Camp Hamburg: ein Tag voller Innovation und Kreativit\u00e4t"},"content":{"rendered":"\n<p>100 Friseure aus Deutschland und \u00d6sterreich trafen sich Anfang Juli zum Paul Mitchell\u00ae\u00a0Hair Camp Hamburg. Die Veranstaltung fand im\u00a0<strong>Hamburger Ding,\u00a0<\/strong>einem Lifestyle- Space mitten auf der Reeperbahn, statt und sorgte schon von Weitem f\u00fcr Aufsehen: Auf einer 85 m2 gro\u00dfen LED-Wand prangte das Paul Mitchell\u00ae-Logo sehr pr\u00e4sent \u00fcber der ber\u00fchmten Partymeile.<\/p>\n\n\n\n<p>Das Paul Mitchell\u00ae\u00a0Team Nord lud ein und freute sich, dass ein gro\u00dfer Teil der Trainer und G\u00e4ste sogar aus \u00d6sterreich angereist war.\u00a0\u201eEs ist ein bisschen wie fr\u00fcher auf Klassenfahrt\u201c, scherzte Alexander Brendel\u00a0vom \u00f6sterreichischen Au\u00dfendienst. Kevin Bau\u00df aus dem Team Nord, war nicht nur f\u00fcr die Vorbereitungen des Gro\u00dfevents prim\u00e4r verantwortlich\u00a0\u2013\u00a0als Hamburger Local gab er am Vorabend des Hair Camps eine F\u00fchrung\u00fcber die Reeperbahn: \u201eDen Friseuren nach dem ganzen Aufbau- und Vorbereitungsstress MEIN Hamburg zeigen zu k\u00f6nnen, ist f\u00fcr mich Entspannung und gute Laune pur.\u201c<\/p>\n\n\n\n<p>Am Hair Camp Tag wurden die G\u00e4ste nach der Begr\u00fc\u00dfung in f\u00fcnf Gruppen aufgeteilt. Ausgestattet mit Laufkarten nahmen die Teams in einer festgelegten Rotation an f\u00fcnf einst\u00fcndigen Kursen teil. Das Motto \u201eHave\u00a0fun\u00a0at Work\u201c\u00a0zog sich durch alle Klassen: Im ersten Stock zeigten Michele und Pino Grasso (MITO Hairgroup, zwei Salons in Hamburg) den englischen\u00a0\u201eBrilliant Cut\u201c\u00a0mit italienischem Flair. Von Jochen Becker (Friseur J. Becker, Barrien) lernten die Friseure alles \u00fcber emotionales Verkaufen und enge Kundenbindung. Die Trainer Matthias D\u00fcbbelde und Mike Niemeyer (Hair Club, Ramsloh und Papenburg) schulten die K\u00f6nigsdisziplin Blond und das innovative Bond-Building- System Paul Mitchell\u00ae\u00a0Bond Rx. Ulrike Schwarze und Isabella Rarog (HairSpa Hamburg East, Hamburg) pr\u00e4sentierten den neuesten Zuwachs der Paul Mitchell\u00ae\u00a0Familie: die Flaunt Tape Extensions. Passend dazu erhielten die Teilnehmer Tipps von Katharina und Lisa Bedrava (einzigHAARig, Katzelsdorf, AT) f\u00fcr kreative, elegante oder l\u00e4ssige Langhaarfrisuren.<\/p>\n\n\n\n<!--more-->\n\n\n\n<p>Nach f\u00fcnf Stunden geballtem Input feierten die G\u00e4ste, Trainer und Organisatoren gemeinsam auf der Dachterrasse des Hamburger Dings. Bei Gegrilltem und k\u00fchlen Drinks herrschte eine ausgelassene Stimmung, die den Tag perfekt abrundete. Arne Beyer, Chef der Handelsagentur im Norden, lie\u00df seiner Freude \u00fcber das gelungene Event in einem Instagram-Posting freien Lauf:\u00a0\u201eWenn\u00a0Du es Dir vorstellen kannst, kannst Du es auch umsetzen! Vielen Dank an \u00fcber 100 Teilnehmer. F\u00fcnf Klassen mit Cut, Color, Hochstecken, Extensions und Business durchliefen unsere Teilnehmer des ersten Hair Camps Hamburg! Have fun at work meets Education is the Key!\u00a0\u201c<\/p>\n\n\n\n<div class=\"wp-block-envira-envira-gallery\"><div id=\"envira-gallery-wrap-871\" class=\"envira-gallery-wrap envira-lazy-loading-enabled envira-layout-automatic\" itemscope itemtype=\"https:\/\/schema.org\/ImageGallery\"><div class=\"envira-loader\"><div><\/div><div><\/div><div><\/div><div><\/div><\/div><div id=\"envira-gallery-871\" class=\"envira-gallery-public envira-gallery-0-columns envira-clear envira-gallery-justified-public\" data-envira-id=\"871\" data-gallery-config='{\"type\":\"default\",\"columns\":\"0\",\"gallery_theme\":\"base\",\"crop_width\":640,\"crop_height\":480,\"crop\":0,\"justified_margins\":1,\"lazy_loading\":1,\"lazy_loading_delay\":500,\"gutter\":1,\"margin\":1,\"image_size\":\"default\",\"justified_row_height\":150,\"lightbox_enabled\":1,\"gallery_link_enabled\":0,\"lightbox_theme\":\"base\",\"lightbox_image_size\":\"default\",\"title_display\":\"float\",\"classes\":[\"\"],\"rtl\":0,\"title\":\"\",\"slug\":\"paul-mitchell-hair-camp-hamburg\",\"layout\":\"automatic\",\"gallery_id\":\"871\"}' data-gallery-images='[{\"status\":\"active\",\"src\":\"http:\\\/\\\/www.deroesterreichischefriseur.at\\\/wp-content\\\/uploads\\\/2023\\\/10\\\/Collage_Hair-Camp-Hamburg.jpg\",\"title\":\"Collage_Hair Camp Hamburg\",\"link\":\"http:\\\/\\\/212.236.20.45\\\/wp-content\\\/uploads\\\/2023\\\/10\\\/Collage_Hair-Camp-Hamburg.jpg\",\"alt\":\"\",\"caption\":false,\"thumb\":\"http:\\\/\\\/www.deroesterreichischefriseur.at\\\/wp-content\\\/uploads\\\/2023\\\/10\\\/Collage_Hair-Camp-Hamburg-75x50_c.jpg\",\"meta\":{\"aperture\":null,\"credit\":null,\"camera\":null,\"caption\":\"\",\"created_timestamp\":null,\"copyright\":null,\"focal_length\":null,\"iso\":null,\"shutter_speed\":null,\"title\":\"\",\"orientation\":\"1\",\"keywords\":null,\"resized_images\":null},\"thumbnail\":\"http:\\\/\\\/www.deroesterreichischefriseur.at\\\/wp-content\\\/uploads\\\/2023\\\/10\\\/Collage_Hair-Camp-Hamburg-150x150.jpg\",\"medium\":\"http:\\\/\\\/www.deroesterreichischefriseur.at\\\/wp-content\\\/uploads\\\/2023\\\/10\\\/Collage_Hair-Camp-Hamburg-300x240.jpg\",\"medium_large\":\"http:\\\/\\\/www.deroesterreichischefriseur.at\\\/wp-content\\\/uploads\\\/2023\\\/10\\\/Collage_Hair-Camp-Hamburg-768x614.jpg\",\"large\":\"http:\\\/\\\/www.deroesterreichischefriseur.at\\\/wp-content\\\/uploads\\\/2023\\\/10\\\/Collage_Hair-Camp-Hamburg-1024x819.jpg\",\"1536x1536\":\"http:\\\/\\\/www.deroesterreichischefriseur.at\\\/wp-content\\\/uploads\\\/2023\\\/10\\\/Collage_Hair-Camp-Hamburg.jpg\",\"2048x2048\":\"http:\\\/\\\/www.deroesterreichischefriseur.at\\\/wp-content\\\/uploads\\\/2023\\\/10\\\/Collage_Hair-Camp-Hamburg.jpg\",\"purea-magazine-slider-posts\":\"http:\\\/\\\/www.deroesterreichischefriseur.at\\\/wp-content\\\/uploads\\\/2023\\\/10\\\/Collage_Hair-Camp-Hamburg-1280x500.jpg\",\"purea-magazine-posts\":\"http:\\\/\\\/www.deroesterreichischefriseur.at\\\/wp-content\\\/uploads\\\/2023\\\/10\\\/Collage_Hair-Camp-Hamburg-765x500.jpg\",\"purea-magazine-posts-thumb\":\"http:\\\/\\\/www.deroesterreichischefriseur.at\\\/wp-content\\\/uploads\\\/2023\\\/10\\\/Collage_Hair-Camp-Hamburg-150x100.jpg\",\"full\":\"http:\\\/\\\/www.deroesterreichischefriseur.at\\\/wp-content\\\/uploads\\\/2023\\\/10\\\/Collage_Hair-Camp-Hamburg.jpg\",\"index\":0,\"id\":872,\"video\":false,\"opts\":{\"caption\":\"\",\"thumb\":\"http:\\\/\\\/www.deroesterreichischefriseur.at\\\/wp-content\\\/uploads\\\/2023\\\/10\\\/Collage_Hair-Camp-Hamburg-75x50_c.jpg\",\"title\":\"Collage_Hair Camp Hamburg\"},\"gallery_id\":\"871\"},{\"status\":\"active\",\"src\":\"http:\\\/\\\/www.deroesterreichischefriseur.at\\\/wp-content\\\/uploads\\\/2023\\\/10\\\/DSC03400.jpg\",\"title\":\"DSC03400\",\"link\":\"http:\\\/\\\/212.236.20.45\\\/wp-content\\\/uploads\\\/2023\\\/10\\\/DSC03400.jpg\",\"alt\":\"\",\"caption\":false,\"thumb\":\"http:\\\/\\\/www.deroesterreichischefriseur.at\\\/wp-content\\\/uploads\\\/2023\\\/10\\\/DSC03400-75x50_c.jpg\",\"meta\":{\"aperture\":\"2\",\"credit\":null,\"camera\":\"ILCE-7M3\",\"caption\":\"\",\"created_timestamp\":\"1688296382\",\"copyright\":null,\"focal_length\":\"35\",\"iso\":\"500\",\"shutter_speed\":\"0.01\",\"title\":\"\",\"orientation\":\"1\",\"keywords\":null,\"resized_images\":null},\"thumbnail\":\"http:\\\/\\\/www.deroesterreichischefriseur.at\\\/wp-content\\\/uploads\\\/2023\\\/10\\\/DSC03400-150x150.jpg\",\"medium\":\"http:\\\/\\\/www.deroesterreichischefriseur.at\\\/wp-content\\\/uploads\\\/2023\\\/10\\\/DSC03400-213x300.jpg\",\"medium_large\":\"http:\\\/\\\/www.deroesterreichischefriseur.at\\\/wp-content\\\/uploads\\\/2023\\\/10\\\/DSC03400-768x1084.jpg\",\"large\":\"http:\\\/\\\/www.deroesterreichischefriseur.at\\\/wp-content\\\/uploads\\\/2023\\\/10\\\/DSC03400-726x1024.jpg\",\"1536x1536\":\"http:\\\/\\\/www.deroesterreichischefriseur.at\\\/wp-content\\\/uploads\\\/2023\\\/10\\\/DSC03400.jpg\",\"2048x2048\":\"http:\\\/\\\/www.deroesterreichischefriseur.at\\\/wp-content\\\/uploads\\\/2023\\\/10\\\/DSC03400.jpg\",\"purea-magazine-slider-posts\":\"http:\\\/\\\/www.deroesterreichischefriseur.at\\\/wp-content\\\/uploads\\\/2023\\\/10\\\/DSC03400-805x500.jpg\",\"purea-magazine-posts\":\"http:\\\/\\\/www.deroesterreichischefriseur.at\\\/wp-content\\\/uploads\\\/2023\\\/10\\\/DSC03400-765x500.jpg\",\"purea-magazine-posts-thumb\":\"http:\\\/\\\/www.deroesterreichischefriseur.at\\\/wp-content\\\/uploads\\\/2023\\\/10\\\/DSC03400-150x100.jpg\",\"full\":\"http:\\\/\\\/www.deroesterreichischefriseur.at\\\/wp-content\\\/uploads\\\/2023\\\/10\\\/DSC03400.jpg\",\"index\":1,\"id\":874,\"video\":false,\"opts\":{\"caption\":\"\",\"thumb\":\"http:\\\/\\\/www.deroesterreichischefriseur.at\\\/wp-content\\\/uploads\\\/2023\\\/10\\\/DSC03400-75x50_c.jpg\",\"title\":\"DSC03400\"},\"gallery_id\":\"871\"},{\"status\":\"active\",\"src\":\"http:\\\/\\\/www.deroesterreichischefriseur.at\\\/wp-content\\\/uploads\\\/2023\\\/10\\\/DSC03509.jpg\",\"title\":\"DSC03509\",\"link\":\"http:\\\/\\\/212.236.20.45\\\/wp-content\\\/uploads\\\/2023\\\/10\\\/DSC03509.jpg\",\"alt\":\"\",\"caption\":false,\"thumb\":\"http:\\\/\\\/www.deroesterreichischefriseur.at\\\/wp-content\\\/uploads\\\/2023\\\/10\\\/DSC03509-75x50_c.jpg\",\"meta\":{\"aperture\":\"2\",\"credit\":null,\"camera\":\"ILCE-7M3\",\"caption\":\"\",\"created_timestamp\":\"1688297376\",\"copyright\":null,\"focal_length\":\"35\",\"iso\":\"400\",\"shutter_speed\":\"0.0025\",\"title\":\"\",\"orientation\":\"1\",\"keywords\":null,\"resized_images\":null},\"thumbnail\":\"http:\\\/\\\/www.deroesterreichischefriseur.at\\\/wp-content\\\/uploads\\\/2023\\\/10\\\/DSC03509-150x150.jpg\",\"medium\":\"http:\\\/\\\/www.deroesterreichischefriseur.at\\\/wp-content\\\/uploads\\\/2023\\\/10\\\/DSC03509-300x200.jpg\",\"medium_large\":\"http:\\\/\\\/www.deroesterreichischefriseur.at\\\/wp-content\\\/uploads\\\/2023\\\/10\\\/DSC03509-768x512.jpg\",\"large\":\"http:\\\/\\\/www.deroesterreichischefriseur.at\\\/wp-content\\\/uploads\\\/2023\\\/10\\\/DSC03509-1024x682.jpg\",\"1536x1536\":\"http:\\\/\\\/www.deroesterreichischefriseur.at\\\/wp-content\\\/uploads\\\/2023\\\/10\\\/DSC03509.jpg\",\"2048x2048\":\"http:\\\/\\\/www.deroesterreichischefriseur.at\\\/wp-content\\\/uploads\\\/2023\\\/10\\\/DSC03509.jpg\",\"purea-magazine-slider-posts\":\"http:\\\/\\\/www.deroesterreichischefriseur.at\\\/wp-content\\\/uploads\\\/2023\\\/10\\\/DSC03509-1280x500.jpg\",\"purea-magazine-posts\":\"http:\\\/\\\/www.deroesterreichischefriseur.at\\\/wp-content\\\/uploads\\\/2023\\\/10\\\/DSC03509-765x500.jpg\",\"purea-magazine-posts-thumb\":\"http:\\\/\\\/www.deroesterreichischefriseur.at\\\/wp-content\\\/uploads\\\/2023\\\/10\\\/DSC03509-150x100.jpg\",\"full\":\"http:\\\/\\\/www.deroesterreichischefriseur.at\\\/wp-content\\\/uploads\\\/2023\\\/10\\\/DSC03509.jpg\",\"index\":2,\"id\":875,\"video\":false,\"opts\":{\"caption\":\"\",\"thumb\":\"http:\\\/\\\/www.deroesterreichischefriseur.at\\\/wp-content\\\/uploads\\\/2023\\\/10\\\/DSC03509-75x50_c.jpg\",\"title\":\"DSC03509\"},\"gallery_id\":\"871\"},{\"status\":\"active\",\"src\":\"http:\\\/\\\/www.deroesterreichischefriseur.at\\\/wp-content\\\/uploads\\\/2023\\\/10\\\/DSC03570.jpg\",\"title\":\"DSC03570\",\"link\":\"http:\\\/\\\/212.236.20.45\\\/wp-content\\\/uploads\\\/2023\\\/10\\\/DSC03570.jpg\",\"alt\":\"\",\"caption\":false,\"thumb\":\"http:\\\/\\\/www.deroesterreichischefriseur.at\\\/wp-content\\\/uploads\\\/2023\\\/10\\\/DSC03570-75x50_c.jpg\",\"meta\":{\"aperture\":\"2\",\"credit\":null,\"camera\":\"ILCE-7M3\",\"caption\":\"\",\"created_timestamp\":\"1688313106\",\"copyright\":null,\"focal_length\":\"35\",\"iso\":\"125\",\"shutter_speed\":\"0.01\",\"title\":\"\",\"orientation\":\"1\",\"keywords\":null,\"resized_images\":null},\"thumbnail\":\"http:\\\/\\\/www.deroesterreichischefriseur.at\\\/wp-content\\\/uploads\\\/2023\\\/10\\\/DSC03570-150x150.jpg\",\"medium\":\"http:\\\/\\\/www.deroesterreichischefriseur.at\\\/wp-content\\\/uploads\\\/2023\\\/10\\\/DSC03570-300x200.jpg\",\"medium_large\":\"http:\\\/\\\/www.deroesterreichischefriseur.at\\\/wp-content\\\/uploads\\\/2023\\\/10\\\/DSC03570-768x512.jpg\",\"large\":\"http:\\\/\\\/www.deroesterreichischefriseur.at\\\/wp-content\\\/uploads\\\/2023\\\/10\\\/DSC03570-1024x682.jpg\",\"1536x1536\":\"http:\\\/\\\/www.deroesterreichischefriseur.at\\\/wp-content\\\/uploads\\\/2023\\\/10\\\/DSC03570.jpg\",\"2048x2048\":\"http:\\\/\\\/www.deroesterreichischefriseur.at\\\/wp-content\\\/uploads\\\/2023\\\/10\\\/DSC03570.jpg\",\"purea-magazine-slider-posts\":\"http:\\\/\\\/www.deroesterreichischefriseur.at\\\/wp-content\\\/uploads\\\/2023\\\/10\\\/DSC03570-1280x500.jpg\",\"purea-magazine-posts\":\"http:\\\/\\\/www.deroesterreichischefriseur.at\\\/wp-content\\\/uploads\\\/2023\\\/10\\\/DSC03570-765x500.jpg\",\"purea-magazine-posts-thumb\":\"http:\\\/\\\/www.deroesterreichischefriseur.at\\\/wp-content\\\/uploads\\\/2023\\\/10\\\/DSC03570-150x100.jpg\",\"full\":\"http:\\\/\\\/www.deroesterreichischefriseur.at\\\/wp-content\\\/uploads\\\/2023\\\/10\\\/DSC03570.jpg\",\"index\":3,\"id\":876,\"video\":false,\"opts\":{\"caption\":\"\",\"thumb\":\"http:\\\/\\\/www.deroesterreichischefriseur.at\\\/wp-content\\\/uploads\\\/2023\\\/10\\\/DSC03570-75x50_c.jpg\",\"title\":\"DSC03570\"},\"gallery_id\":\"871\"},{\"status\":\"active\",\"src\":\"http:\\\/\\\/www.deroesterreichischefriseur.at\\\/wp-content\\\/uploads\\\/2023\\\/10\\\/DSC03601.jpg\",\"title\":\"DSC03601\",\"link\":\"http:\\\/\\\/212.236.20.45\\\/wp-content\\\/uploads\\\/2023\\\/10\\\/DSC03601.jpg\",\"alt\":\"\",\"caption\":false,\"thumb\":\"http:\\\/\\\/www.deroesterreichischefriseur.at\\\/wp-content\\\/uploads\\\/2023\\\/10\\\/DSC03601-75x50_c.jpg\",\"meta\":{\"aperture\":\"2\",\"credit\":null,\"camera\":\"ILCE-7M3\",\"caption\":\"\",\"created_timestamp\":\"1688313449\",\"copyright\":null,\"focal_length\":\"85\",\"iso\":\"100\",\"shutter_speed\":\"0.01\",\"title\":\"\",\"orientation\":\"1\",\"keywords\":null,\"resized_images\":null},\"thumbnail\":\"http:\\\/\\\/www.deroesterreichischefriseur.at\\\/wp-content\\\/uploads\\\/2023\\\/10\\\/DSC03601-150x150.jpg\",\"medium\":\"http:\\\/\\\/www.deroesterreichischefriseur.at\\\/wp-content\\\/uploads\\\/2023\\\/10\\\/DSC03601-200x300.jpg\",\"medium_large\":\"http:\\\/\\\/www.deroesterreichischefriseur.at\\\/wp-content\\\/uploads\\\/2023\\\/10\\\/DSC03601-768x1152.jpg\",\"large\":\"http:\\\/\\\/www.deroesterreichischefriseur.at\\\/wp-content\\\/uploads\\\/2023\\\/10\\\/DSC03601-682x1024.jpg\",\"1536x1536\":\"http:\\\/\\\/www.deroesterreichischefriseur.at\\\/wp-content\\\/uploads\\\/2023\\\/10\\\/DSC03601.jpg\",\"2048x2048\":\"http:\\\/\\\/www.deroesterreichischefriseur.at\\\/wp-content\\\/uploads\\\/2023\\\/10\\\/DSC03601.jpg\",\"purea-magazine-slider-posts\":\"http:\\\/\\\/www.deroesterreichischefriseur.at\\\/wp-content\\\/uploads\\\/2023\\\/10\\\/DSC03601-853x500.jpg\",\"purea-magazine-posts\":\"http:\\\/\\\/www.deroesterreichischefriseur.at\\\/wp-content\\\/uploads\\\/2023\\\/10\\\/DSC03601-765x500.jpg\",\"purea-magazine-posts-thumb\":\"http:\\\/\\\/www.deroesterreichischefriseur.at\\\/wp-content\\\/uploads\\\/2023\\\/10\\\/DSC03601-150x100.jpg\",\"full\":\"http:\\\/\\\/www.deroesterreichischefriseur.at\\\/wp-content\\\/uploads\\\/2023\\\/10\\\/DSC03601.jpg\",\"index\":4,\"id\":877,\"video\":false,\"opts\":{\"caption\":\"\",\"thumb\":\"http:\\\/\\\/www.deroesterreichischefriseur.at\\\/wp-content\\\/uploads\\\/2023\\\/10\\\/DSC03601-75x50_c.jpg\",\"title\":\"DSC03601\"},\"gallery_id\":\"871\"},{\"status\":\"active\",\"src\":\"http:\\\/\\\/www.deroesterreichischefriseur.at\\\/wp-content\\\/uploads\\\/2023\\\/10\\\/DSC03648.jpg\",\"title\":\"DSC03648\",\"link\":\"http:\\\/\\\/212.236.20.45\\\/wp-content\\\/uploads\\\/2023\\\/10\\\/DSC03648.jpg\",\"alt\":\"\",\"caption\":false,\"thumb\":\"http:\\\/\\\/www.deroesterreichischefriseur.at\\\/wp-content\\\/uploads\\\/2023\\\/10\\\/DSC03648-75x50_c.jpg\",\"meta\":{\"aperture\":\"1.8\",\"credit\":null,\"camera\":\"ILCE-7M3\",\"caption\":\"\",\"created_timestamp\":\"1688313768\",\"copyright\":null,\"focal_length\":\"85\",\"iso\":\"100\",\"shutter_speed\":\"0.01\",\"title\":\"\",\"orientation\":\"1\",\"keywords\":null,\"resized_images\":null},\"thumbnail\":\"http:\\\/\\\/www.deroesterreichischefriseur.at\\\/wp-content\\\/uploads\\\/2023\\\/10\\\/DSC03648-150x150.jpg\",\"medium\":\"http:\\\/\\\/www.deroesterreichischefriseur.at\\\/wp-content\\\/uploads\\\/2023\\\/10\\\/DSC03648-300x200.jpg\",\"medium_large\":\"http:\\\/\\\/www.deroesterreichischefriseur.at\\\/wp-content\\\/uploads\\\/2023\\\/10\\\/DSC03648-768x512.jpg\",\"large\":\"http:\\\/\\\/www.deroesterreichischefriseur.at\\\/wp-content\\\/uploads\\\/2023\\\/10\\\/DSC03648-1024x682.jpg\",\"1536x1536\":\"http:\\\/\\\/www.deroesterreichischefriseur.at\\\/wp-content\\\/uploads\\\/2023\\\/10\\\/DSC03648.jpg\",\"2048x2048\":\"http:\\\/\\\/www.deroesterreichischefriseur.at\\\/wp-content\\\/uploads\\\/2023\\\/10\\\/DSC03648.jpg\",\"purea-magazine-slider-posts\":\"http:\\\/\\\/www.deroesterreichischefriseur.at\\\/wp-content\\\/uploads\\\/2023\\\/10\\\/DSC03648-1280x500.jpg\",\"purea-magazine-posts\":\"http:\\\/\\\/www.deroesterreichischefriseur.at\\\/wp-content\\\/uploads\\\/2023\\\/10\\\/DSC03648-765x500.jpg\",\"purea-magazine-posts-thumb\":\"http:\\\/\\\/www.deroesterreichischefriseur.at\\\/wp-content\\\/uploads\\\/2023\\\/10\\\/DSC03648-150x100.jpg\",\"full\":\"http:\\\/\\\/www.deroesterreichischefriseur.at\\\/wp-content\\\/uploads\\\/2023\\\/10\\\/DSC03648.jpg\",\"index\":5,\"id\":878,\"video\":false,\"opts\":{\"caption\":\"\",\"thumb\":\"http:\\\/\\\/www.deroesterreichischefriseur.at\\\/wp-content\\\/uploads\\\/2023\\\/10\\\/DSC03648-75x50_c.jpg\",\"title\":\"DSC03648\"},\"gallery_id\":\"871\"},{\"status\":\"active\",\"src\":\"http:\\\/\\\/www.deroesterreichischefriseur.at\\\/wp-content\\\/uploads\\\/2023\\\/10\\\/DSC03732.jpg\",\"title\":\"DSC03732\",\"link\":\"http:\\\/\\\/212.236.20.45\\\/wp-content\\\/uploads\\\/2023\\\/10\\\/DSC03732.jpg\",\"alt\":\"\",\"caption\":false,\"thumb\":\"http:\\\/\\\/www.deroesterreichischefriseur.at\\\/wp-content\\\/uploads\\\/2023\\\/10\\\/DSC03732-75x50_c.jpg\",\"meta\":{\"aperture\":\"2.8\",\"credit\":null,\"camera\":\"ILCE-7M3\",\"caption\":\"\",\"created_timestamp\":\"1688318097\",\"copyright\":null,\"focal_length\":\"35\",\"iso\":\"250\",\"shutter_speed\":\"0.000625\",\"title\":\"\",\"orientation\":\"1\",\"keywords\":null,\"resized_images\":null},\"thumbnail\":\"http:\\\/\\\/www.deroesterreichischefriseur.at\\\/wp-content\\\/uploads\\\/2023\\\/10\\\/DSC03732-150x150.jpg\",\"medium\":\"http:\\\/\\\/www.deroesterreichischefriseur.at\\\/wp-content\\\/uploads\\\/2023\\\/10\\\/DSC03732-300x242.jpg\",\"medium_large\":\"http:\\\/\\\/www.deroesterreichischefriseur.at\\\/wp-content\\\/uploads\\\/2023\\\/10\\\/DSC03732-768x620.jpg\",\"large\":\"http:\\\/\\\/www.deroesterreichischefriseur.at\\\/wp-content\\\/uploads\\\/2023\\\/10\\\/DSC03732.jpg\",\"1536x1536\":\"http:\\\/\\\/www.deroesterreichischefriseur.at\\\/wp-content\\\/uploads\\\/2023\\\/10\\\/DSC03732.jpg\",\"2048x2048\":\"http:\\\/\\\/www.deroesterreichischefriseur.at\\\/wp-content\\\/uploads\\\/2023\\\/10\\\/DSC03732.jpg\",\"purea-magazine-slider-posts\":\"http:\\\/\\\/www.deroesterreichischefriseur.at\\\/wp-content\\\/uploads\\\/2023\\\/10\\\/DSC03732-960x500.jpg\",\"purea-magazine-posts\":\"http:\\\/\\\/www.deroesterreichischefriseur.at\\\/wp-content\\\/uploads\\\/2023\\\/10\\\/DSC03732-765x500.jpg\",\"purea-magazine-posts-thumb\":\"http:\\\/\\\/www.deroesterreichischefriseur.at\\\/wp-content\\\/uploads\\\/2023\\\/10\\\/DSC03732-150x100.jpg\",\"full\":\"http:\\\/\\\/www.deroesterreichischefriseur.at\\\/wp-content\\\/uploads\\\/2023\\\/10\\\/DSC03732.jpg\",\"index\":6,\"id\":880,\"video\":false,\"opts\":{\"caption\":\"\",\"thumb\":\"http:\\\/\\\/www.deroesterreichischefriseur.at\\\/wp-content\\\/uploads\\\/2023\\\/10\\\/DSC03732-75x50_c.jpg\",\"title\":\"DSC03732\"},\"gallery_id\":\"871\"},{\"status\":\"active\",\"src\":\"http:\\\/\\\/www.deroesterreichischefriseur.at\\\/wp-content\\\/uploads\\\/2023\\\/10\\\/DSC03779.jpg\",\"title\":\"DSC03779\",\"link\":\"http:\\\/\\\/212.236.20.45\\\/wp-content\\\/uploads\\\/2023\\\/10\\\/DSC03779.jpg\",\"alt\":\"\",\"caption\":false,\"thumb\":\"http:\\\/\\\/www.deroesterreichischefriseur.at\\\/wp-content\\\/uploads\\\/2023\\\/10\\\/DSC03779-75x50_c.jpg\",\"meta\":{\"aperture\":\"2\",\"credit\":null,\"camera\":\"ILCE-7M3\",\"caption\":\"\",\"created_timestamp\":\"1688318314\",\"copyright\":null,\"focal_length\":\"35\",\"iso\":\"125\",\"shutter_speed\":\"0.000625\",\"title\":\"\",\"orientation\":\"1\",\"keywords\":null,\"resized_images\":null},\"thumbnail\":\"http:\\\/\\\/www.deroesterreichischefriseur.at\\\/wp-content\\\/uploads\\\/2023\\\/10\\\/DSC03779-150x150.jpg\",\"medium\":\"http:\\\/\\\/www.deroesterreichischefriseur.at\\\/wp-content\\\/uploads\\\/2023\\\/10\\\/DSC03779-300x200.jpg\",\"medium_large\":\"http:\\\/\\\/www.deroesterreichischefriseur.at\\\/wp-content\\\/uploads\\\/2023\\\/10\\\/DSC03779-768x512.jpg\",\"large\":\"http:\\\/\\\/www.deroesterreichischefriseur.at\\\/wp-content\\\/uploads\\\/2023\\\/10\\\/DSC03779-1024x682.jpg\",\"1536x1536\":\"http:\\\/\\\/www.deroesterreichischefriseur.at\\\/wp-content\\\/uploads\\\/2023\\\/10\\\/DSC03779.jpg\",\"2048x2048\":\"http:\\\/\\\/www.deroesterreichischefriseur.at\\\/wp-content\\\/uploads\\\/2023\\\/10\\\/DSC03779.jpg\",\"purea-magazine-slider-posts\":\"http:\\\/\\\/www.deroesterreichischefriseur.at\\\/wp-content\\\/uploads\\\/2023\\\/10\\\/DSC03779-1280x500.jpg\",\"purea-magazine-posts\":\"http:\\\/\\\/www.deroesterreichischefriseur.at\\\/wp-content\\\/uploads\\\/2023\\\/10\\\/DSC03779-765x500.jpg\",\"purea-magazine-posts-thumb\":\"http:\\\/\\\/www.deroesterreichischefriseur.at\\\/wp-content\\\/uploads\\\/2023\\\/10\\\/DSC03779-150x100.jpg\",\"full\":\"http:\\\/\\\/www.deroesterreichischefriseur.at\\\/wp-content\\\/uploads\\\/2023\\\/10\\\/DSC03779.jpg\",\"index\":7,\"id\":881,\"video\":false,\"opts\":{\"caption\":\"\",\"thumb\":\"http:\\\/\\\/www.deroesterreichischefriseur.at\\\/wp-content\\\/uploads\\\/2023\\\/10\\\/DSC03779-75x50_c.jpg\",\"title\":\"DSC03779\"},\"gallery_id\":\"871\"},{\"status\":\"active\",\"src\":\"http:\\\/\\\/www.deroesterreichischefriseur.at\\\/wp-content\\\/uploads\\\/2023\\\/10\\\/Fassade_Bild1.jpg\",\"title\":\"Fassade_Bild1\",\"link\":\"http:\\\/\\\/212.236.20.45\\\/wp-content\\\/uploads\\\/2023\\\/10\\\/Fassade_Bild1.jpg\",\"alt\":\"\",\"caption\":false,\"thumb\":\"http:\\\/\\\/www.deroesterreichischefriseur.at\\\/wp-content\\\/uploads\\\/2023\\\/10\\\/Fassade_Bild1-75x50_c.jpg\",\"meta\":{\"aperture\":null,\"credit\":null,\"camera\":null,\"caption\":\"\",\"created_timestamp\":null,\"copyright\":null,\"focal_length\":null,\"iso\":null,\"shutter_speed\":null,\"title\":\"\",\"orientation\":\"1\",\"keywords\":null,\"resized_images\":null},\"thumbnail\":\"http:\\\/\\\/www.deroesterreichischefriseur.at\\\/wp-content\\\/uploads\\\/2023\\\/10\\\/Fassade_Bild1-150x150.jpg\",\"medium\":\"http:\\\/\\\/www.deroesterreichischefriseur.at\\\/wp-content\\\/uploads\\\/2023\\\/10\\\/Fassade_Bild1-292x300.jpg\",\"medium_large\":\"http:\\\/\\\/www.deroesterreichischefriseur.at\\\/wp-content\\\/uploads\\\/2023\\\/10\\\/Fassade_Bild1-768x790.jpg\",\"large\":\"http:\\\/\\\/www.deroesterreichischefriseur.at\\\/wp-content\\\/uploads\\\/2023\\\/10\\\/Fassade_Bild1-996x1024.jpg\",\"1536x1536\":\"http:\\\/\\\/www.deroesterreichischefriseur.at\\\/wp-content\\\/uploads\\\/2023\\\/10\\\/Fassade_Bild1.jpg\",\"2048x2048\":\"http:\\\/\\\/www.deroesterreichischefriseur.at\\\/wp-content\\\/uploads\\\/2023\\\/10\\\/Fassade_Bild1.jpg\",\"purea-magazine-slider-posts\":\"http:\\\/\\\/www.deroesterreichischefriseur.at\\\/wp-content\\\/uploads\\\/2023\\\/10\\\/Fassade_Bild1-1280x500.jpg\",\"purea-magazine-posts\":\"http:\\\/\\\/www.deroesterreichischefriseur.at\\\/wp-content\\\/uploads\\\/2023\\\/10\\\/Fassade_Bild1-765x500.jpg\",\"purea-magazine-posts-thumb\":\"http:\\\/\\\/www.deroesterreichischefriseur.at\\\/wp-content\\\/uploads\\\/2023\\\/10\\\/Fassade_Bild1-150x100.jpg\",\"full\":\"http:\\\/\\\/www.deroesterreichischefriseur.at\\\/wp-content\\\/uploads\\\/2023\\\/10\\\/Fassade_Bild1.jpg\",\"index\":8,\"id\":882,\"video\":false,\"opts\":{\"caption\":\"\",\"thumb\":\"http:\\\/\\\/www.deroesterreichischefriseur.at\\\/wp-content\\\/uploads\\\/2023\\\/10\\\/Fassade_Bild1-75x50_c.jpg\",\"title\":\"Fassade_Bild1\"},\"gallery_id\":\"871\"},{\"status\":\"active\",\"src\":\"http:\\\/\\\/www.deroesterreichischefriseur.at\\\/wp-content\\\/uploads\\\/2023\\\/10\\\/IMG_4159.jpg\",\"title\":\"IMG_4159\",\"link\":\"http:\\\/\\\/212.236.20.45\\\/wp-content\\\/uploads\\\/2023\\\/10\\\/IMG_4159.jpg\",\"alt\":\"\",\"caption\":false,\"thumb\":\"http:\\\/\\\/www.deroesterreichischefriseur.at\\\/wp-content\\\/uploads\\\/2023\\\/10\\\/IMG_4159-75x50_c.jpg\",\"meta\":{\"aperture\":\"4.5\",\"credit\":null,\"camera\":\"Canon EOS RP\",\"caption\":\"\",\"created_timestamp\":\"1688278921\",\"copyright\":null,\"focal_length\":\"35\",\"iso\":\"1250\",\"shutter_speed\":\"0.01\",\"title\":\"\",\"orientation\":\"1\",\"keywords\":null,\"resized_images\":null},\"thumbnail\":\"http:\\\/\\\/www.deroesterreichischefriseur.at\\\/wp-content\\\/uploads\\\/2023\\\/10\\\/IMG_4159-150x150.jpg\",\"medium\":\"http:\\\/\\\/www.deroesterreichischefriseur.at\\\/wp-content\\\/uploads\\\/2023\\\/10\\\/IMG_4159-300x200.jpg\",\"medium_large\":\"http:\\\/\\\/www.deroesterreichischefriseur.at\\\/wp-content\\\/uploads\\\/2023\\\/10\\\/IMG_4159-768x512.jpg\",\"large\":\"http:\\\/\\\/www.deroesterreichischefriseur.at\\\/wp-content\\\/uploads\\\/2023\\\/10\\\/IMG_4159-1024x682.jpg\",\"1536x1536\":\"http:\\\/\\\/www.deroesterreichischefriseur.at\\\/wp-content\\\/uploads\\\/2023\\\/10\\\/IMG_4159.jpg\",\"2048x2048\":\"http:\\\/\\\/www.deroesterreichischefriseur.at\\\/wp-content\\\/uploads\\\/2023\\\/10\\\/IMG_4159.jpg\",\"purea-magazine-slider-posts\":\"http:\\\/\\\/www.deroesterreichischefriseur.at\\\/wp-content\\\/uploads\\\/2023\\\/10\\\/IMG_4159-1280x500.jpg\",\"purea-magazine-posts\":\"http:\\\/\\\/www.deroesterreichischefriseur.at\\\/wp-content\\\/uploads\\\/2023\\\/10\\\/IMG_4159-765x500.jpg\",\"purea-magazine-posts-thumb\":\"http:\\\/\\\/www.deroesterreichischefriseur.at\\\/wp-content\\\/uploads\\\/2023\\\/10\\\/IMG_4159-150x100.jpg\",\"full\":\"http:\\\/\\\/www.deroesterreichischefriseur.at\\\/wp-content\\\/uploads\\\/2023\\\/10\\\/IMG_4159.jpg\",\"index\":9,\"id\":883,\"video\":false,\"opts\":{\"caption\":\"\",\"thumb\":\"http:\\\/\\\/www.deroesterreichischefriseur.at\\\/wp-content\\\/uploads\\\/2023\\\/10\\\/IMG_4159-75x50_c.jpg\",\"title\":\"IMG_4159\"},\"gallery_id\":\"871\"},{\"status\":\"active\",\"src\":\"http:\\\/\\\/www.deroesterreichischefriseur.at\\\/wp-content\\\/uploads\\\/2023\\\/10\\\/DSC03697.jpg\",\"title\":\"DSC03697\",\"link\":\"http:\\\/\\\/212.236.20.45\\\/wp-content\\\/uploads\\\/2023\\\/10\\\/DSC03697.jpg\",\"alt\":\"\",\"caption\":false,\"thumb\":\"http:\\\/\\\/www.deroesterreichischefriseur.at\\\/wp-content\\\/uploads\\\/2023\\\/10\\\/DSC03697-75x50_c.jpg\",\"meta\":{\"aperture\":\"5\",\"credit\":null,\"camera\":\"ILCE-7M3\",\"caption\":\"\",\"created_timestamp\":\"1688314214\",\"copyright\":null,\"focal_length\":\"35\",\"iso\":\"640\",\"shutter_speed\":\"0.01\",\"title\":\"\",\"orientation\":\"1\",\"keywords\":null,\"resized_images\":null},\"thumbnail\":\"http:\\\/\\\/www.deroesterreichischefriseur.at\\\/wp-content\\\/uploads\\\/2023\\\/10\\\/DSC03697-150x150.jpg\",\"medium\":\"http:\\\/\\\/www.deroesterreichischefriseur.at\\\/wp-content\\\/uploads\\\/2023\\\/10\\\/DSC03697-300x218.jpg\",\"medium_large\":\"http:\\\/\\\/www.deroesterreichischefriseur.at\\\/wp-content\\\/uploads\\\/2023\\\/10\\\/DSC03697-768x558.jpg\",\"large\":\"http:\\\/\\\/www.deroesterreichischefriseur.at\\\/wp-content\\\/uploads\\\/2023\\\/10\\\/DSC03697.jpg\",\"1536x1536\":\"http:\\\/\\\/www.deroesterreichischefriseur.at\\\/wp-content\\\/uploads\\\/2023\\\/10\\\/DSC03697.jpg\",\"2048x2048\":\"http:\\\/\\\/www.deroesterreichischefriseur.at\\\/wp-content\\\/uploads\\\/2023\\\/10\\\/DSC03697.jpg\",\"purea-magazine-slider-posts\":\"http:\\\/\\\/www.deroesterreichischefriseur.at\\\/wp-content\\\/uploads\\\/2023\\\/10\\\/DSC03697-1014x500.jpg\",\"purea-magazine-posts\":\"http:\\\/\\\/www.deroesterreichischefriseur.at\\\/wp-content\\\/uploads\\\/2023\\\/10\\\/DSC03697-765x500.jpg\",\"purea-magazine-posts-thumb\":\"http:\\\/\\\/www.deroesterreichischefriseur.at\\\/wp-content\\\/uploads\\\/2023\\\/10\\\/DSC03697-150x100.jpg\",\"full\":\"http:\\\/\\\/www.deroesterreichischefriseur.at\\\/wp-content\\\/uploads\\\/2023\\\/10\\\/DSC03697.jpg\",\"index\":10,\"id\":879,\"video\":false,\"opts\":{\"caption\":\"\",\"thumb\":\"http:\\\/\\\/www.deroesterreichischefriseur.at\\\/wp-content\\\/uploads\\\/2023\\\/10\\\/DSC03697-75x50_c.jpg\",\"title\":\"DSC03697\"},\"gallery_id\":\"871\"},{\"status\":\"active\",\"src\":\"http:\\\/\\\/www.deroesterreichischefriseur.at\\\/wp-content\\\/uploads\\\/2023\\\/10\\\/DSC03358.jpg\",\"title\":\"DSC03358\",\"link\":\"http:\\\/\\\/212.236.20.45\\\/wp-content\\\/uploads\\\/2023\\\/10\\\/DSC03358.jpg\",\"alt\":\"\",\"caption\":false,\"thumb\":\"http:\\\/\\\/www.deroesterreichischefriseur.at\\\/wp-content\\\/uploads\\\/2023\\\/10\\\/DSC03358-75x50_c.jpg\",\"meta\":{\"aperture\":\"2\",\"credit\":null,\"camera\":\"ILCE-7M3\",\"caption\":\"\",\"created_timestamp\":\"1688288302\",\"copyright\":null,\"focal_length\":\"35\",\"iso\":\"500\",\"shutter_speed\":\"0.01\",\"title\":\"\",\"orientation\":\"1\",\"keywords\":null,\"resized_images\":null},\"thumbnail\":\"http:\\\/\\\/www.deroesterreichischefriseur.at\\\/wp-content\\\/uploads\\\/2023\\\/10\\\/DSC03358-150x150.jpg\",\"medium\":\"http:\\\/\\\/www.deroesterreichischefriseur.at\\\/wp-content\\\/uploads\\\/2023\\\/10\\\/DSC03358-300x200.jpg\",\"medium_large\":\"http:\\\/\\\/www.deroesterreichischefriseur.at\\\/wp-content\\\/uploads\\\/2023\\\/10\\\/DSC03358-768x512.jpg\",\"large\":\"http:\\\/\\\/www.deroesterreichischefriseur.at\\\/wp-content\\\/uploads\\\/2023\\\/10\\\/DSC03358-1024x682.jpg\",\"1536x1536\":\"http:\\\/\\\/www.deroesterreichischefriseur.at\\\/wp-content\\\/uploads\\\/2023\\\/10\\\/DSC03358.jpg\",\"2048x2048\":\"http:\\\/\\\/www.deroesterreichischefriseur.at\\\/wp-content\\\/uploads\\\/2023\\\/10\\\/DSC03358.jpg\",\"purea-magazine-slider-posts\":\"http:\\\/\\\/www.deroesterreichischefriseur.at\\\/wp-content\\\/uploads\\\/2023\\\/10\\\/DSC03358-1280x500.jpg\",\"purea-magazine-posts\":\"http:\\\/\\\/www.deroesterreichischefriseur.at\\\/wp-content\\\/uploads\\\/2023\\\/10\\\/DSC03358-765x500.jpg\",\"purea-magazine-posts-thumb\":\"http:\\\/\\\/www.deroesterreichischefriseur.at\\\/wp-content\\\/uploads\\\/2023\\\/10\\\/DSC03358-150x100.jpg\",\"full\":\"http:\\\/\\\/www.deroesterreichischefriseur.at\\\/wp-content\\\/uploads\\\/2023\\\/10\\\/DSC03358.jpg\",\"index\":11,\"id\":873,\"video\":false,\"opts\":{\"caption\":\"\",\"thumb\":\"http:\\\/\\\/www.deroesterreichischefriseur.at\\\/wp-content\\\/uploads\\\/2023\\\/10\\\/DSC03358-75x50_c.jpg\",\"title\":\"DSC03358\"},\"gallery_id\":\"871\"},{\"status\":\"active\",\"src\":\"http:\\\/\\\/www.deroesterreichischefriseur.at\\\/wp-content\\\/uploads\\\/2023\\\/10\\\/IMG_4734.jpg\",\"title\":\"IMG_4734\",\"link\":\"http:\\\/\\\/212.236.20.45\\\/wp-content\\\/uploads\\\/2023\\\/10\\\/IMG_4734.jpg\",\"alt\":\"\",\"caption\":false,\"thumb\":\"http:\\\/\\\/www.deroesterreichischefriseur.at\\\/wp-content\\\/uploads\\\/2023\\\/10\\\/IMG_4734-75x50_c.jpg\",\"meta\":{\"aperture\":\"7.1\",\"credit\":null,\"camera\":\"Canon EOS RP\",\"caption\":\"\",\"created_timestamp\":\"1688291197\",\"copyright\":null,\"focal_length\":\"105\",\"iso\":\"8000\",\"shutter_speed\":\"0.004\",\"title\":\"\",\"orientation\":\"1\",\"keywords\":null,\"resized_images\":null},\"thumbnail\":\"http:\\\/\\\/www.deroesterreichischefriseur.at\\\/wp-content\\\/uploads\\\/2023\\\/10\\\/IMG_4734-150x150.jpg\",\"medium\":\"http:\\\/\\\/www.deroesterreichischefriseur.at\\\/wp-content\\\/uploads\\\/2023\\\/10\\\/IMG_4734-300x200.jpg\",\"medium_large\":\"http:\\\/\\\/www.deroesterreichischefriseur.at\\\/wp-content\\\/uploads\\\/2023\\\/10\\\/IMG_4734-768x512.jpg\",\"large\":\"http:\\\/\\\/www.deroesterreichischefriseur.at\\\/wp-content\\\/uploads\\\/2023\\\/10\\\/IMG_4734-1024x682.jpg\",\"1536x1536\":\"http:\\\/\\\/www.deroesterreichischefriseur.at\\\/wp-content\\\/uploads\\\/2023\\\/10\\\/IMG_4734.jpg\",\"2048x2048\":\"http:\\\/\\\/www.deroesterreichischefriseur.at\\\/wp-content\\\/uploads\\\/2023\\\/10\\\/IMG_4734.jpg\",\"purea-magazine-slider-posts\":\"http:\\\/\\\/www.deroesterreichischefriseur.at\\\/wp-content\\\/uploads\\\/2023\\\/10\\\/IMG_4734-1280x500.jpg\",\"purea-magazine-posts\":\"http:\\\/\\\/www.deroesterreichischefriseur.at\\\/wp-content\\\/uploads\\\/2023\\\/10\\\/IMG_4734-765x500.jpg\",\"purea-magazine-posts-thumb\":\"http:\\\/\\\/www.deroesterreichischefriseur.at\\\/wp-content\\\/uploads\\\/2023\\\/10\\\/IMG_4734-150x100.jpg\",\"full\":\"http:\\\/\\\/www.deroesterreichischefriseur.at\\\/wp-content\\\/uploads\\\/2023\\\/10\\\/IMG_4734.jpg\",\"index\":12,\"id\":884,\"video\":false,\"opts\":{\"caption\":\"\",\"thumb\":\"http:\\\/\\\/www.deroesterreichischefriseur.at\\\/wp-content\\\/uploads\\\/2023\\\/10\\\/IMG_4734-75x50_c.jpg\",\"title\":\"IMG_4734\"},\"gallery_id\":\"871\"},{\"status\":\"active\",\"src\":\"http:\\\/\\\/www.deroesterreichischefriseur.at\\\/wp-content\\\/uploads\\\/2023\\\/10\\\/IMG_4774.jpg\",\"title\":\"IMG_4774\",\"link\":\"http:\\\/\\\/212.236.20.45\\\/wp-content\\\/uploads\\\/2023\\\/10\\\/IMG_4774.jpg\",\"alt\":\"\",\"caption\":false,\"thumb\":\"http:\\\/\\\/www.deroesterreichischefriseur.at\\\/wp-content\\\/uploads\\\/2023\\\/10\\\/IMG_4774-75x50_c.jpg\",\"meta\":{\"aperture\":\"7.1\",\"credit\":null,\"camera\":\"Canon EOS RP\",\"caption\":\"\",\"created_timestamp\":\"1688291821\",\"copyright\":null,\"focal_length\":\"70\",\"iso\":\"2000\",\"shutter_speed\":\"0.00625\",\"title\":\"\",\"orientation\":\"1\",\"keywords\":null,\"resized_images\":null},\"thumbnail\":\"http:\\\/\\\/www.deroesterreichischefriseur.at\\\/wp-content\\\/uploads\\\/2023\\\/10\\\/IMG_4774-150x150.jpg\",\"medium\":\"http:\\\/\\\/www.deroesterreichischefriseur.at\\\/wp-content\\\/uploads\\\/2023\\\/10\\\/IMG_4774-300x200.jpg\",\"medium_large\":\"http:\\\/\\\/www.deroesterreichischefriseur.at\\\/wp-content\\\/uploads\\\/2023\\\/10\\\/IMG_4774-768x512.jpg\",\"large\":\"http:\\\/\\\/www.deroesterreichischefriseur.at\\\/wp-content\\\/uploads\\\/2023\\\/10\\\/IMG_4774-1024x682.jpg\",\"1536x1536\":\"http:\\\/\\\/www.deroesterreichischefriseur.at\\\/wp-content\\\/uploads\\\/2023\\\/10\\\/IMG_4774.jpg\",\"2048x2048\":\"http:\\\/\\\/www.deroesterreichischefriseur.at\\\/wp-content\\\/uploads\\\/2023\\\/10\\\/IMG_4774.jpg\",\"purea-magazine-slider-posts\":\"http:\\\/\\\/www.deroesterreichischefriseur.at\\\/wp-content\\\/uploads\\\/2023\\\/10\\\/IMG_4774-1280x500.jpg\",\"purea-magazine-posts\":\"http:\\\/\\\/www.deroesterreichischefriseur.at\\\/wp-content\\\/uploads\\\/2023\\\/10\\\/IMG_4774-765x500.jpg\",\"purea-magazine-posts-thumb\":\"http:\\\/\\\/www.deroesterreichischefriseur.at\\\/wp-content\\\/uploads\\\/2023\\\/10\\\/IMG_4774-150x100.jpg\",\"full\":\"http:\\\/\\\/www.deroesterreichischefriseur.at\\\/wp-content\\\/uploads\\\/2023\\\/10\\\/IMG_4774.jpg\",\"index\":13,\"id\":885,\"video\":false,\"opts\":{\"caption\":\"\",\"thumb\":\"http:\\\/\\\/www.deroesterreichischefriseur.at\\\/wp-content\\\/uploads\\\/2023\\\/10\\\/IMG_4774-75x50_c.jpg\",\"title\":\"IMG_4774\"},\"gallery_id\":\"871\"},{\"status\":\"active\",\"src\":\"http:\\\/\\\/www.deroesterreichischefriseur.at\\\/wp-content\\\/uploads\\\/2023\\\/10\\\/IMG_4785.jpg\",\"title\":\"IMG_4785\",\"link\":\"http:\\\/\\\/212.236.20.45\\\/wp-content\\\/uploads\\\/2023\\\/10\\\/IMG_4785.jpg\",\"alt\":\"\",\"caption\":false,\"thumb\":\"http:\\\/\\\/www.deroesterreichischefriseur.at\\\/wp-content\\\/uploads\\\/2023\\\/10\\\/IMG_4785-75x50_c.jpg\",\"meta\":{\"aperture\":\"5\",\"credit\":null,\"camera\":\"Canon EOS RP\",\"caption\":\"\",\"created_timestamp\":\"1688292125\",\"copyright\":null,\"focal_length\":\"48\",\"iso\":\"500\",\"shutter_speed\":\"0.01\",\"title\":\"\",\"orientation\":\"1\",\"keywords\":null,\"resized_images\":null},\"thumbnail\":\"http:\\\/\\\/www.deroesterreichischefriseur.at\\\/wp-content\\\/uploads\\\/2023\\\/10\\\/IMG_4785-150x150.jpg\",\"medium\":\"http:\\\/\\\/www.deroesterreichischefriseur.at\\\/wp-content\\\/uploads\\\/2023\\\/10\\\/IMG_4785-300x200.jpg\",\"medium_large\":\"http:\\\/\\\/www.deroesterreichischefriseur.at\\\/wp-content\\\/uploads\\\/2023\\\/10\\\/IMG_4785-768x512.jpg\",\"large\":\"http:\\\/\\\/www.deroesterreichischefriseur.at\\\/wp-content\\\/uploads\\\/2023\\\/10\\\/IMG_4785-1024x682.jpg\",\"1536x1536\":\"http:\\\/\\\/www.deroesterreichischefriseur.at\\\/wp-content\\\/uploads\\\/2023\\\/10\\\/IMG_4785.jpg\",\"2048x2048\":\"http:\\\/\\\/www.deroesterreichischefriseur.at\\\/wp-content\\\/uploads\\\/2023\\\/10\\\/IMG_4785.jpg\",\"purea-magazine-slider-posts\":\"http:\\\/\\\/www.deroesterreichischefriseur.at\\\/wp-content\\\/uploads\\\/2023\\\/10\\\/IMG_4785-1280x500.jpg\",\"purea-magazine-posts\":\"http:\\\/\\\/www.deroesterreichischefriseur.at\\\/wp-content\\\/uploads\\\/2023\\\/10\\\/IMG_4785-765x500.jpg\",\"purea-magazine-posts-thumb\":\"http:\\\/\\\/www.deroesterreichischefriseur.at\\\/wp-content\\\/uploads\\\/2023\\\/10\\\/IMG_4785-150x100.jpg\",\"full\":\"http:\\\/\\\/www.deroesterreichischefriseur.at\\\/wp-content\\\/uploads\\\/2023\\\/10\\\/IMG_4785.jpg\",\"index\":14,\"id\":886,\"video\":false,\"opts\":{\"caption\":\"\",\"thumb\":\"http:\\\/\\\/www.deroesterreichischefriseur.at\\\/wp-content\\\/uploads\\\/2023\\\/10\\\/IMG_4785-75x50_c.jpg\",\"title\":\"IMG_4785\"},\"gallery_id\":\"871\"},{\"status\":\"active\",\"src\":\"http:\\\/\\\/www.deroesterreichischefriseur.at\\\/wp-content\\\/uploads\\\/2023\\\/10\\\/IMG_4830.jpg\",\"title\":\"IMG_4830\",\"link\":\"http:\\\/\\\/212.236.20.45\\\/wp-content\\\/uploads\\\/2023\\\/10\\\/IMG_4830.jpg\",\"alt\":\"\",\"caption\":false,\"thumb\":\"http:\\\/\\\/www.deroesterreichischefriseur.at\\\/wp-content\\\/uploads\\\/2023\\\/10\\\/IMG_4830-75x50_c.jpg\",\"meta\":{\"aperture\":\"5.6\",\"credit\":null,\"camera\":\"Canon EOS RP\",\"caption\":\"\",\"created_timestamp\":\"1688292543\",\"copyright\":null,\"focal_length\":\"52\",\"iso\":\"800\",\"shutter_speed\":\"0.00625\",\"title\":\"\",\"orientation\":\"1\",\"keywords\":null,\"resized_images\":null},\"thumbnail\":\"http:\\\/\\\/www.deroesterreichischefriseur.at\\\/wp-content\\\/uploads\\\/2023\\\/10\\\/IMG_4830-150x150.jpg\",\"medium\":\"http:\\\/\\\/www.deroesterreichischefriseur.at\\\/wp-content\\\/uploads\\\/2023\\\/10\\\/IMG_4830-300x200.jpg\",\"medium_large\":\"http:\\\/\\\/www.deroesterreichischefriseur.at\\\/wp-content\\\/uploads\\\/2023\\\/10\\\/IMG_4830-768x512.jpg\",\"large\":\"http:\\\/\\\/www.deroesterreichischefriseur.at\\\/wp-content\\\/uploads\\\/2023\\\/10\\\/IMG_4830-1024x682.jpg\",\"1536x1536\":\"http:\\\/\\\/www.deroesterreichischefriseur.at\\\/wp-content\\\/uploads\\\/2023\\\/10\\\/IMG_4830.jpg\",\"2048x2048\":\"http:\\\/\\\/www.deroesterreichischefriseur.at\\\/wp-content\\\/uploads\\\/2023\\\/10\\\/IMG_4830.jpg\",\"purea-magazine-slider-posts\":\"http:\\\/\\\/www.deroesterreichischefriseur.at\\\/wp-content\\\/uploads\\\/2023\\\/10\\\/IMG_4830-1280x500.jpg\",\"purea-magazine-posts\":\"http:\\\/\\\/www.deroesterreichischefriseur.at\\\/wp-content\\\/uploads\\\/2023\\\/10\\\/IMG_4830-765x500.jpg\",\"purea-magazine-posts-thumb\":\"http:\\\/\\\/www.deroesterreichischefriseur.at\\\/wp-content\\\/uploads\\\/2023\\\/10\\\/IMG_4830-150x100.jpg\",\"full\":\"http:\\\/\\\/www.deroesterreichischefriseur.at\\\/wp-content\\\/uploads\\\/2023\\\/10\\\/IMG_4830.jpg\",\"index\":15,\"id\":887,\"video\":false,\"opts\":{\"caption\":\"\",\"thumb\":\"http:\\\/\\\/www.deroesterreichischefriseur.at\\\/wp-content\\\/uploads\\\/2023\\\/10\\\/IMG_4830-75x50_c.jpg\",\"title\":\"IMG_4830\"},\"gallery_id\":\"871\"},{\"status\":\"active\",\"src\":\"http:\\\/\\\/www.deroesterreichischefriseur.at\\\/wp-content\\\/uploads\\\/2023\\\/10\\\/IMG_4845.jpg\",\"title\":\"IMG_4845\",\"link\":\"http:\\\/\\\/212.236.20.45\\\/wp-content\\\/uploads\\\/2023\\\/10\\\/IMG_4845.jpg\",\"alt\":\"\",\"caption\":false,\"thumb\":\"http:\\\/\\\/www.deroesterreichischefriseur.at\\\/wp-content\\\/uploads\\\/2023\\\/10\\\/IMG_4845-75x50_c.jpg\",\"meta\":{\"aperture\":\"6.3\",\"credit\":null,\"camera\":\"Canon EOS RP\",\"caption\":\"\",\"created_timestamp\":\"1688292730\",\"copyright\":null,\"focal_length\":\"76\",\"iso\":\"500\",\"shutter_speed\":\"0.00625\",\"title\":\"\",\"orientation\":\"1\",\"keywords\":null,\"resized_images\":null},\"thumbnail\":\"http:\\\/\\\/www.deroesterreichischefriseur.at\\\/wp-content\\\/uploads\\\/2023\\\/10\\\/IMG_4845-150x150.jpg\",\"medium\":\"http:\\\/\\\/www.deroesterreichischefriseur.at\\\/wp-content\\\/uploads\\\/2023\\\/10\\\/IMG_4845-300x200.jpg\",\"medium_large\":\"http:\\\/\\\/www.deroesterreichischefriseur.at\\\/wp-content\\\/uploads\\\/2023\\\/10\\\/IMG_4845-768x512.jpg\",\"large\":\"http:\\\/\\\/www.deroesterreichischefriseur.at\\\/wp-content\\\/uploads\\\/2023\\\/10\\\/IMG_4845-1024x682.jpg\",\"1536x1536\":\"http:\\\/\\\/www.deroesterreichischefriseur.at\\\/wp-content\\\/uploads\\\/2023\\\/10\\\/IMG_4845.jpg\",\"2048x2048\":\"http:\\\/\\\/www.deroesterreichischefriseur.at\\\/wp-content\\\/uploads\\\/2023\\\/10\\\/IMG_4845.jpg\",\"purea-magazine-slider-posts\":\"http:\\\/\\\/www.deroesterreichischefriseur.at\\\/wp-content\\\/uploads\\\/2023\\\/10\\\/IMG_4845-1280x500.jpg\",\"purea-magazine-posts\":\"http:\\\/\\\/www.deroesterreichischefriseur.at\\\/wp-content\\\/uploads\\\/2023\\\/10\\\/IMG_4845-765x500.jpg\",\"purea-magazine-posts-thumb\":\"http:\\\/\\\/www.deroesterreichischefriseur.at\\\/wp-content\\\/uploads\\\/2023\\\/10\\\/IMG_4845-150x100.jpg\",\"full\":\"http:\\\/\\\/www.deroesterreichischefriseur.at\\\/wp-content\\\/uploads\\\/2023\\\/10\\\/IMG_4845.jpg\",\"index\":16,\"id\":888,\"video\":false,\"opts\":{\"caption\":\"\",\"thumb\":\"http:\\\/\\\/www.deroesterreichischefriseur.at\\\/wp-content\\\/uploads\\\/2023\\\/10\\\/IMG_4845-75x50_c.jpg\",\"title\":\"IMG_4845\"},\"gallery_id\":\"871\"},{\"status\":\"active\",\"src\":\"http:\\\/\\\/www.deroesterreichischefriseur.at\\\/wp-content\\\/uploads\\\/2023\\\/10\\\/IMG_4846.jpg\",\"title\":\"IMG_4846\",\"link\":\"http:\\\/\\\/212.236.20.45\\\/wp-content\\\/uploads\\\/2023\\\/10\\\/IMG_4846.jpg\",\"alt\":\"\",\"caption\":false,\"thumb\":\"http:\\\/\\\/www.deroesterreichischefriseur.at\\\/wp-content\\\/uploads\\\/2023\\\/10\\\/IMG_4846-75x50_c.jpg\",\"meta\":{\"aperture\":\"6.3\",\"credit\":null,\"camera\":\"Canon EOS RP\",\"caption\":\"\",\"created_timestamp\":\"1688292738\",\"copyright\":null,\"focal_length\":\"63\",\"iso\":\"1000\",\"shutter_speed\":\"0.008\",\"title\":\"\",\"orientation\":\"1\",\"keywords\":null,\"resized_images\":null},\"thumbnail\":\"http:\\\/\\\/www.deroesterreichischefriseur.at\\\/wp-content\\\/uploads\\\/2023\\\/10\\\/IMG_4846-150x150.jpg\",\"medium\":\"http:\\\/\\\/www.deroesterreichischefriseur.at\\\/wp-content\\\/uploads\\\/2023\\\/10\\\/IMG_4846-300x200.jpg\",\"medium_large\":\"http:\\\/\\\/www.deroesterreichischefriseur.at\\\/wp-content\\\/uploads\\\/2023\\\/10\\\/IMG_4846-768x512.jpg\",\"large\":\"http:\\\/\\\/www.deroesterreichischefriseur.at\\\/wp-content\\\/uploads\\\/2023\\\/10\\\/IMG_4846-1024x682.jpg\",\"1536x1536\":\"http:\\\/\\\/www.deroesterreichischefriseur.at\\\/wp-content\\\/uploads\\\/2023\\\/10\\\/IMG_4846.jpg\",\"2048x2048\":\"http:\\\/\\\/www.deroesterreichischefriseur.at\\\/wp-content\\\/uploads\\\/2023\\\/10\\\/IMG_4846.jpg\",\"purea-magazine-slider-posts\":\"http:\\\/\\\/www.deroesterreichischefriseur.at\\\/wp-content\\\/uploads\\\/2023\\\/10\\\/IMG_4846-1280x500.jpg\",\"purea-magazine-posts\":\"http:\\\/\\\/www.deroesterreichischefriseur.at\\\/wp-content\\\/uploads\\\/2023\\\/10\\\/IMG_4846-765x500.jpg\",\"purea-magazine-posts-thumb\":\"http:\\\/\\\/www.deroesterreichischefriseur.at\\\/wp-content\\\/uploads\\\/2023\\\/10\\\/IMG_4846-150x100.jpg\",\"full\":\"http:\\\/\\\/www.deroesterreichischefriseur.at\\\/wp-content\\\/uploads\\\/2023\\\/10\\\/IMG_4846.jpg\",\"index\":17,\"id\":889,\"video\":false,\"opts\":{\"caption\":\"\",\"thumb\":\"http:\\\/\\\/www.deroesterreichischefriseur.at\\\/wp-content\\\/uploads\\\/2023\\\/10\\\/IMG_4846-75x50_c.jpg\",\"title\":\"IMG_4846\"},\"gallery_id\":\"871\"},{\"status\":\"active\",\"src\":\"http:\\\/\\\/www.deroesterreichischefriseur.at\\\/wp-content\\\/uploads\\\/2023\\\/10\\\/IMG_4892.jpg\",\"title\":\"IMG_4892\",\"link\":\"http:\\\/\\\/212.236.20.45\\\/wp-content\\\/uploads\\\/2023\\\/10\\\/IMG_4892.jpg\",\"alt\":\"\",\"caption\":false,\"thumb\":\"http:\\\/\\\/www.deroesterreichischefriseur.at\\\/wp-content\\\/uploads\\\/2023\\\/10\\\/IMG_4892-75x50_c.jpg\",\"meta\":{\"aperture\":\"6.3\",\"credit\":null,\"camera\":\"Canon EOS RP\",\"caption\":\"\",\"created_timestamp\":\"1688293225\",\"copyright\":null,\"focal_length\":\"65\",\"iso\":\"500\",\"shutter_speed\":\"0.005\",\"title\":\"\",\"orientation\":\"1\",\"keywords\":null,\"resized_images\":null},\"thumbnail\":\"http:\\\/\\\/www.deroesterreichischefriseur.at\\\/wp-content\\\/uploads\\\/2023\\\/10\\\/IMG_4892-150x150.jpg\",\"medium\":\"http:\\\/\\\/www.deroesterreichischefriseur.at\\\/wp-content\\\/uploads\\\/2023\\\/10\\\/IMG_4892-300x200.jpg\",\"medium_large\":\"http:\\\/\\\/www.deroesterreichischefriseur.at\\\/wp-content\\\/uploads\\\/2023\\\/10\\\/IMG_4892-768x512.jpg\",\"large\":\"http:\\\/\\\/www.deroesterreichischefriseur.at\\\/wp-content\\\/uploads\\\/2023\\\/10\\\/IMG_4892-1024x682.jpg\",\"1536x1536\":\"http:\\\/\\\/www.deroesterreichischefriseur.at\\\/wp-content\\\/uploads\\\/2023\\\/10\\\/IMG_4892.jpg\",\"2048x2048\":\"http:\\\/\\\/www.deroesterreichischefriseur.at\\\/wp-content\\\/uploads\\\/2023\\\/10\\\/IMG_4892.jpg\",\"purea-magazine-slider-posts\":\"http:\\\/\\\/www.deroesterreichischefriseur.at\\\/wp-content\\\/uploads\\\/2023\\\/10\\\/IMG_4892-1280x500.jpg\",\"purea-magazine-posts\":\"http:\\\/\\\/www.deroesterreichischefriseur.at\\\/wp-content\\\/uploads\\\/2023\\\/10\\\/IMG_4892-765x500.jpg\",\"purea-magazine-posts-thumb\":\"http:\\\/\\\/www.deroesterreichischefriseur.at\\\/wp-content\\\/uploads\\\/2023\\\/10\\\/IMG_4892-150x100.jpg\",\"full\":\"http:\\\/\\\/www.deroesterreichischefriseur.at\\\/wp-content\\\/uploads\\\/2023\\\/10\\\/IMG_4892.jpg\",\"index\":18,\"id\":890,\"video\":false,\"opts\":{\"caption\":\"\",\"thumb\":\"http:\\\/\\\/www.deroesterreichischefriseur.at\\\/wp-content\\\/uploads\\\/2023\\\/10\\\/IMG_4892-75x50_c.jpg\",\"title\":\"IMG_4892\"},\"gallery_id\":\"871\"},{\"status\":\"active\",\"src\":\"http:\\\/\\\/www.deroesterreichischefriseur.at\\\/wp-content\\\/uploads\\\/2023\\\/10\\\/IMG_4950.jpg\",\"title\":\"IMG_4950\",\"link\":\"http:\\\/\\\/212.236.20.45\\\/wp-content\\\/uploads\\\/2023\\\/10\\\/IMG_4950.jpg\",\"alt\":\"\",\"caption\":false,\"thumb\":\"http:\\\/\\\/www.deroesterreichischefriseur.at\\\/wp-content\\\/uploads\\\/2023\\\/10\\\/IMG_4950-75x50_c.jpg\",\"meta\":{\"aperture\":\"4.5\",\"credit\":null,\"camera\":\"Canon EOS RP\",\"caption\":\"\",\"created_timestamp\":\"1688297881\",\"copyright\":null,\"focal_length\":\"35\",\"iso\":\"800\",\"shutter_speed\":\"0.0025\",\"title\":\"\",\"orientation\":\"1\",\"keywords\":null,\"resized_images\":null},\"thumbnail\":\"http:\\\/\\\/www.deroesterreichischefriseur.at\\\/wp-content\\\/uploads\\\/2023\\\/10\\\/IMG_4950-150x150.jpg\",\"medium\":\"http:\\\/\\\/www.deroesterreichischefriseur.at\\\/wp-content\\\/uploads\\\/2023\\\/10\\\/IMG_4950-300x200.jpg\",\"medium_large\":\"http:\\\/\\\/www.deroesterreichischefriseur.at\\\/wp-content\\\/uploads\\\/2023\\\/10\\\/IMG_4950-768x512.jpg\",\"large\":\"http:\\\/\\\/www.deroesterreichischefriseur.at\\\/wp-content\\\/uploads\\\/2023\\\/10\\\/IMG_4950-1024x682.jpg\",\"1536x1536\":\"http:\\\/\\\/www.deroesterreichischefriseur.at\\\/wp-content\\\/uploads\\\/2023\\\/10\\\/IMG_4950.jpg\",\"2048x2048\":\"http:\\\/\\\/www.deroesterreichischefriseur.at\\\/wp-content\\\/uploads\\\/2023\\\/10\\\/IMG_4950.jpg\",\"purea-magazine-slider-posts\":\"http:\\\/\\\/www.deroesterreichischefriseur.at\\\/wp-content\\\/uploads\\\/2023\\\/10\\\/IMG_4950-1280x500.jpg\",\"purea-magazine-posts\":\"http:\\\/\\\/www.deroesterreichischefriseur.at\\\/wp-content\\\/uploads\\\/2023\\\/10\\\/IMG_4950-765x500.jpg\",\"purea-magazine-posts-thumb\":\"http:\\\/\\\/www.deroesterreichischefriseur.at\\\/wp-content\\\/uploads\\\/2023\\\/10\\\/IMG_4950-150x100.jpg\",\"full\":\"http:\\\/\\\/www.deroesterreichischefriseur.at\\\/wp-content\\\/uploads\\\/2023\\\/10\\\/IMG_4950.jpg\",\"index\":19,\"id\":891,\"video\":false,\"opts\":{\"caption\":\"\",\"thumb\":\"http:\\\/\\\/www.deroesterreichischefriseur.at\\\/wp-content\\\/uploads\\\/2023\\\/10\\\/IMG_4950-75x50_c.jpg\",\"title\":\"IMG_4950\"},\"gallery_id\":\"871\"},{\"status\":\"active\",\"src\":\"http:\\\/\\\/www.deroesterreichischefriseur.at\\\/wp-content\\\/uploads\\\/2023\\\/10\\\/IMG_4969.jpg\",\"title\":\"IMG_4969\",\"link\":\"http:\\\/\\\/212.236.20.45\\\/wp-content\\\/uploads\\\/2023\\\/10\\\/IMG_4969.jpg\",\"alt\":\"\",\"caption\":false,\"thumb\":\"http:\\\/\\\/www.deroesterreichischefriseur.at\\\/wp-content\\\/uploads\\\/2023\\\/10\\\/IMG_4969-75x50_c.jpg\",\"meta\":{\"aperture\":\"4.5\",\"credit\":null,\"camera\":\"Canon EOS RP\",\"caption\":\"\",\"created_timestamp\":\"1688297986\",\"copyright\":null,\"focal_length\":\"32\",\"iso\":\"800\",\"shutter_speed\":\"0.005\",\"title\":\"\",\"orientation\":\"1\",\"keywords\":null,\"resized_images\":null},\"thumbnail\":\"http:\\\/\\\/www.deroesterreichischefriseur.at\\\/wp-content\\\/uploads\\\/2023\\\/10\\\/IMG_4969-150x150.jpg\",\"medium\":\"http:\\\/\\\/www.deroesterreichischefriseur.at\\\/wp-content\\\/uploads\\\/2023\\\/10\\\/IMG_4969-300x200.jpg\",\"medium_large\":\"http:\\\/\\\/www.deroesterreichischefriseur.at\\\/wp-content\\\/uploads\\\/2023\\\/10\\\/IMG_4969-768x512.jpg\",\"large\":\"http:\\\/\\\/www.deroesterreichischefriseur.at\\\/wp-content\\\/uploads\\\/2023\\\/10\\\/IMG_4969-1024x682.jpg\",\"1536x1536\":\"http:\\\/\\\/www.deroesterreichischefriseur.at\\\/wp-content\\\/uploads\\\/2023\\\/10\\\/IMG_4969.jpg\",\"2048x2048\":\"http:\\\/\\\/www.deroesterreichischefriseur.at\\\/wp-content\\\/uploads\\\/2023\\\/10\\\/IMG_4969.jpg\",\"purea-magazine-slider-posts\":\"http:\\\/\\\/www.deroesterreichischefriseur.at\\\/wp-content\\\/uploads\\\/2023\\\/10\\\/IMG_4969-1280x500.jpg\",\"purea-magazine-posts\":\"http:\\\/\\\/www.deroesterreichischefriseur.at\\\/wp-content\\\/uploads\\\/2023\\\/10\\\/IMG_4969-765x500.jpg\",\"purea-magazine-posts-thumb\":\"http:\\\/\\\/www.deroesterreichischefriseur.at\\\/wp-content\\\/uploads\\\/2023\\\/10\\\/IMG_4969-150x100.jpg\",\"full\":\"http:\\\/\\\/www.deroesterreichischefriseur.at\\\/wp-content\\\/uploads\\\/2023\\\/10\\\/IMG_4969.jpg\",\"index\":20,\"id\":892,\"video\":false,\"opts\":{\"caption\":\"\",\"thumb\":\"http:\\\/\\\/www.deroesterreichischefriseur.at\\\/wp-content\\\/uploads\\\/2023\\\/10\\\/IMG_4969-75x50_c.jpg\",\"title\":\"IMG_4969\"},\"gallery_id\":\"871\"},{\"status\":\"active\",\"src\":\"http:\\\/\\\/www.deroesterreichischefriseur.at\\\/wp-content\\\/uploads\\\/2023\\\/10\\\/IMG_5035.jpg\",\"title\":\"IMG_5035\",\"link\":\"http:\\\/\\\/212.236.20.45\\\/wp-content\\\/uploads\\\/2023\\\/10\\\/IMG_5035.jpg\",\"alt\":\"\",\"caption\":false,\"thumb\":\"http:\\\/\\\/www.deroesterreichischefriseur.at\\\/wp-content\\\/uploads\\\/2023\\\/10\\\/IMG_5035-75x50_c.jpg\",\"meta\":{\"aperture\":\"4.5\",\"credit\":null,\"camera\":\"Canon EOS RP\",\"caption\":\"\",\"created_timestamp\":\"1688298694\",\"copyright\":null,\"focal_length\":\"32\",\"iso\":\"400\",\"shutter_speed\":\"0.016666666666667\",\"title\":\"\",\"orientation\":\"1\",\"keywords\":null,\"resized_images\":null},\"thumbnail\":\"http:\\\/\\\/www.deroesterreichischefriseur.at\\\/wp-content\\\/uploads\\\/2023\\\/10\\\/IMG_5035-150x150.jpg\",\"medium\":\"http:\\\/\\\/www.deroesterreichischefriseur.at\\\/wp-content\\\/uploads\\\/2023\\\/10\\\/IMG_5035-300x200.jpg\",\"medium_large\":\"http:\\\/\\\/www.deroesterreichischefriseur.at\\\/wp-content\\\/uploads\\\/2023\\\/10\\\/IMG_5035-768x512.jpg\",\"large\":\"http:\\\/\\\/www.deroesterreichischefriseur.at\\\/wp-content\\\/uploads\\\/2023\\\/10\\\/IMG_5035-1024x682.jpg\",\"1536x1536\":\"http:\\\/\\\/www.deroesterreichischefriseur.at\\\/wp-content\\\/uploads\\\/2023\\\/10\\\/IMG_5035.jpg\",\"2048x2048\":\"http:\\\/\\\/www.deroesterreichischefriseur.at\\\/wp-content\\\/uploads\\\/2023\\\/10\\\/IMG_5035.jpg\",\"purea-magazine-slider-posts\":\"http:\\\/\\\/www.deroesterreichischefriseur.at\\\/wp-content\\\/uploads\\\/2023\\\/10\\\/IMG_5035-1280x500.jpg\",\"purea-magazine-posts\":\"http:\\\/\\\/www.deroesterreichischefriseur.at\\\/wp-content\\\/uploads\\\/2023\\\/10\\\/IMG_5035-765x500.jpg\",\"purea-magazine-posts-thumb\":\"http:\\\/\\\/www.deroesterreichischefriseur.at\\\/wp-content\\\/uploads\\\/2023\\\/10\\\/IMG_5035-150x100.jpg\",\"full\":\"http:\\\/\\\/www.deroesterreichischefriseur.at\\\/wp-content\\\/uploads\\\/2023\\\/10\\\/IMG_5035.jpg\",\"index\":21,\"id\":893,\"video\":false,\"opts\":{\"caption\":\"\",\"thumb\":\"http:\\\/\\\/www.deroesterreichischefriseur.at\\\/wp-content\\\/uploads\\\/2023\\\/10\\\/IMG_5035-75x50_c.jpg\",\"title\":\"IMG_5035\"},\"gallery_id\":\"871\"},{\"status\":\"active\",\"src\":\"http:\\\/\\\/www.deroesterreichischefriseur.at\\\/wp-content\\\/uploads\\\/2023\\\/10\\\/IMG_5045.jpg\",\"title\":\"IMG_5045\",\"link\":\"http:\\\/\\\/212.236.20.45\\\/wp-content\\\/uploads\\\/2023\\\/10\\\/IMG_5045.jpg\",\"alt\":\"\",\"caption\":false,\"thumb\":\"http:\\\/\\\/www.deroesterreichischefriseur.at\\\/wp-content\\\/uploads\\\/2023\\\/10\\\/IMG_5045-75x50_c.jpg\",\"meta\":{\"aperture\":\"6.3\",\"credit\":null,\"camera\":\"Canon EOS RP\",\"caption\":\"\",\"created_timestamp\":\"1688299021\",\"copyright\":null,\"focal_length\":\"76\",\"iso\":\"6400\",\"shutter_speed\":\"0.008\",\"title\":\"\",\"orientation\":\"1\",\"keywords\":null,\"resized_images\":null},\"thumbnail\":\"http:\\\/\\\/www.deroesterreichischefriseur.at\\\/wp-content\\\/uploads\\\/2023\\\/10\\\/IMG_5045-150x150.jpg\",\"medium\":\"http:\\\/\\\/www.deroesterreichischefriseur.at\\\/wp-content\\\/uploads\\\/2023\\\/10\\\/IMG_5045-300x200.jpg\",\"medium_large\":\"http:\\\/\\\/www.deroesterreichischefriseur.at\\\/wp-content\\\/uploads\\\/2023\\\/10\\\/IMG_5045-768x512.jpg\",\"large\":\"http:\\\/\\\/www.deroesterreichischefriseur.at\\\/wp-content\\\/uploads\\\/2023\\\/10\\\/IMG_5045-1024x682.jpg\",\"1536x1536\":\"http:\\\/\\\/www.deroesterreichischefriseur.at\\\/wp-content\\\/uploads\\\/2023\\\/10\\\/IMG_5045.jpg\",\"2048x2048\":\"http:\\\/\\\/www.deroesterreichischefriseur.at\\\/wp-content\\\/uploads\\\/2023\\\/10\\\/IMG_5045.jpg\",\"purea-magazine-slider-posts\":\"http:\\\/\\\/www.deroesterreichischefriseur.at\\\/wp-content\\\/uploads\\\/2023\\\/10\\\/IMG_5045-1280x500.jpg\",\"purea-magazine-posts\":\"http:\\\/\\\/www.deroesterreichischefriseur.at\\\/wp-content\\\/uploads\\\/2023\\\/10\\\/IMG_5045-765x500.jpg\",\"purea-magazine-posts-thumb\":\"http:\\\/\\\/www.deroesterreichischefriseur.at\\\/wp-content\\\/uploads\\\/2023\\\/10\\\/IMG_5045-150x100.jpg\",\"full\":\"http:\\\/\\\/www.deroesterreichischefriseur.at\\\/wp-content\\\/uploads\\\/2023\\\/10\\\/IMG_5045.jpg\",\"index\":22,\"id\":894,\"video\":false,\"opts\":{\"caption\":\"\",\"thumb\":\"http:\\\/\\\/www.deroesterreichischefriseur.at\\\/wp-content\\\/uploads\\\/2023\\\/10\\\/IMG_5045-75x50_c.jpg\",\"title\":\"IMG_5045\"},\"gallery_id\":\"871\"},{\"status\":\"active\",\"src\":\"http:\\\/\\\/www.deroesterreichischefriseur.at\\\/wp-content\\\/uploads\\\/2023\\\/10\\\/IMG_5078.jpg\",\"title\":\"IMG_5078\",\"link\":\"http:\\\/\\\/212.236.20.45\\\/wp-content\\\/uploads\\\/2023\\\/10\\\/IMG_5078.jpg\",\"alt\":\"\",\"caption\":false,\"thumb\":\"http:\\\/\\\/www.deroesterreichischefriseur.at\\\/wp-content\\\/uploads\\\/2023\\\/10\\\/IMG_5078-75x50_c.jpg\",\"meta\":{\"aperture\":\"4.5\",\"credit\":null,\"camera\":\"Canon EOS RP\",\"caption\":\"\",\"created_timestamp\":\"1688300014\",\"copyright\":null,\"focal_length\":\"37\",\"iso\":\"1250\",\"shutter_speed\":\"0.0125\",\"title\":\"\",\"orientation\":\"1\",\"keywords\":null,\"resized_images\":null},\"thumbnail\":\"http:\\\/\\\/www.deroesterreichischefriseur.at\\\/wp-content\\\/uploads\\\/2023\\\/10\\\/IMG_5078-150x150.jpg\",\"medium\":\"http:\\\/\\\/www.deroesterreichischefriseur.at\\\/wp-content\\\/uploads\\\/2023\\\/10\\\/IMG_5078-300x200.jpg\",\"medium_large\":\"http:\\\/\\\/www.deroesterreichischefriseur.at\\\/wp-content\\\/uploads\\\/2023\\\/10\\\/IMG_5078-768x512.jpg\",\"large\":\"http:\\\/\\\/www.deroesterreichischefriseur.at\\\/wp-content\\\/uploads\\\/2023\\\/10\\\/IMG_5078-1024x682.jpg\",\"1536x1536\":\"http:\\\/\\\/www.deroesterreichischefriseur.at\\\/wp-content\\\/uploads\\\/2023\\\/10\\\/IMG_5078.jpg\",\"2048x2048\":\"http:\\\/\\\/www.deroesterreichischefriseur.at\\\/wp-content\\\/uploads\\\/2023\\\/10\\\/IMG_5078.jpg\",\"purea-magazine-slider-posts\":\"http:\\\/\\\/www.deroesterreichischefriseur.at\\\/wp-content\\\/uploads\\\/2023\\\/10\\\/IMG_5078-1280x500.jpg\",\"purea-magazine-posts\":\"http:\\\/\\\/www.deroesterreichischefriseur.at\\\/wp-content\\\/uploads\\\/2023\\\/10\\\/IMG_5078-765x500.jpg\",\"purea-magazine-posts-thumb\":\"http:\\\/\\\/www.deroesterreichischefriseur.at\\\/wp-content\\\/uploads\\\/2023\\\/10\\\/IMG_5078-150x100.jpg\",\"full\":\"http:\\\/\\\/www.deroesterreichischefriseur.at\\\/wp-content\\\/uploads\\\/2023\\\/10\\\/IMG_5078.jpg\",\"index\":23,\"id\":895,\"video\":false,\"opts\":{\"caption\":\"\",\"thumb\":\"http:\\\/\\\/www.deroesterreichischefriseur.at\\\/wp-content\\\/uploads\\\/2023\\\/10\\\/IMG_5078-75x50_c.jpg\",\"title\":\"IMG_5078\"},\"gallery_id\":\"871\"}]' data-lightbox-theme='{&quot;arrows&quot;:1,&quot;margins&quot;:[220,0],&quot;gutter&quot;:&quot;50&quot;,&quot;base_template&quot;:&quot;&lt;div id=\\&quot;envirabox-871\\&quot; data-envirabox-id=\\&quot;871\\&quot; class=\\&quot;envirabox-container envirabox-theme-base envirabox-wrap\\&quot; role=\\&quot;dialog\\&quot;&gt;&lt;div class=\\&quot;envirabox-bg\\&quot;&gt;&lt;\\\/div&gt;&lt;div class=\\&quot;envirabox-outer\\&quot;&gt;&lt;div class=\\&quot;envirabox-inner\\&quot;&gt;&lt;div id=\\&quot;envirabox-buttons\\&quot; class=\\&quot;envirabox-infobar top\\&quot;&gt;&lt;ul&gt;&lt;li&gt;&lt;a data-envirabox-prev class=\\&quot;btnPrev\\&quot; title=\\&quot;Previous\\&quot; href=\\&quot;#\\&quot;&gt;&lt;\\\/a&gt;&lt;\\\/li&gt;&lt;li&gt;&lt;a data-envirabox-next class=\\&quot;btnNext\\&quot; title=\\&quot;Next\\&quot; href=\\&quot;#\\&quot;&gt;&lt;\\\/a&gt;&lt;\\\/li&gt;&lt;li&gt;&lt;a data-envirabox-close class=\\&quot;btnClose\\&quot; title=\\&quot;Close\\&quot; href=\\&quot;javascript:;\\&quot;&gt;&lt;\\\/a&gt;&lt;\\\/li&gt;&lt;\\\/ul&gt;&lt;\\\/div&gt;&lt;div class=\\&quot;envirabox-position-overlay envira-gallery-top-left\\&quot;&gt;&lt;\\\/div&gt;&lt;div class=\\&quot;envirabox-position-overlay envira-gallery-top-right\\&quot;&gt;&lt;\\\/div&gt;&lt;div class=\\&quot;envirabox-position-overlay envira-gallery-bottom-left\\&quot;&gt;&lt;\\\/div&gt;&lt;div class=\\&quot;envirabox-position-overlay envira-gallery-bottom-right\\&quot;&gt;&lt;\\\/div&gt;&lt;div class=\\&quot;envirabox-stage\\&quot;&gt;&lt;\\\/div&gt;&lt;\\\/div&gt;&lt;\\\/div&gt;&lt;\\\/div&gt;&quot;,&quot;load_all&quot;:false,&quot;error_template&quot;:&quot;&lt;div class=\\&quot;envirabox-error\\&quot;&gt;&lt;p&gt;{{ERROR}}&lt;p&gt;&lt;\\\/div&gt;&quot;,&quot;inner_caption&quot;:true,&quot;caption_position&quot;:&quot;float&quot;,&quot;thumbs_position&quot;:&quot;bottom&quot;,&quot;arrow_position&quot;:&quot;inside&quot;,&quot;toolbar&quot;:false,&quot;infobar&quot;:true,&quot;show_smallbtn&quot;:true,&quot;idle_time&quot;:false,&quot;click_content&quot;:false,&quot;click_slide&quot;:false,&quot;click_outside&quot;:false,&quot;animation_duration&quot;:false,&quot;transition_duration&quot;:false,&quot;small_btn_template&quot;:&quot;&lt;a data-envirabox-close class=\\&quot;envirabox-item envirabox-close envirabox-button--close\\&quot; title=\\&quot;Close\\&quot; href=\\&quot;#\\&quot;&gt;&lt;\\\/a&gt;&quot;}' data-parsed-attrs='{\"id\":\"871\",\"cache\":true}'><div id=\"envira-gallery-item-872\" class=\"envira-gallery-item envira-gallery-item-1 envira-lazy-load\" style=\"padding-left: 1px; padding-bottom: 1px; padding-right: 1px;\"  itemscope itemtype=\"https:\/\/schema.org\/ImageObject\"><div class=\"envira-gallery-item-inner\"><div class=\"envira-gallery-position-overlay envira-gallery-top-left\"><\/div><div class=\"envira-gallery-position-overlay envira-gallery-top-right\"><\/div><div class=\"envira-gallery-position-overlay envira-gallery-bottom-left\"><\/div><div class=\"envira-gallery-position-overlay envira-gallery-bottom-right\"><\/div><a class=\"envira-gallery-871 envira-gallery-link\" href=\"http:\/\/212.236.20.45\/wp-content\/uploads\/2023\/10\/Collage_Hair-Camp-Hamburg.jpg\" title=\"Collage_Hair Camp Hamburg\" data-caption=\"\" data-envira-item-id=\"872\" data-envira-retina=\"http:\/\/www.deroesterreichischefriseur.at\/wp-content\/uploads\/2023\/10\/Collage_Hair-Camp-Hamburg.jpg\" data-thumb=\"http:\/\/212.236.20.45\/wp-content\/uploads\/2023\/10\/Collage_Hair-Camp-Hamburg-75x50_c.jpg\" data-title=\"Collage_Hair Camp Hamburg\" data-envirabox='871' itemprop=\"contentUrl\"><img fetchpriority=\"high\" decoding=\"async\" src=\"http:\/\/www.deroesterreichischefriseur.at\/wp-content\/uploads\/2023\/10\/Collage_Hair-Camp-Hamburg-1024x819.jpg\" alt=\"\" class=\"envira-gallery-image envira-gallery-image-1    envira-lazy\" height=\"480\" id=\"envira-gallery-image-872\" srcset=\"data:image\/gif;base64,R0lGODlhAQABAIAAAP\/\/\/\/\/\/\/yH5BAEKAAEALAAAAAABAAEAAAICTAEAOw==\" tabindex=\"-1\" title=\"Collage_Hair Camp Hamburg\" width=\"640\" data-caption=\"\" data-envira-gallery-id=\"871\" data-envira-index=\"0\" data-envira-item-id=\"872\" data-envira-src=\"http:\/\/www.deroesterreichischefriseur.at\/wp-content\/uploads\/2023\/10\/Collage_Hair-Camp-Hamburg-1024x819.jpg\" data-envira-srcset=\"http:\/\/www.deroesterreichischefriseur.at\/wp-content\/uploads\/2023\/10\/Collage_Hair-Camp-Hamburg-1024x819.jpg 400w, http:\/\/www.deroesterreichischefriseur.at\/wp-content\/uploads\/2023\/10\/Collage_Hair-Camp-Hamburg-1024x819.jpg 2x\" data-title=\"Collage_Hair Camp Hamburg\" itemprop=\"thumbnailUrl\"  data-envirabox=\"871\" data-automatic-caption=\"Collage_Hair Camp Hamburg\" data-envira-height=\"240\" data-envira-width=\"300\" \/><\/a><\/div><\/div><div id=\"envira-gallery-item-874\" class=\"envira-gallery-item envira-gallery-item-2 envira-lazy-load\" style=\"padding-left: 1px; padding-bottom: 1px; padding-right: 1px;\"  itemscope itemtype=\"https:\/\/schema.org\/ImageObject\"><div class=\"envira-gallery-item-inner\"><div class=\"envira-gallery-position-overlay envira-gallery-top-left\"><\/div><div class=\"envira-gallery-position-overlay envira-gallery-top-right\"><\/div><div class=\"envira-gallery-position-overlay envira-gallery-bottom-left\"><\/div><div class=\"envira-gallery-position-overlay envira-gallery-bottom-right\"><\/div><a class=\"envira-gallery-871 envira-gallery-link\" href=\"http:\/\/212.236.20.45\/wp-content\/uploads\/2023\/10\/DSC03400.jpg\" title=\"DSC03400\" data-caption=\"\" data-envira-item-id=\"874\" data-envira-retina=\"http:\/\/www.deroesterreichischefriseur.at\/wp-content\/uploads\/2023\/10\/DSC03400.jpg\" data-thumb=\"http:\/\/212.236.20.45\/wp-content\/uploads\/2023\/10\/DSC03400-75x50_c.jpg\" data-title=\"DSC03400\" data-envirabox='871' itemprop=\"contentUrl\"><img decoding=\"async\" src=\"http:\/\/www.deroesterreichischefriseur.at\/wp-content\/uploads\/2023\/10\/DSC03400-726x1024.jpg\" alt=\"\" class=\"envira-gallery-image envira-gallery-image-2    envira-lazy\" height=\"480\" id=\"envira-gallery-image-874\" srcset=\"data:image\/gif;base64,R0lGODlhAQABAIAAAP\/\/\/\/\/\/\/yH5BAEKAAEALAAAAAABAAEAAAICTAEAOw==\" tabindex=\"-1\" title=\"DSC03400\" width=\"640\" data-caption=\"\" data-envira-gallery-id=\"871\" data-envira-index=\"1\" data-envira-item-id=\"874\" data-envira-src=\"http:\/\/www.deroesterreichischefriseur.at\/wp-content\/uploads\/2023\/10\/DSC03400-726x1024.jpg\" data-envira-srcset=\"http:\/\/www.deroesterreichischefriseur.at\/wp-content\/uploads\/2023\/10\/DSC03400-726x1024.jpg 400w, http:\/\/www.deroesterreichischefriseur.at\/wp-content\/uploads\/2023\/10\/DSC03400-726x1024.jpg 2x\" data-title=\"DSC03400\" itemprop=\"thumbnailUrl\"  data-envirabox=\"871\" data-automatic-caption=\"DSC03400\" data-envira-height=\"300\" data-envira-width=\"213\" \/><\/a><\/div><\/div><div id=\"envira-gallery-item-875\" class=\"envira-gallery-item envira-gallery-item-3 envira-lazy-load\" style=\"padding-left: 1px; padding-bottom: 1px; padding-right: 1px;\"  itemscope itemtype=\"https:\/\/schema.org\/ImageObject\"><div class=\"envira-gallery-item-inner\"><div class=\"envira-gallery-position-overlay envira-gallery-top-left\"><\/div><div class=\"envira-gallery-position-overlay envira-gallery-top-right\"><\/div><div class=\"envira-gallery-position-overlay envira-gallery-bottom-left\"><\/div><div class=\"envira-gallery-position-overlay envira-gallery-bottom-right\"><\/div><a class=\"envira-gallery-871 envira-gallery-link\" href=\"http:\/\/212.236.20.45\/wp-content\/uploads\/2023\/10\/DSC03509.jpg\" title=\"DSC03509\" data-caption=\"\" data-envira-item-id=\"875\" data-envira-retina=\"http:\/\/www.deroesterreichischefriseur.at\/wp-content\/uploads\/2023\/10\/DSC03509.jpg\" data-thumb=\"http:\/\/212.236.20.45\/wp-content\/uploads\/2023\/10\/DSC03509-75x50_c.jpg\" data-title=\"DSC03509\" data-envirabox='871' itemprop=\"contentUrl\"><img decoding=\"async\" src=\"http:\/\/www.deroesterreichischefriseur.at\/wp-content\/uploads\/2023\/10\/DSC03509-1024x682.jpg\" alt=\"\" class=\"envira-gallery-image envira-gallery-image-3    envira-lazy\" height=\"480\" id=\"envira-gallery-image-875\" srcset=\"data:image\/gif;base64,R0lGODlhAQABAIAAAP\/\/\/\/\/\/\/yH5BAEKAAEALAAAAAABAAEAAAICTAEAOw==\" tabindex=\"-1\" title=\"DSC03509\" width=\"640\" data-caption=\"\" data-envira-gallery-id=\"871\" data-envira-index=\"2\" data-envira-item-id=\"875\" data-envira-src=\"http:\/\/www.deroesterreichischefriseur.at\/wp-content\/uploads\/2023\/10\/DSC03509-1024x682.jpg\" data-envira-srcset=\"http:\/\/www.deroesterreichischefriseur.at\/wp-content\/uploads\/2023\/10\/DSC03509-1024x682.jpg 400w, http:\/\/www.deroesterreichischefriseur.at\/wp-content\/uploads\/2023\/10\/DSC03509-1024x682.jpg 2x\" data-title=\"DSC03509\" itemprop=\"thumbnailUrl\"  data-envirabox=\"871\" data-automatic-caption=\"DSC03509\" data-envira-height=\"200\" data-envira-width=\"300\" \/><\/a><\/div><\/div><div id=\"envira-gallery-item-876\" class=\"envira-gallery-item envira-gallery-item-4 envira-lazy-load\" style=\"padding-left: 1px; padding-bottom: 1px; padding-right: 1px;\"  itemscope itemtype=\"https:\/\/schema.org\/ImageObject\"><div class=\"envira-gallery-item-inner\"><div class=\"envira-gallery-position-overlay envira-gallery-top-left\"><\/div><div class=\"envira-gallery-position-overlay envira-gallery-top-right\"><\/div><div class=\"envira-gallery-position-overlay envira-gallery-bottom-left\"><\/div><div class=\"envira-gallery-position-overlay envira-gallery-bottom-right\"><\/div><a class=\"envira-gallery-871 envira-gallery-link\" href=\"http:\/\/212.236.20.45\/wp-content\/uploads\/2023\/10\/DSC03570.jpg\" title=\"DSC03570\" data-caption=\"\" data-envira-item-id=\"876\" data-envira-retina=\"http:\/\/www.deroesterreichischefriseur.at\/wp-content\/uploads\/2023\/10\/DSC03570.jpg\" data-thumb=\"http:\/\/212.236.20.45\/wp-content\/uploads\/2023\/10\/DSC03570-75x50_c.jpg\" data-title=\"DSC03570\" data-envirabox='871' itemprop=\"contentUrl\"><img loading=\"lazy\" decoding=\"async\" src=\"http:\/\/www.deroesterreichischefriseur.at\/wp-content\/uploads\/2023\/10\/DSC03570-1024x682.jpg\" alt=\"\" class=\"envira-gallery-image envira-gallery-image-4    envira-lazy\" height=\"480\" id=\"envira-gallery-image-876\" srcset=\"data:image\/gif;base64,R0lGODlhAQABAIAAAP\/\/\/\/\/\/\/yH5BAEKAAEALAAAAAABAAEAAAICTAEAOw==\" tabindex=\"-1\" title=\"DSC03570\" width=\"640\" data-caption=\"\" data-envira-gallery-id=\"871\" data-envira-index=\"3\" data-envira-item-id=\"876\" data-envira-src=\"http:\/\/www.deroesterreichischefriseur.at\/wp-content\/uploads\/2023\/10\/DSC03570-1024x682.jpg\" data-envira-srcset=\"http:\/\/www.deroesterreichischefriseur.at\/wp-content\/uploads\/2023\/10\/DSC03570-1024x682.jpg 400w, http:\/\/www.deroesterreichischefriseur.at\/wp-content\/uploads\/2023\/10\/DSC03570-1024x682.jpg 2x\" data-title=\"DSC03570\" itemprop=\"thumbnailUrl\"  data-envirabox=\"871\" data-automatic-caption=\"DSC03570\" data-envira-height=\"200\" data-envira-width=\"300\" \/><\/a><\/div><\/div><div id=\"envira-gallery-item-877\" class=\"envira-gallery-item envira-gallery-item-5 envira-lazy-load\" style=\"padding-left: 1px; padding-bottom: 1px; padding-right: 1px;\"  itemscope itemtype=\"https:\/\/schema.org\/ImageObject\"><div class=\"envira-gallery-item-inner\"><div class=\"envira-gallery-position-overlay envira-gallery-top-left\"><\/div><div class=\"envira-gallery-position-overlay envira-gallery-top-right\"><\/div><div class=\"envira-gallery-position-overlay envira-gallery-bottom-left\"><\/div><div class=\"envira-gallery-position-overlay envira-gallery-bottom-right\"><\/div><a class=\"envira-gallery-871 envira-gallery-link\" href=\"http:\/\/212.236.20.45\/wp-content\/uploads\/2023\/10\/DSC03601.jpg\" title=\"DSC03601\" data-caption=\"\" data-envira-item-id=\"877\" data-envira-retina=\"http:\/\/www.deroesterreichischefriseur.at\/wp-content\/uploads\/2023\/10\/DSC03601.jpg\" data-thumb=\"http:\/\/212.236.20.45\/wp-content\/uploads\/2023\/10\/DSC03601-75x50_c.jpg\" data-title=\"DSC03601\" data-envirabox='871' itemprop=\"contentUrl\"><img loading=\"lazy\" decoding=\"async\" src=\"http:\/\/www.deroesterreichischefriseur.at\/wp-content\/uploads\/2023\/10\/DSC03601-682x1024.jpg\" alt=\"\" class=\"envira-gallery-image envira-gallery-image-5    envira-lazy\" height=\"480\" id=\"envira-gallery-image-877\" srcset=\"data:image\/gif;base64,R0lGODlhAQABAIAAAP\/\/\/\/\/\/\/yH5BAEKAAEALAAAAAABAAEAAAICTAEAOw==\" tabindex=\"-1\" title=\"DSC03601\" width=\"640\" data-caption=\"\" data-envira-gallery-id=\"871\" data-envira-index=\"4\" data-envira-item-id=\"877\" data-envira-src=\"http:\/\/www.deroesterreichischefriseur.at\/wp-content\/uploads\/2023\/10\/DSC03601-682x1024.jpg\" data-envira-srcset=\"http:\/\/www.deroesterreichischefriseur.at\/wp-content\/uploads\/2023\/10\/DSC03601-682x1024.jpg 400w, http:\/\/www.deroesterreichischefriseur.at\/wp-content\/uploads\/2023\/10\/DSC03601-682x1024.jpg 2x\" data-title=\"DSC03601\" itemprop=\"thumbnailUrl\"  data-envirabox=\"871\" data-automatic-caption=\"DSC03601\" data-envira-height=\"300\" data-envira-width=\"200\" \/><\/a><\/div><\/div><div id=\"envira-gallery-item-878\" class=\"envira-gallery-item envira-gallery-item-6 envira-lazy-load\" style=\"padding-left: 1px; padding-bottom: 1px; padding-right: 1px;\"  itemscope itemtype=\"https:\/\/schema.org\/ImageObject\"><div class=\"envira-gallery-item-inner\"><div class=\"envira-gallery-position-overlay envira-gallery-top-left\"><\/div><div class=\"envira-gallery-position-overlay envira-gallery-top-right\"><\/div><div class=\"envira-gallery-position-overlay envira-gallery-bottom-left\"><\/div><div class=\"envira-gallery-position-overlay envira-gallery-bottom-right\"><\/div><a class=\"envira-gallery-871 envira-gallery-link\" href=\"http:\/\/212.236.20.45\/wp-content\/uploads\/2023\/10\/DSC03648.jpg\" title=\"DSC03648\" data-caption=\"\" data-envira-item-id=\"878\" data-envira-retina=\"http:\/\/www.deroesterreichischefriseur.at\/wp-content\/uploads\/2023\/10\/DSC03648.jpg\" data-thumb=\"http:\/\/212.236.20.45\/wp-content\/uploads\/2023\/10\/DSC03648-75x50_c.jpg\" data-title=\"DSC03648\" data-envirabox='871' itemprop=\"contentUrl\"><img loading=\"lazy\" decoding=\"async\" src=\"http:\/\/www.deroesterreichischefriseur.at\/wp-content\/uploads\/2023\/10\/DSC03648-1024x682.jpg\" alt=\"\" class=\"envira-gallery-image envira-gallery-image-6    envira-lazy\" height=\"480\" id=\"envira-gallery-image-878\" srcset=\"data:image\/gif;base64,R0lGODlhAQABAIAAAP\/\/\/\/\/\/\/yH5BAEKAAEALAAAAAABAAEAAAICTAEAOw==\" tabindex=\"-1\" title=\"DSC03648\" width=\"640\" data-caption=\"\" data-envira-gallery-id=\"871\" data-envira-index=\"5\" data-envira-item-id=\"878\" data-envira-src=\"http:\/\/www.deroesterreichischefriseur.at\/wp-content\/uploads\/2023\/10\/DSC03648-1024x682.jpg\" data-envira-srcset=\"http:\/\/www.deroesterreichischefriseur.at\/wp-content\/uploads\/2023\/10\/DSC03648-1024x682.jpg 400w, http:\/\/www.deroesterreichischefriseur.at\/wp-content\/uploads\/2023\/10\/DSC03648-1024x682.jpg 2x\" data-title=\"DSC03648\" itemprop=\"thumbnailUrl\"  data-envirabox=\"871\" data-automatic-caption=\"DSC03648\" data-envira-height=\"200\" data-envira-width=\"300\" \/><\/a><\/div><\/div><div id=\"envira-gallery-item-880\" class=\"envira-gallery-item envira-gallery-item-7 envira-lazy-load\" style=\"padding-left: 1px; padding-bottom: 1px; padding-right: 1px;\"  itemscope itemtype=\"https:\/\/schema.org\/ImageObject\"><div class=\"envira-gallery-item-inner\"><div class=\"envira-gallery-position-overlay envira-gallery-top-left\"><\/div><div class=\"envira-gallery-position-overlay envira-gallery-top-right\"><\/div><div class=\"envira-gallery-position-overlay envira-gallery-bottom-left\"><\/div><div class=\"envira-gallery-position-overlay envira-gallery-bottom-right\"><\/div><a class=\"envira-gallery-871 envira-gallery-link\" href=\"http:\/\/212.236.20.45\/wp-content\/uploads\/2023\/10\/DSC03732.jpg\" title=\"DSC03732\" data-caption=\"\" data-envira-item-id=\"880\" data-envira-retina=\"http:\/\/www.deroesterreichischefriseur.at\/wp-content\/uploads\/2023\/10\/DSC03732.jpg\" data-thumb=\"http:\/\/212.236.20.45\/wp-content\/uploads\/2023\/10\/DSC03732-75x50_c.jpg\" data-title=\"DSC03732\" data-envirabox='871' itemprop=\"contentUrl\"><img loading=\"lazy\" decoding=\"async\" src=\"http:\/\/www.deroesterreichischefriseur.at\/wp-content\/uploads\/2023\/10\/DSC03732.jpg\" alt=\"\" class=\"envira-gallery-image envira-gallery-image-7    envira-lazy\" height=\"480\" id=\"envira-gallery-image-880\" srcset=\"data:image\/gif;base64,R0lGODlhAQABAIAAAP\/\/\/\/\/\/\/yH5BAEKAAEALAAAAAABAAEAAAICTAEAOw==\" tabindex=\"-1\" title=\"DSC03732\" width=\"640\" data-caption=\"\" data-envira-gallery-id=\"871\" data-envira-index=\"6\" data-envira-item-id=\"880\" data-envira-src=\"http:\/\/www.deroesterreichischefriseur.at\/wp-content\/uploads\/2023\/10\/DSC03732.jpg\" data-envira-srcset=\"http:\/\/www.deroesterreichischefriseur.at\/wp-content\/uploads\/2023\/10\/DSC03732.jpg 400w, http:\/\/www.deroesterreichischefriseur.at\/wp-content\/uploads\/2023\/10\/DSC03732.jpg 2x\" data-title=\"DSC03732\" itemprop=\"thumbnailUrl\"  data-envirabox=\"871\" data-automatic-caption=\"DSC03732\" data-envira-height=\"242\" data-envira-width=\"300\" \/><\/a><\/div><\/div><div id=\"envira-gallery-item-881\" class=\"envira-gallery-item envira-gallery-item-8 envira-lazy-load\" style=\"padding-left: 1px; padding-bottom: 1px; padding-right: 1px;\"  itemscope itemtype=\"https:\/\/schema.org\/ImageObject\"><div class=\"envira-gallery-item-inner\"><div class=\"envira-gallery-position-overlay envira-gallery-top-left\"><\/div><div class=\"envira-gallery-position-overlay envira-gallery-top-right\"><\/div><div class=\"envira-gallery-position-overlay envira-gallery-bottom-left\"><\/div><div class=\"envira-gallery-position-overlay envira-gallery-bottom-right\"><\/div><a class=\"envira-gallery-871 envira-gallery-link\" href=\"http:\/\/212.236.20.45\/wp-content\/uploads\/2023\/10\/DSC03779.jpg\" title=\"DSC03779\" data-caption=\"\" data-envira-item-id=\"881\" data-envira-retina=\"http:\/\/www.deroesterreichischefriseur.at\/wp-content\/uploads\/2023\/10\/DSC03779.jpg\" data-thumb=\"http:\/\/212.236.20.45\/wp-content\/uploads\/2023\/10\/DSC03779-75x50_c.jpg\" data-title=\"DSC03779\" data-envirabox='871' itemprop=\"contentUrl\"><img loading=\"lazy\" decoding=\"async\" src=\"http:\/\/www.deroesterreichischefriseur.at\/wp-content\/uploads\/2023\/10\/DSC03779-1024x682.jpg\" alt=\"\" class=\"envira-gallery-image envira-gallery-image-8    envira-lazy\" height=\"480\" id=\"envira-gallery-image-881\" srcset=\"data:image\/gif;base64,R0lGODlhAQABAIAAAP\/\/\/\/\/\/\/yH5BAEKAAEALAAAAAABAAEAAAICTAEAOw==\" tabindex=\"-1\" title=\"DSC03779\" width=\"640\" data-caption=\"\" data-envira-gallery-id=\"871\" data-envira-index=\"7\" data-envira-item-id=\"881\" data-envira-src=\"http:\/\/www.deroesterreichischefriseur.at\/wp-content\/uploads\/2023\/10\/DSC03779-1024x682.jpg\" data-envira-srcset=\"http:\/\/www.deroesterreichischefriseur.at\/wp-content\/uploads\/2023\/10\/DSC03779-1024x682.jpg 400w, http:\/\/www.deroesterreichischefriseur.at\/wp-content\/uploads\/2023\/10\/DSC03779-1024x682.jpg 2x\" data-title=\"DSC03779\" itemprop=\"thumbnailUrl\"  data-envirabox=\"871\" data-automatic-caption=\"DSC03779\" data-envira-height=\"200\" data-envira-width=\"300\" \/><\/a><\/div><\/div><div id=\"envira-gallery-item-882\" class=\"envira-gallery-item envira-gallery-item-9 envira-lazy-load\" style=\"padding-left: 1px; padding-bottom: 1px; padding-right: 1px;\"  itemscope itemtype=\"https:\/\/schema.org\/ImageObject\"><div class=\"envira-gallery-item-inner\"><div class=\"envira-gallery-position-overlay envira-gallery-top-left\"><\/div><div class=\"envira-gallery-position-overlay envira-gallery-top-right\"><\/div><div class=\"envira-gallery-position-overlay envira-gallery-bottom-left\"><\/div><div class=\"envira-gallery-position-overlay envira-gallery-bottom-right\"><\/div><a class=\"envira-gallery-871 envira-gallery-link\" href=\"http:\/\/212.236.20.45\/wp-content\/uploads\/2023\/10\/Fassade_Bild1.jpg\" title=\"Fassade_Bild1\" data-caption=\"\" data-envira-item-id=\"882\" data-envira-retina=\"http:\/\/www.deroesterreichischefriseur.at\/wp-content\/uploads\/2023\/10\/Fassade_Bild1.jpg\" data-thumb=\"http:\/\/212.236.20.45\/wp-content\/uploads\/2023\/10\/Fassade_Bild1-75x50_c.jpg\" data-title=\"Fassade_Bild1\" data-envirabox='871' itemprop=\"contentUrl\"><img loading=\"lazy\" decoding=\"async\" src=\"http:\/\/www.deroesterreichischefriseur.at\/wp-content\/uploads\/2023\/10\/Fassade_Bild1-996x1024.jpg\" alt=\"\" class=\"envira-gallery-image envira-gallery-image-9    envira-lazy\" height=\"480\" id=\"envira-gallery-image-882\" srcset=\"data:image\/gif;base64,R0lGODlhAQABAIAAAP\/\/\/\/\/\/\/yH5BAEKAAEALAAAAAABAAEAAAICTAEAOw==\" tabindex=\"-1\" title=\"Fassade_Bild1\" width=\"640\" data-caption=\"\" data-envira-gallery-id=\"871\" data-envira-index=\"8\" data-envira-item-id=\"882\" data-envira-src=\"http:\/\/www.deroesterreichischefriseur.at\/wp-content\/uploads\/2023\/10\/Fassade_Bild1-996x1024.jpg\" data-envira-srcset=\"http:\/\/www.deroesterreichischefriseur.at\/wp-content\/uploads\/2023\/10\/Fassade_Bild1-996x1024.jpg 400w, http:\/\/www.deroesterreichischefriseur.at\/wp-content\/uploads\/2023\/10\/Fassade_Bild1-996x1024.jpg 2x\" data-title=\"Fassade_Bild1\" itemprop=\"thumbnailUrl\"  data-envirabox=\"871\" data-automatic-caption=\"Fassade_Bild1\" data-envira-height=\"300\" data-envira-width=\"292\" \/><\/a><\/div><\/div><div id=\"envira-gallery-item-883\" class=\"envira-gallery-item envira-gallery-item-10 envira-lazy-load\" style=\"padding-left: 1px; padding-bottom: 1px; padding-right: 1px;\"  itemscope itemtype=\"https:\/\/schema.org\/ImageObject\"><div class=\"envira-gallery-item-inner\"><div class=\"envira-gallery-position-overlay envira-gallery-top-left\"><\/div><div class=\"envira-gallery-position-overlay envira-gallery-top-right\"><\/div><div class=\"envira-gallery-position-overlay envira-gallery-bottom-left\"><\/div><div class=\"envira-gallery-position-overlay envira-gallery-bottom-right\"><\/div><a class=\"envira-gallery-871 envira-gallery-link\" href=\"http:\/\/212.236.20.45\/wp-content\/uploads\/2023\/10\/IMG_4159.jpg\" title=\"IMG_4159\" data-caption=\"\" data-envira-item-id=\"883\" data-envira-retina=\"http:\/\/www.deroesterreichischefriseur.at\/wp-content\/uploads\/2023\/10\/IMG_4159.jpg\" data-thumb=\"http:\/\/212.236.20.45\/wp-content\/uploads\/2023\/10\/IMG_4159-75x50_c.jpg\" data-title=\"IMG_4159\" data-envirabox='871' itemprop=\"contentUrl\"><img loading=\"lazy\" decoding=\"async\" src=\"http:\/\/www.deroesterreichischefriseur.at\/wp-content\/uploads\/2023\/10\/IMG_4159-1024x682.jpg\" alt=\"\" class=\"envira-gallery-image envira-gallery-image-10    envira-lazy\" height=\"480\" id=\"envira-gallery-image-883\" srcset=\"data:image\/gif;base64,R0lGODlhAQABAIAAAP\/\/\/\/\/\/\/yH5BAEKAAEALAAAAAABAAEAAAICTAEAOw==\" tabindex=\"-1\" title=\"IMG_4159\" width=\"640\" data-caption=\"\" data-envira-gallery-id=\"871\" data-envira-index=\"9\" data-envira-item-id=\"883\" data-envira-src=\"http:\/\/www.deroesterreichischefriseur.at\/wp-content\/uploads\/2023\/10\/IMG_4159-1024x682.jpg\" data-envira-srcset=\"http:\/\/www.deroesterreichischefriseur.at\/wp-content\/uploads\/2023\/10\/IMG_4159-1024x682.jpg 400w, http:\/\/www.deroesterreichischefriseur.at\/wp-content\/uploads\/2023\/10\/IMG_4159-1024x682.jpg 2x\" data-title=\"IMG_4159\" itemprop=\"thumbnailUrl\"  data-envirabox=\"871\" data-automatic-caption=\"IMG_4159\" data-envira-height=\"200\" data-envira-width=\"300\" \/><\/a><\/div><\/div><div id=\"envira-gallery-item-879\" class=\"envira-gallery-item envira-gallery-item-11 envira-lazy-load\" style=\"padding-left: 1px; padding-bottom: 1px; padding-right: 1px;\"  itemscope itemtype=\"https:\/\/schema.org\/ImageObject\"><div class=\"envira-gallery-item-inner\"><div class=\"envira-gallery-position-overlay envira-gallery-top-left\"><\/div><div class=\"envira-gallery-position-overlay envira-gallery-top-right\"><\/div><div class=\"envira-gallery-position-overlay envira-gallery-bottom-left\"><\/div><div class=\"envira-gallery-position-overlay envira-gallery-bottom-right\"><\/div><a class=\"envira-gallery-871 envira-gallery-link\" href=\"http:\/\/212.236.20.45\/wp-content\/uploads\/2023\/10\/DSC03697.jpg\" title=\"DSC03697\" data-caption=\"\" data-envira-item-id=\"879\" data-envira-retina=\"http:\/\/www.deroesterreichischefriseur.at\/wp-content\/uploads\/2023\/10\/DSC03697.jpg\" data-thumb=\"http:\/\/212.236.20.45\/wp-content\/uploads\/2023\/10\/DSC03697-75x50_c.jpg\" data-title=\"DSC03697\" data-envirabox='871' itemprop=\"contentUrl\"><img loading=\"lazy\" decoding=\"async\" src=\"http:\/\/www.deroesterreichischefriseur.at\/wp-content\/uploads\/2023\/10\/DSC03697.jpg\" alt=\"\" class=\"envira-gallery-image envira-gallery-image-11    envira-lazy\" height=\"480\" id=\"envira-gallery-image-879\" srcset=\"data:image\/gif;base64,R0lGODlhAQABAIAAAP\/\/\/\/\/\/\/yH5BAEKAAEALAAAAAABAAEAAAICTAEAOw==\" tabindex=\"-1\" title=\"DSC03697\" width=\"640\" data-caption=\"\" data-envira-gallery-id=\"871\" data-envira-index=\"10\" data-envira-item-id=\"879\" data-envira-src=\"http:\/\/www.deroesterreichischefriseur.at\/wp-content\/uploads\/2023\/10\/DSC03697.jpg\" data-envira-srcset=\"http:\/\/www.deroesterreichischefriseur.at\/wp-content\/uploads\/2023\/10\/DSC03697.jpg 400w, http:\/\/www.deroesterreichischefriseur.at\/wp-content\/uploads\/2023\/10\/DSC03697.jpg 2x\" data-title=\"DSC03697\" itemprop=\"thumbnailUrl\"  data-envirabox=\"871\" data-automatic-caption=\"DSC03697\" data-envira-height=\"218\" data-envira-width=\"300\" \/><\/a><\/div><\/div><div id=\"envira-gallery-item-873\" class=\"envira-gallery-item envira-gallery-item-12 envira-lazy-load\" style=\"padding-left: 1px; padding-bottom: 1px; padding-right: 1px;\"  itemscope itemtype=\"https:\/\/schema.org\/ImageObject\"><div class=\"envira-gallery-item-inner\"><div class=\"envira-gallery-position-overlay envira-gallery-top-left\"><\/div><div class=\"envira-gallery-position-overlay envira-gallery-top-right\"><\/div><div class=\"envira-gallery-position-overlay envira-gallery-bottom-left\"><\/div><div class=\"envira-gallery-position-overlay envira-gallery-bottom-right\"><\/div><a class=\"envira-gallery-871 envira-gallery-link\" href=\"http:\/\/212.236.20.45\/wp-content\/uploads\/2023\/10\/DSC03358.jpg\" title=\"DSC03358\" data-caption=\"\" data-envira-item-id=\"873\" data-envira-retina=\"http:\/\/www.deroesterreichischefriseur.at\/wp-content\/uploads\/2023\/10\/DSC03358.jpg\" data-thumb=\"http:\/\/212.236.20.45\/wp-content\/uploads\/2023\/10\/DSC03358-75x50_c.jpg\" data-title=\"DSC03358\" data-envirabox='871' itemprop=\"contentUrl\"><img loading=\"lazy\" decoding=\"async\" src=\"http:\/\/www.deroesterreichischefriseur.at\/wp-content\/uploads\/2023\/10\/DSC03358-1024x682.jpg\" alt=\"\" class=\"envira-gallery-image envira-gallery-image-12    envira-lazy\" height=\"480\" id=\"envira-gallery-image-873\" srcset=\"data:image\/gif;base64,R0lGODlhAQABAIAAAP\/\/\/\/\/\/\/yH5BAEKAAEALAAAAAABAAEAAAICTAEAOw==\" tabindex=\"-1\" title=\"DSC03358\" width=\"640\" data-caption=\"\" data-envira-gallery-id=\"871\" data-envira-index=\"11\" data-envira-item-id=\"873\" data-envira-src=\"http:\/\/www.deroesterreichischefriseur.at\/wp-content\/uploads\/2023\/10\/DSC03358-1024x682.jpg\" data-envira-srcset=\"http:\/\/www.deroesterreichischefriseur.at\/wp-content\/uploads\/2023\/10\/DSC03358-1024x682.jpg 400w, http:\/\/www.deroesterreichischefriseur.at\/wp-content\/uploads\/2023\/10\/DSC03358-1024x682.jpg 2x\" data-title=\"DSC03358\" itemprop=\"thumbnailUrl\"  data-envirabox=\"871\" data-automatic-caption=\"DSC03358\" data-envira-height=\"200\" data-envira-width=\"300\" \/><\/a><\/div><\/div><div id=\"envira-gallery-item-884\" class=\"envira-gallery-item envira-gallery-item-13 envira-lazy-load\" style=\"padding-left: 1px; padding-bottom: 1px; padding-right: 1px;\"  itemscope itemtype=\"https:\/\/schema.org\/ImageObject\"><div class=\"envira-gallery-item-inner\"><div class=\"envira-gallery-position-overlay envira-gallery-top-left\"><\/div><div class=\"envira-gallery-position-overlay envira-gallery-top-right\"><\/div><div class=\"envira-gallery-position-overlay envira-gallery-bottom-left\"><\/div><div class=\"envira-gallery-position-overlay envira-gallery-bottom-right\"><\/div><a class=\"envira-gallery-871 envira-gallery-link\" href=\"http:\/\/212.236.20.45\/wp-content\/uploads\/2023\/10\/IMG_4734.jpg\" title=\"IMG_4734\" data-caption=\"\" data-envira-item-id=\"884\" data-envira-retina=\"http:\/\/www.deroesterreichischefriseur.at\/wp-content\/uploads\/2023\/10\/IMG_4734.jpg\" data-thumb=\"http:\/\/212.236.20.45\/wp-content\/uploads\/2023\/10\/IMG_4734-75x50_c.jpg\" data-title=\"IMG_4734\" data-envirabox='871' itemprop=\"contentUrl\"><img loading=\"lazy\" decoding=\"async\" src=\"http:\/\/www.deroesterreichischefriseur.at\/wp-content\/uploads\/2023\/10\/IMG_4734-1024x682.jpg\" alt=\"\" class=\"envira-gallery-image envira-gallery-image-13    envira-lazy\" height=\"480\" id=\"envira-gallery-image-884\" srcset=\"data:image\/gif;base64,R0lGODlhAQABAIAAAP\/\/\/\/\/\/\/yH5BAEKAAEALAAAAAABAAEAAAICTAEAOw==\" tabindex=\"-1\" title=\"IMG_4734\" width=\"640\" data-caption=\"\" data-envira-gallery-id=\"871\" data-envira-index=\"12\" data-envira-item-id=\"884\" data-envira-src=\"http:\/\/www.deroesterreichischefriseur.at\/wp-content\/uploads\/2023\/10\/IMG_4734-1024x682.jpg\" data-envira-srcset=\"http:\/\/www.deroesterreichischefriseur.at\/wp-content\/uploads\/2023\/10\/IMG_4734-1024x682.jpg 400w, http:\/\/www.deroesterreichischefriseur.at\/wp-content\/uploads\/2023\/10\/IMG_4734-1024x682.jpg 2x\" data-title=\"IMG_4734\" itemprop=\"thumbnailUrl\"  data-envirabox=\"871\" data-automatic-caption=\"IMG_4734\" data-envira-height=\"200\" data-envira-width=\"300\" \/><\/a><\/div><\/div><div id=\"envira-gallery-item-885\" class=\"envira-gallery-item envira-gallery-item-14 envira-lazy-load\" style=\"padding-left: 1px; padding-bottom: 1px; padding-right: 1px;\"  itemscope itemtype=\"https:\/\/schema.org\/ImageObject\"><div class=\"envira-gallery-item-inner\"><div class=\"envira-gallery-position-overlay envira-gallery-top-left\"><\/div><div class=\"envira-gallery-position-overlay envira-gallery-top-right\"><\/div><div class=\"envira-gallery-position-overlay envira-gallery-bottom-left\"><\/div><div class=\"envira-gallery-position-overlay envira-gallery-bottom-right\"><\/div><a class=\"envira-gallery-871 envira-gallery-link\" href=\"http:\/\/212.236.20.45\/wp-content\/uploads\/2023\/10\/IMG_4774.jpg\" title=\"IMG_4774\" data-caption=\"\" data-envira-item-id=\"885\" data-envira-retina=\"http:\/\/www.deroesterreichischefriseur.at\/wp-content\/uploads\/2023\/10\/IMG_4774.jpg\" data-thumb=\"http:\/\/212.236.20.45\/wp-content\/uploads\/2023\/10\/IMG_4774-75x50_c.jpg\" data-title=\"IMG_4774\" data-envirabox='871' itemprop=\"contentUrl\"><img loading=\"lazy\" decoding=\"async\" src=\"http:\/\/www.deroesterreichischefriseur.at\/wp-content\/uploads\/2023\/10\/IMG_4774-1024x682.jpg\" alt=\"\" class=\"envira-gallery-image envira-gallery-image-14    envira-lazy\" height=\"480\" id=\"envira-gallery-image-885\" srcset=\"data:image\/gif;base64,R0lGODlhAQABAIAAAP\/\/\/\/\/\/\/yH5BAEKAAEALAAAAAABAAEAAAICTAEAOw==\" tabindex=\"-1\" title=\"IMG_4774\" width=\"640\" data-caption=\"\" data-envira-gallery-id=\"871\" data-envira-index=\"13\" data-envira-item-id=\"885\" data-envira-src=\"http:\/\/www.deroesterreichischefriseur.at\/wp-content\/uploads\/2023\/10\/IMG_4774-1024x682.jpg\" data-envira-srcset=\"http:\/\/www.deroesterreichischefriseur.at\/wp-content\/uploads\/2023\/10\/IMG_4774-1024x682.jpg 400w, http:\/\/www.deroesterreichischefriseur.at\/wp-content\/uploads\/2023\/10\/IMG_4774-1024x682.jpg 2x\" data-title=\"IMG_4774\" itemprop=\"thumbnailUrl\"  data-envirabox=\"871\" data-automatic-caption=\"IMG_4774\" data-envira-height=\"200\" data-envira-width=\"300\" \/><\/a><\/div><\/div><div id=\"envira-gallery-item-886\" class=\"envira-gallery-item envira-gallery-item-15 envira-lazy-load\" style=\"padding-left: 1px; padding-bottom: 1px; padding-right: 1px;\"  itemscope itemtype=\"https:\/\/schema.org\/ImageObject\"><div class=\"envira-gallery-item-inner\"><div class=\"envira-gallery-position-overlay envira-gallery-top-left\"><\/div><div class=\"envira-gallery-position-overlay envira-gallery-top-right\"><\/div><div class=\"envira-gallery-position-overlay envira-gallery-bottom-left\"><\/div><div class=\"envira-gallery-position-overlay envira-gallery-bottom-right\"><\/div><a class=\"envira-gallery-871 envira-gallery-link\" href=\"http:\/\/212.236.20.45\/wp-content\/uploads\/2023\/10\/IMG_4785.jpg\" title=\"IMG_4785\" data-caption=\"\" data-envira-item-id=\"886\" data-envira-retina=\"http:\/\/www.deroesterreichischefriseur.at\/wp-content\/uploads\/2023\/10\/IMG_4785.jpg\" data-thumb=\"http:\/\/212.236.20.45\/wp-content\/uploads\/2023\/10\/IMG_4785-75x50_c.jpg\" data-title=\"IMG_4785\" data-envirabox='871' itemprop=\"contentUrl\"><img loading=\"lazy\" decoding=\"async\" src=\"http:\/\/www.deroesterreichischefriseur.at\/wp-content\/uploads\/2023\/10\/IMG_4785-1024x682.jpg\" alt=\"\" class=\"envira-gallery-image envira-gallery-image-15    envira-lazy\" height=\"480\" id=\"envira-gallery-image-886\" srcset=\"data:image\/gif;base64,R0lGODlhAQABAIAAAP\/\/\/\/\/\/\/yH5BAEKAAEALAAAAAABAAEAAAICTAEAOw==\" tabindex=\"-1\" title=\"IMG_4785\" width=\"640\" data-caption=\"\" data-envira-gallery-id=\"871\" data-envira-index=\"14\" data-envira-item-id=\"886\" data-envira-src=\"http:\/\/www.deroesterreichischefriseur.at\/wp-content\/uploads\/2023\/10\/IMG_4785-1024x682.jpg\" data-envira-srcset=\"http:\/\/www.deroesterreichischefriseur.at\/wp-content\/uploads\/2023\/10\/IMG_4785-1024x682.jpg 400w, http:\/\/www.deroesterreichischefriseur.at\/wp-content\/uploads\/2023\/10\/IMG_4785-1024x682.jpg 2x\" data-title=\"IMG_4785\" itemprop=\"thumbnailUrl\"  data-envirabox=\"871\" data-automatic-caption=\"IMG_4785\" data-envira-height=\"200\" data-envira-width=\"300\" \/><\/a><\/div><\/div><div id=\"envira-gallery-item-887\" class=\"envira-gallery-item envira-gallery-item-16 envira-lazy-load\" style=\"padding-left: 1px; padding-bottom: 1px; padding-right: 1px;\"  itemscope itemtype=\"https:\/\/schema.org\/ImageObject\"><div class=\"envira-gallery-item-inner\"><div class=\"envira-gallery-position-overlay envira-gallery-top-left\"><\/div><div class=\"envira-gallery-position-overlay envira-gallery-top-right\"><\/div><div class=\"envira-gallery-position-overlay envira-gallery-bottom-left\"><\/div><div class=\"envira-gallery-position-overlay envira-gallery-bottom-right\"><\/div><a class=\"envira-gallery-871 envira-gallery-link\" href=\"http:\/\/212.236.20.45\/wp-content\/uploads\/2023\/10\/IMG_4830.jpg\" title=\"IMG_4830\" data-caption=\"\" data-envira-item-id=\"887\" data-envira-retina=\"http:\/\/www.deroesterreichischefriseur.at\/wp-content\/uploads\/2023\/10\/IMG_4830.jpg\" data-thumb=\"http:\/\/212.236.20.45\/wp-content\/uploads\/2023\/10\/IMG_4830-75x50_c.jpg\" data-title=\"IMG_4830\" data-envirabox='871' itemprop=\"contentUrl\"><img loading=\"lazy\" decoding=\"async\" src=\"http:\/\/www.deroesterreichischefriseur.at\/wp-content\/uploads\/2023\/10\/IMG_4830-1024x682.jpg\" alt=\"\" class=\"envira-gallery-image envira-gallery-image-16    envira-lazy\" height=\"480\" id=\"envira-gallery-image-887\" srcset=\"data:image\/gif;base64,R0lGODlhAQABAIAAAP\/\/\/\/\/\/\/yH5BAEKAAEALAAAAAABAAEAAAICTAEAOw==\" tabindex=\"-1\" title=\"IMG_4830\" width=\"640\" data-caption=\"\" data-envira-gallery-id=\"871\" data-envira-index=\"15\" data-envira-item-id=\"887\" data-envira-src=\"http:\/\/www.deroesterreichischefriseur.at\/wp-content\/uploads\/2023\/10\/IMG_4830-1024x682.jpg\" data-envira-srcset=\"http:\/\/www.deroesterreichischefriseur.at\/wp-content\/uploads\/2023\/10\/IMG_4830-1024x682.jpg 400w, http:\/\/www.deroesterreichischefriseur.at\/wp-content\/uploads\/2023\/10\/IMG_4830-1024x682.jpg 2x\" data-title=\"IMG_4830\" itemprop=\"thumbnailUrl\"  data-envirabox=\"871\" data-automatic-caption=\"IMG_4830\" data-envira-height=\"200\" data-envira-width=\"300\" \/><\/a><\/div><\/div><div id=\"envira-gallery-item-888\" class=\"envira-gallery-item envira-gallery-item-17 envira-lazy-load\" style=\"padding-left: 1px; padding-bottom: 1px; padding-right: 1px;\"  itemscope itemtype=\"https:\/\/schema.org\/ImageObject\"><div class=\"envira-gallery-item-inner\"><div class=\"envira-gallery-position-overlay envira-gallery-top-left\"><\/div><div class=\"envira-gallery-position-overlay envira-gallery-top-right\"><\/div><div class=\"envira-gallery-position-overlay envira-gallery-bottom-left\"><\/div><div class=\"envira-gallery-position-overlay envira-gallery-bottom-right\"><\/div><a class=\"envira-gallery-871 envira-gallery-link\" href=\"http:\/\/212.236.20.45\/wp-content\/uploads\/2023\/10\/IMG_4845.jpg\" title=\"IMG_4845\" data-caption=\"\" data-envira-item-id=\"888\" data-envira-retina=\"http:\/\/www.deroesterreichischefriseur.at\/wp-content\/uploads\/2023\/10\/IMG_4845.jpg\" data-thumb=\"http:\/\/212.236.20.45\/wp-content\/uploads\/2023\/10\/IMG_4845-75x50_c.jpg\" data-title=\"IMG_4845\" data-envirabox='871' itemprop=\"contentUrl\"><img loading=\"lazy\" decoding=\"async\" src=\"http:\/\/www.deroesterreichischefriseur.at\/wp-content\/uploads\/2023\/10\/IMG_4845-1024x682.jpg\" alt=\"\" class=\"envira-gallery-image envira-gallery-image-17    envira-lazy\" height=\"480\" id=\"envira-gallery-image-888\" srcset=\"data:image\/gif;base64,R0lGODlhAQABAIAAAP\/\/\/\/\/\/\/yH5BAEKAAEALAAAAAABAAEAAAICTAEAOw==\" tabindex=\"-1\" title=\"IMG_4845\" width=\"640\" data-caption=\"\" data-envira-gallery-id=\"871\" data-envira-index=\"16\" data-envira-item-id=\"888\" data-envira-src=\"http:\/\/www.deroesterreichischefriseur.at\/wp-content\/uploads\/2023\/10\/IMG_4845-1024x682.jpg\" data-envira-srcset=\"http:\/\/www.deroesterreichischefriseur.at\/wp-content\/uploads\/2023\/10\/IMG_4845-1024x682.jpg 400w, http:\/\/www.deroesterreichischefriseur.at\/wp-content\/uploads\/2023\/10\/IMG_4845-1024x682.jpg 2x\" data-title=\"IMG_4845\" itemprop=\"thumbnailUrl\"  data-envirabox=\"871\" data-automatic-caption=\"IMG_4845\" data-envira-height=\"200\" data-envira-width=\"300\" \/><\/a><\/div><\/div><div id=\"envira-gallery-item-889\" class=\"envira-gallery-item envira-gallery-item-18 envira-lazy-load\" style=\"padding-left: 1px; padding-bottom: 1px; padding-right: 1px;\"  itemscope itemtype=\"https:\/\/schema.org\/ImageObject\"><div class=\"envira-gallery-item-inner\"><div class=\"envira-gallery-position-overlay envira-gallery-top-left\"><\/div><div class=\"envira-gallery-position-overlay envira-gallery-top-right\"><\/div><div class=\"envira-gallery-position-overlay envira-gallery-bottom-left\"><\/div><div class=\"envira-gallery-position-overlay envira-gallery-bottom-right\"><\/div><a class=\"envira-gallery-871 envira-gallery-link\" href=\"http:\/\/212.236.20.45\/wp-content\/uploads\/2023\/10\/IMG_4846.jpg\" title=\"IMG_4846\" data-caption=\"\" data-envira-item-id=\"889\" data-envira-retina=\"http:\/\/www.deroesterreichischefriseur.at\/wp-content\/uploads\/2023\/10\/IMG_4846.jpg\" data-thumb=\"http:\/\/212.236.20.45\/wp-content\/uploads\/2023\/10\/IMG_4846-75x50_c.jpg\" data-title=\"IMG_4846\" data-envirabox='871' itemprop=\"contentUrl\"><img loading=\"lazy\" decoding=\"async\" src=\"http:\/\/www.deroesterreichischefriseur.at\/wp-content\/uploads\/2023\/10\/IMG_4846-1024x682.jpg\" alt=\"\" class=\"envira-gallery-image envira-gallery-image-18    envira-lazy\" height=\"480\" id=\"envira-gallery-image-889\" srcset=\"data:image\/gif;base64,R0lGODlhAQABAIAAAP\/\/\/\/\/\/\/yH5BAEKAAEALAAAAAABAAEAAAICTAEAOw==\" tabindex=\"-1\" title=\"IMG_4846\" width=\"640\" data-caption=\"\" data-envira-gallery-id=\"871\" data-envira-index=\"17\" data-envira-item-id=\"889\" data-envira-src=\"http:\/\/www.deroesterreichischefriseur.at\/wp-content\/uploads\/2023\/10\/IMG_4846-1024x682.jpg\" data-envira-srcset=\"http:\/\/www.deroesterreichischefriseur.at\/wp-content\/uploads\/2023\/10\/IMG_4846-1024x682.jpg 400w, http:\/\/www.deroesterreichischefriseur.at\/wp-content\/uploads\/2023\/10\/IMG_4846-1024x682.jpg 2x\" data-title=\"IMG_4846\" itemprop=\"thumbnailUrl\"  data-envirabox=\"871\" data-automatic-caption=\"IMG_4846\" data-envira-height=\"200\" data-envira-width=\"300\" \/><\/a><\/div><\/div><div id=\"envira-gallery-item-890\" class=\"envira-gallery-item envira-gallery-item-19 envira-lazy-load\" style=\"padding-left: 1px; padding-bottom: 1px; padding-right: 1px;\"  itemscope itemtype=\"https:\/\/schema.org\/ImageObject\"><div class=\"envira-gallery-item-inner\"><div class=\"envira-gallery-position-overlay envira-gallery-top-left\"><\/div><div class=\"envira-gallery-position-overlay envira-gallery-top-right\"><\/div><div class=\"envira-gallery-position-overlay envira-gallery-bottom-left\"><\/div><div class=\"envira-gallery-position-overlay envira-gallery-bottom-right\"><\/div><a class=\"envira-gallery-871 envira-gallery-link\" href=\"http:\/\/212.236.20.45\/wp-content\/uploads\/2023\/10\/IMG_4892.jpg\" title=\"IMG_4892\" data-caption=\"\" data-envira-item-id=\"890\" data-envira-retina=\"http:\/\/www.deroesterreichischefriseur.at\/wp-content\/uploads\/2023\/10\/IMG_4892.jpg\" data-thumb=\"http:\/\/212.236.20.45\/wp-content\/uploads\/2023\/10\/IMG_4892-75x50_c.jpg\" data-title=\"IMG_4892\" data-envirabox='871' itemprop=\"contentUrl\"><img loading=\"lazy\" decoding=\"async\" src=\"http:\/\/www.deroesterreichischefriseur.at\/wp-content\/uploads\/2023\/10\/IMG_4892-1024x682.jpg\" alt=\"\" class=\"envira-gallery-image envira-gallery-image-19    envira-lazy\" height=\"480\" id=\"envira-gallery-image-890\" srcset=\"data:image\/gif;base64,R0lGODlhAQABAIAAAP\/\/\/\/\/\/\/yH5BAEKAAEALAAAAAABAAEAAAICTAEAOw==\" tabindex=\"-1\" title=\"IMG_4892\" width=\"640\" data-caption=\"\" data-envira-gallery-id=\"871\" data-envira-index=\"18\" data-envira-item-id=\"890\" data-envira-src=\"http:\/\/www.deroesterreichischefriseur.at\/wp-content\/uploads\/2023\/10\/IMG_4892-1024x682.jpg\" data-envira-srcset=\"http:\/\/www.deroesterreichischefriseur.at\/wp-content\/uploads\/2023\/10\/IMG_4892-1024x682.jpg 400w, http:\/\/www.deroesterreichischefriseur.at\/wp-content\/uploads\/2023\/10\/IMG_4892-1024x682.jpg 2x\" data-title=\"IMG_4892\" itemprop=\"thumbnailUrl\"  data-envirabox=\"871\" data-automatic-caption=\"IMG_4892\" data-envira-height=\"200\" data-envira-width=\"300\" \/><\/a><\/div><\/div><div id=\"envira-gallery-item-891\" class=\"envira-gallery-item envira-gallery-item-20 envira-lazy-load\" style=\"padding-left: 1px; padding-bottom: 1px; padding-right: 1px;\"  itemscope itemtype=\"https:\/\/schema.org\/ImageObject\"><div class=\"envira-gallery-item-inner\"><div class=\"envira-gallery-position-overlay envira-gallery-top-left\"><\/div><div class=\"envira-gallery-position-overlay envira-gallery-top-right\"><\/div><div class=\"envira-gallery-position-overlay envira-gallery-bottom-left\"><\/div><div class=\"envira-gallery-position-overlay envira-gallery-bottom-right\"><\/div><a class=\"envira-gallery-871 envira-gallery-link\" href=\"http:\/\/212.236.20.45\/wp-content\/uploads\/2023\/10\/IMG_4950.jpg\" title=\"IMG_4950\" data-caption=\"\" data-envira-item-id=\"891\" data-envira-retina=\"http:\/\/www.deroesterreichischefriseur.at\/wp-content\/uploads\/2023\/10\/IMG_4950.jpg\" data-thumb=\"http:\/\/212.236.20.45\/wp-content\/uploads\/2023\/10\/IMG_4950-75x50_c.jpg\" data-title=\"IMG_4950\" data-envirabox='871' itemprop=\"contentUrl\"><img loading=\"lazy\" decoding=\"async\" src=\"http:\/\/www.deroesterreichischefriseur.at\/wp-content\/uploads\/2023\/10\/IMG_4950-1024x682.jpg\" alt=\"\" class=\"envira-gallery-image envira-gallery-image-20    envira-lazy\" height=\"480\" id=\"envira-gallery-image-891\" srcset=\"data:image\/gif;base64,R0lGODlhAQABAIAAAP\/\/\/\/\/\/\/yH5BAEKAAEALAAAAAABAAEAAAICTAEAOw==\" tabindex=\"-1\" title=\"IMG_4950\" width=\"640\" data-caption=\"\" data-envira-gallery-id=\"871\" data-envira-index=\"19\" data-envira-item-id=\"891\" data-envira-src=\"http:\/\/www.deroesterreichischefriseur.at\/wp-content\/uploads\/2023\/10\/IMG_4950-1024x682.jpg\" data-envira-srcset=\"http:\/\/www.deroesterreichischefriseur.at\/wp-content\/uploads\/2023\/10\/IMG_4950-1024x682.jpg 400w, http:\/\/www.deroesterreichischefriseur.at\/wp-content\/uploads\/2023\/10\/IMG_4950-1024x682.jpg 2x\" data-title=\"IMG_4950\" itemprop=\"thumbnailUrl\"  data-envirabox=\"871\" data-automatic-caption=\"IMG_4950\" data-envira-height=\"200\" data-envira-width=\"300\" \/><\/a><\/div><\/div><div id=\"envira-gallery-item-892\" class=\"envira-gallery-item envira-gallery-item-21 envira-lazy-load\" style=\"padding-left: 1px; padding-bottom: 1px; padding-right: 1px;\"  itemscope itemtype=\"https:\/\/schema.org\/ImageObject\"><div class=\"envira-gallery-item-inner\"><div class=\"envira-gallery-position-overlay envira-gallery-top-left\"><\/div><div class=\"envira-gallery-position-overlay envira-gallery-top-right\"><\/div><div class=\"envira-gallery-position-overlay envira-gallery-bottom-left\"><\/div><div class=\"envira-gallery-position-overlay envira-gallery-bottom-right\"><\/div><a class=\"envira-gallery-871 envira-gallery-link\" href=\"http:\/\/212.236.20.45\/wp-content\/uploads\/2023\/10\/IMG_4969.jpg\" title=\"IMG_4969\" data-caption=\"\" data-envira-item-id=\"892\" data-envira-retina=\"http:\/\/www.deroesterreichischefriseur.at\/wp-content\/uploads\/2023\/10\/IMG_4969.jpg\" data-thumb=\"http:\/\/212.236.20.45\/wp-content\/uploads\/2023\/10\/IMG_4969-75x50_c.jpg\" data-title=\"IMG_4969\" data-envirabox='871' itemprop=\"contentUrl\"><img loading=\"lazy\" decoding=\"async\" src=\"http:\/\/www.deroesterreichischefriseur.at\/wp-content\/uploads\/2023\/10\/IMG_4969-1024x682.jpg\" alt=\"\" class=\"envira-gallery-image envira-gallery-image-21    envira-lazy\" height=\"480\" id=\"envira-gallery-image-892\" srcset=\"data:image\/gif;base64,R0lGODlhAQABAIAAAP\/\/\/\/\/\/\/yH5BAEKAAEALAAAAAABAAEAAAICTAEAOw==\" tabindex=\"-1\" title=\"IMG_4969\" width=\"640\" data-caption=\"\" data-envira-gallery-id=\"871\" data-envira-index=\"20\" data-envira-item-id=\"892\" data-envira-src=\"http:\/\/www.deroesterreichischefriseur.at\/wp-content\/uploads\/2023\/10\/IMG_4969-1024x682.jpg\" data-envira-srcset=\"http:\/\/www.deroesterreichischefriseur.at\/wp-content\/uploads\/2023\/10\/IMG_4969-1024x682.jpg 400w, http:\/\/www.deroesterreichischefriseur.at\/wp-content\/uploads\/2023\/10\/IMG_4969-1024x682.jpg 2x\" data-title=\"IMG_4969\" itemprop=\"thumbnailUrl\"  data-envirabox=\"871\" data-automatic-caption=\"IMG_4969\" data-envira-height=\"200\" data-envira-width=\"300\" \/><\/a><\/div><\/div><div id=\"envira-gallery-item-893\" class=\"envira-gallery-item envira-gallery-item-22 envira-lazy-load\" style=\"padding-left: 1px; padding-bottom: 1px; padding-right: 1px;\"  itemscope itemtype=\"https:\/\/schema.org\/ImageObject\"><div class=\"envira-gallery-item-inner\"><div class=\"envira-gallery-position-overlay envira-gallery-top-left\"><\/div><div class=\"envira-gallery-position-overlay envira-gallery-top-right\"><\/div><div class=\"envira-gallery-position-overlay envira-gallery-bottom-left\"><\/div><div class=\"envira-gallery-position-overlay envira-gallery-bottom-right\"><\/div><a class=\"envira-gallery-871 envira-gallery-link\" href=\"http:\/\/212.236.20.45\/wp-content\/uploads\/2023\/10\/IMG_5035.jpg\" title=\"IMG_5035\" data-caption=\"\" data-envira-item-id=\"893\" data-envira-retina=\"http:\/\/www.deroesterreichischefriseur.at\/wp-content\/uploads\/2023\/10\/IMG_5035.jpg\" data-thumb=\"http:\/\/212.236.20.45\/wp-content\/uploads\/2023\/10\/IMG_5035-75x50_c.jpg\" data-title=\"IMG_5035\" data-envirabox='871' itemprop=\"contentUrl\"><img loading=\"lazy\" decoding=\"async\" src=\"http:\/\/www.deroesterreichischefriseur.at\/wp-content\/uploads\/2023\/10\/IMG_5035-1024x682.jpg\" alt=\"\" class=\"envira-gallery-image envira-gallery-image-22    envira-lazy\" height=\"480\" id=\"envira-gallery-image-893\" srcset=\"data:image\/gif;base64,R0lGODlhAQABAIAAAP\/\/\/\/\/\/\/yH5BAEKAAEALAAAAAABAAEAAAICTAEAOw==\" tabindex=\"-1\" title=\"IMG_5035\" width=\"640\" data-caption=\"\" data-envira-gallery-id=\"871\" data-envira-index=\"21\" data-envira-item-id=\"893\" data-envira-src=\"http:\/\/www.deroesterreichischefriseur.at\/wp-content\/uploads\/2023\/10\/IMG_5035-1024x682.jpg\" data-envira-srcset=\"http:\/\/www.deroesterreichischefriseur.at\/wp-content\/uploads\/2023\/10\/IMG_5035-1024x682.jpg 400w, http:\/\/www.deroesterreichischefriseur.at\/wp-content\/uploads\/2023\/10\/IMG_5035-1024x682.jpg 2x\" data-title=\"IMG_5035\" itemprop=\"thumbnailUrl\"  data-envirabox=\"871\" data-automatic-caption=\"IMG_5035\" data-envira-height=\"200\" data-envira-width=\"300\" \/><\/a><\/div><\/div><div id=\"envira-gallery-item-894\" class=\"envira-gallery-item envira-gallery-item-23 envira-lazy-load\" style=\"padding-left: 1px; padding-bottom: 1px; padding-right: 1px;\"  itemscope itemtype=\"https:\/\/schema.org\/ImageObject\"><div class=\"envira-gallery-item-inner\"><div class=\"envira-gallery-position-overlay envira-gallery-top-left\"><\/div><div class=\"envira-gallery-position-overlay envira-gallery-top-right\"><\/div><div class=\"envira-gallery-position-overlay envira-gallery-bottom-left\"><\/div><div class=\"envira-gallery-position-overlay envira-gallery-bottom-right\"><\/div><a class=\"envira-gallery-871 envira-gallery-link\" href=\"http:\/\/212.236.20.45\/wp-content\/uploads\/2023\/10\/IMG_5045.jpg\" title=\"IMG_5045\" data-caption=\"\" data-envira-item-id=\"894\" data-envira-retina=\"http:\/\/www.deroesterreichischefriseur.at\/wp-content\/uploads\/2023\/10\/IMG_5045.jpg\" data-thumb=\"http:\/\/212.236.20.45\/wp-content\/uploads\/2023\/10\/IMG_5045-75x50_c.jpg\" data-title=\"IMG_5045\" data-envirabox='871' itemprop=\"contentUrl\"><img loading=\"lazy\" decoding=\"async\" src=\"http:\/\/www.deroesterreichischefriseur.at\/wp-content\/uploads\/2023\/10\/IMG_5045-1024x682.jpg\" alt=\"\" class=\"envira-gallery-image envira-gallery-image-23    envira-lazy\" height=\"480\" id=\"envira-gallery-image-894\" srcset=\"data:image\/gif;base64,R0lGODlhAQABAIAAAP\/\/\/\/\/\/\/yH5BAEKAAEALAAAAAABAAEAAAICTAEAOw==\" tabindex=\"-1\" title=\"IMG_5045\" width=\"640\" data-caption=\"\" data-envira-gallery-id=\"871\" data-envira-index=\"22\" data-envira-item-id=\"894\" data-envira-src=\"http:\/\/www.deroesterreichischefriseur.at\/wp-content\/uploads\/2023\/10\/IMG_5045-1024x682.jpg\" data-envira-srcset=\"http:\/\/www.deroesterreichischefriseur.at\/wp-content\/uploads\/2023\/10\/IMG_5045-1024x682.jpg 400w, http:\/\/www.deroesterreichischefriseur.at\/wp-content\/uploads\/2023\/10\/IMG_5045-1024x682.jpg 2x\" data-title=\"IMG_5045\" itemprop=\"thumbnailUrl\"  data-envirabox=\"871\" data-automatic-caption=\"IMG_5045\" data-envira-height=\"200\" data-envira-width=\"300\" \/><\/a><\/div><\/div><div id=\"envira-gallery-item-895\" class=\"envira-gallery-item envira-gallery-item-24 envira-lazy-load\" style=\"padding-left: 1px; padding-bottom: 1px; padding-right: 1px;\"  itemscope itemtype=\"https:\/\/schema.org\/ImageObject\"><div class=\"envira-gallery-item-inner\"><div class=\"envira-gallery-position-overlay envira-gallery-top-left\"><\/div><div class=\"envira-gallery-position-overlay envira-gallery-top-right\"><\/div><div class=\"envira-gallery-position-overlay envira-gallery-bottom-left\"><\/div><div class=\"envira-gallery-position-overlay envira-gallery-bottom-right\"><\/div><a class=\"envira-gallery-871 envira-gallery-link\" href=\"http:\/\/212.236.20.45\/wp-content\/uploads\/2023\/10\/IMG_5078.jpg\" title=\"IMG_5078\" data-caption=\"\" data-envira-item-id=\"895\" data-envira-retina=\"http:\/\/www.deroesterreichischefriseur.at\/wp-content\/uploads\/2023\/10\/IMG_5078.jpg\" data-thumb=\"http:\/\/212.236.20.45\/wp-content\/uploads\/2023\/10\/IMG_5078-75x50_c.jpg\" data-title=\"IMG_5078\" data-envirabox='871' itemprop=\"contentUrl\"><img loading=\"lazy\" decoding=\"async\" src=\"http:\/\/www.deroesterreichischefriseur.at\/wp-content\/uploads\/2023\/10\/IMG_5078-1024x682.jpg\" alt=\"\" class=\"envira-gallery-image envira-gallery-image-24    envira-lazy\" height=\"480\" id=\"envira-gallery-image-895\" srcset=\"data:image\/gif;base64,R0lGODlhAQABAIAAAP\/\/\/\/\/\/\/yH5BAEKAAEALAAAAAABAAEAAAICTAEAOw==\" tabindex=\"-1\" title=\"IMG_5078\" width=\"640\" data-caption=\"\" data-envira-gallery-id=\"871\" data-envira-index=\"23\" data-envira-item-id=\"895\" data-envira-src=\"http:\/\/www.deroesterreichischefriseur.at\/wp-content\/uploads\/2023\/10\/IMG_5078-1024x682.jpg\" data-envira-srcset=\"http:\/\/www.deroesterreichischefriseur.at\/wp-content\/uploads\/2023\/10\/IMG_5078-1024x682.jpg 400w, http:\/\/www.deroesterreichischefriseur.at\/wp-content\/uploads\/2023\/10\/IMG_5078-1024x682.jpg 2x\" data-title=\"IMG_5078\" itemprop=\"thumbnailUrl\"  data-envirabox=\"871\" data-automatic-caption=\"IMG_5078\" data-envira-height=\"200\" data-envira-width=\"300\" \/><\/a><\/div><\/div><\/div><\/div><noscript><img src='http:\/\/212.236.20.45\/wp-content\/uploads\/2023\/10\/Collage_Hair-Camp-Hamburg.jpg' alt='' class='envira_noscript_images ' \/><img src='http:\/\/212.236.20.45\/wp-content\/uploads\/2023\/10\/DSC03400.jpg' alt='' class='envira_noscript_images ' \/><img src='http:\/\/212.236.20.45\/wp-content\/uploads\/2023\/10\/DSC03509.jpg' alt='' class='envira_noscript_images ' \/><img src='http:\/\/212.236.20.45\/wp-content\/uploads\/2023\/10\/DSC03570.jpg' alt='' class='envira_noscript_images ' \/><img src='http:\/\/212.236.20.45\/wp-content\/uploads\/2023\/10\/DSC03601.jpg' alt='' class='envira_noscript_images ' \/><img src='http:\/\/212.236.20.45\/wp-content\/uploads\/2023\/10\/DSC03648.jpg' alt='' class='envira_noscript_images ' \/><img src='http:\/\/212.236.20.45\/wp-content\/uploads\/2023\/10\/DSC03732.jpg' alt='' class='envira_noscript_images ' \/><img src='http:\/\/212.236.20.45\/wp-content\/uploads\/2023\/10\/DSC03779.jpg' alt='' class='envira_noscript_images ' \/><img src='http:\/\/212.236.20.45\/wp-content\/uploads\/2023\/10\/Fassade_Bild1.jpg' alt='' class='envira_noscript_images ' \/><img src='http:\/\/212.236.20.45\/wp-content\/uploads\/2023\/10\/IMG_4159.jpg' alt='' class='envira_noscript_images ' \/><img src='http:\/\/212.236.20.45\/wp-content\/uploads\/2023\/10\/DSC03697.jpg' alt='' class='envira_noscript_images ' \/><img src='http:\/\/212.236.20.45\/wp-content\/uploads\/2023\/10\/DSC03358.jpg' alt='' class='envira_noscript_images ' \/><img src='http:\/\/212.236.20.45\/wp-content\/uploads\/2023\/10\/IMG_4734.jpg' alt='' class='envira_noscript_images ' \/><img src='http:\/\/212.236.20.45\/wp-content\/uploads\/2023\/10\/IMG_4774.jpg' alt='' class='envira_noscript_images ' \/><img src='http:\/\/212.236.20.45\/wp-content\/uploads\/2023\/10\/IMG_4785.jpg' alt='' class='envira_noscript_images ' \/><img src='http:\/\/212.236.20.45\/wp-content\/uploads\/2023\/10\/IMG_4830.jpg' alt='' class='envira_noscript_images ' \/><img src='http:\/\/212.236.20.45\/wp-content\/uploads\/2023\/10\/IMG_4845.jpg' alt='' class='envira_noscript_images ' \/><img src='http:\/\/212.236.20.45\/wp-content\/uploads\/2023\/10\/IMG_4846.jpg' alt='' class='envira_noscript_images ' \/><img src='http:\/\/212.236.20.45\/wp-content\/uploads\/2023\/10\/IMG_4892.jpg' alt='' class='envira_noscript_images ' \/><img src='http:\/\/212.236.20.45\/wp-content\/uploads\/2023\/10\/IMG_4950.jpg' alt='' class='envira_noscript_images ' \/><img src='http:\/\/212.236.20.45\/wp-content\/uploads\/2023\/10\/IMG_4969.jpg' alt='' class='envira_noscript_images ' \/><img src='http:\/\/212.236.20.45\/wp-content\/uploads\/2023\/10\/IMG_5035.jpg' alt='' class='envira_noscript_images ' \/><img src='http:\/\/212.236.20.45\/wp-content\/uploads\/2023\/10\/IMG_5045.jpg' alt='' class='envira_noscript_images ' \/><img src='http:\/\/212.236.20.45\/wp-content\/uploads\/2023\/10\/IMG_5078.jpg' alt='' class='envira_noscript_images ' \/><\/noscript><\/div>\n","protected":false},"excerpt":{"rendered":"<p>100 Friseure aus Deutschland und \u00d6sterreich trafen sich Anfang Juli zum Paul Mitchell\u00ae\u00a0Hair Camp Hamburg. Die Veranstaltung fand im\u00a0Hamburger Ding,\u00a0einem Lifestyle- Space mitten auf der Reeperbahn, statt und sorgte schon von Weitem f\u00fcr Aufsehen: Auf einer 85 m2 gro\u00dfen LED-Wand prangte das Paul Mitchell\u00ae-Logo sehr pr\u00e4sent \u00fcber der ber\u00fchmten Partymeile. Das Paul Mitchell\u00ae\u00a0Team Nord lud ein und freute sich, dass ein gro\u00dfer Teil der Trainer und G\u00e4ste sogar aus \u00d6sterreich&hellip;<\/p>\n","protected":false},"author":2,"featured_media":872,"comment_status":"closed","ping_status":"open","sticky":false,"template":"","format":"standard","meta":{"footnotes":""},"categories":[16,1],"tags":[],"class_list":["post-870","post","type-post","status-publish","format-standard","has-post-thumbnail","hentry","category-event","category-uncategorized"],"_links":{"self":[{"href":"http:\/\/www.deroesterreichischefriseur.at\/index.php?rest_route=\/wp\/v2\/posts\/870","targetHints":{"allow":["GET"]}}],"collection":[{"href":"http:\/\/www.deroesterreichischefriseur.at\/index.php?rest_route=\/wp\/v2\/posts"}],"about":[{"href":"http:\/\/www.deroesterreichischefriseur.at\/index.php?rest_route=\/wp\/v2\/types\/post"}],"author":[{"embeddable":true,"href":"http:\/\/www.deroesterreichischefriseur.at\/index.php?rest_route=\/wp\/v2\/users\/2"}],"replies":[{"embeddable":true,"href":"http:\/\/www.deroesterreichischefriseur.at\/index.php?rest_route=%2Fwp%2Fv2%2Fcomments&post=870"}],"version-history":[{"count":1,"href":"http:\/\/www.deroesterreichischefriseur.at\/index.php?rest_route=\/wp\/v2\/posts\/870\/revisions"}],"predecessor-version":[{"id":897,"href":"http:\/\/www.deroesterreichischefriseur.at\/index.php?rest_route=\/wp\/v2\/posts\/870\/revisions\/897"}],"wp:featuredmedia":[{"embeddable":true,"href":"http:\/\/www.deroesterreichischefriseur.at\/index.php?rest_route=\/wp\/v2\/media\/872"}],"wp:attachment":[{"href":"http:\/\/www.deroesterreichischefriseur.at\/index.php?rest_route=%2Fwp%2Fv2%2Fmedia&parent=870"}],"wp:term":[{"taxonomy":"category","embeddable":true,"href":"http:\/\/www.deroesterreichischefriseur.at\/index.php?rest_route=%2Fwp%2Fv2%2Fcategories&post=870"},{"taxonomy":"post_tag","embeddable":true,"href":"http:\/\/www.deroesterreichischefriseur.at\/index.php?rest_route=%2Fwp%2Fv2%2Ftags&post=870"}],"curies":[{"name":"wp","href":"https:\/\/api.w.org\/{rel}","templated":true}]}}