{"id":853,"date":"2023-10-16T20:06:12","date_gmt":"2023-10-16T18:06:12","guid":{"rendered":"http:\/\/212.236.20.45\/?p=853"},"modified":"2023-10-16T20:06:12","modified_gmt":"2023-10-16T18:06:12","slug":"la-biosthetique-coiffeure-in-kreativer-hoechstform-bei-the-greatest-sportalm-show","status":"publish","type":"post","link":"http:\/\/www.deroesterreichischefriseur.at\/?p=853","title":{"rendered":"La Biosth\u00e9tique Coiffeure in kreativer H\u00f6chstform bei\u00a0\u201eThe Greatest Sportalm Show\u201c\u00a0"},"content":{"rendered":"\n<p><em><strong>Hair &amp; Make-up Stylisten aus \u00f6sterreichischen La Biosth\u00e9tique Salons sorgten bei glamour\u00f6ser Jubil\u00e4umsshow der Kitzb\u00fcheler Fashion Brand f\u00fcr Total Beauty\u00a0Looks.<\/strong><\/em><\/p>\n\n\n\n<p>Keine geringere Location als die weltber\u00fchmte Spanische Hofreitschule in Wien bildete am 30. Juni die Kulisse f\u00fcr eine spektakul\u00e4re Show, mit der das Kitzb\u00fcheler Modeunternehmen Sportalm 70j\u00e4hriges Jubil\u00e4um feierte und gleichzeitig seine neue Kollektion f\u00fcr das kommende Fr\u00fchjahr\/Sommer 24 pr\u00e4sentierte. Als exklusiver Stylingpartner waren neun La Biosth\u00e9tique Hair- und Make-up Teams aus \u00d6sterreich am Start, um unter der Leitung der beiden Creative Directors Alexander Dinter (Hair) und Steffen Zoll (Make-up) den 40 Models, T\u00e4nzer*innen und Stars dem Anlass gerechte glamour\u00f6se Looks zu verleihen und dadurch die sportliche Eleganz der neuen Sportalm Kollektion zu unterstreichen.\u00a0Bereits am Nachmittag\u00a0konnten zahlreiche\u00a0prominente G\u00e4ste\u00a0das luxuri\u00f6se Hair &amp; Beauty-Verw\u00f6hnprogramm\u00a0in der VIP Styling Lounge des La Biosth\u00e9tique Salons Ossig rund um Starcoiffeur Bernhard Plasil am Stephansdom genie\u00dfen.<\/p>\n\n\n\n<p>Um einen traumhaft sch\u00f6nen Trend-Fashion-Look zu vollenden und ihn auf dem Red Carpet so richtig brillieren zu lassen, sind hochkar\u00e4tige Hair- und Beauty-Stylisten mit ihren Ideen und dem Gesp\u00fcr f\u00fcr die passenden glamour\u00f6sen Kreationen gefragt. Denn erst mit dem richtigen Hairstyle und Make-up wird ein Dress zum kompletten Outfit mit Wow-Effekt!\u00a0<\/p>\n\n\n\n<p>Somit blicken 20 La Biosth\u00e9tique Coiffeure mit Freude und Stolz auf ein beeindruckendes Fashion Event in der traditionsreichen Spanischen Hofreitschule in Wien zur\u00fcck, bei dem sie am 30. Juni zu kreativer H\u00f6chstform auflaufen durften, um die Models, T\u00e4nzer*innen und Stars der Sportalm-Jubil\u00e4umsshow mit atemberaubenden Hair- und Make-up-Styles f\u00fcr den Catwalk flott zu machen.\u00a0Sportalm Gesch\u00e4ftsf\u00fchrerin Ulli Ehrlich hatte im privaten Rahmen mit vielen prominenten G\u00e4sten wie Anna Ermakova, Maria H\u00f6fl-Riesch, Arabella Kiesbauer, Frauke und Nele Ludowig, Franziska Knuppe sowie bekannten Influencerinnen wie Lisa Marie und Andrea Schiffner, Dany Michalski und Neesha Dickj\u00fcrgens zum 70j\u00e4hrigen Firmenbestehen und gleichzeitig zu den 80. Geburtstagen der beiden Seniorchefs Herta und Willi Ehrlich geladen, die am Festabend f\u00fcr ihr Lebenswerk geehrt wurden.<\/p>\n\n\n\n<p>Unter dem Motto \u201eThe Greatest Show\u201c pr\u00e4sentierte die Originalbesetzung der im deutschsprachigen Raum erfolgreichen Tourneeproduktion zum gleichnamigen Musicalfilm\u00a0zu den weltbekannten Sounds gleichzeitig die brandneue 2024er Fr\u00fchjahr\/Sommer- und Dirndl-Kollektion von Sportalm \u2013 ein pers\u00f6nlicher Wunsch von Ulli Ehrlich. Die 40 Models und T\u00e4nzer*innen, unter ihnen die aktuelle Let\u2019s Dance Gewinnerin Anna Ermakova und GNTM-Finalistin Selma May, zelebrierten die Looks auf dem mit Spiegelfolie ausgelegten Laufsteg.\u00a0<\/p>\n\n\n\n<!--more-->\n\n\n<div class=\"wp-block-image\">\n<figure class=\"aligncenter size-large\"><img fetchpriority=\"high\" decoding=\"async\" width=\"683\" height=\"1024\" src=\"http:\/\/212.236.20.45\/wp-content\/uploads\/2023\/10\/labiosthetique_230630_fashionwalk_druck-2-683x1024.jpg\" alt=\"\" class=\"wp-image-856\" srcset=\"http:\/\/www.deroesterreichischefriseur.at\/wp-content\/uploads\/2023\/10\/labiosthetique_230630_fashionwalk_druck-2-683x1024.jpg 683w, http:\/\/www.deroesterreichischefriseur.at\/wp-content\/uploads\/2023\/10\/labiosthetique_230630_fashionwalk_druck-2-200x300.jpg 200w, http:\/\/www.deroesterreichischefriseur.at\/wp-content\/uploads\/2023\/10\/labiosthetique_230630_fashionwalk_druck-2-768x1151.jpg 768w, http:\/\/www.deroesterreichischefriseur.at\/wp-content\/uploads\/2023\/10\/labiosthetique_230630_fashionwalk_druck-2.jpg 854w\" sizes=\"(max-width: 683px) 100vw, 683px\" \/><\/figure>\n<\/div>\n\n\n<p><strong>Die Looks<\/strong><\/p>\n\n\n\n<p><strong>Fashion<\/strong><\/p>\n\n\n\n<p>Die neue Kollektion des Kitzb\u00fcheler Modeunternehmens begeisterte mit prachtvollen Farben und Mustern. Da trafen edle Palmblatt Prints auf Ethno Ornament Drucke, aufregende Farbkombinationen aus Lila, T\u00fcrkis und Lemon Gelb vermischten sich mit Pink und erfrischendem Wei\u00df.\u00a0Passend zu den Designs und Farben der kommenden Sportalm-Fashion-Outfits setzte das Team\u00a0von Alexander Dinter und Steffen Zoll \u2013 gemeinsam mit Georgios Tsiogkas (Sportalm) &#8211; faszinierende und very edgy Hair- und Make-up-Styles um.<\/p>\n\n\n\n<p><strong>Hair<\/strong><\/p>\n\n\n\n<p>Um das Fashion-Statement und die frische Ausstrahlung der kommenden Sportalm-Kollektion zu betonen, zauberten Alexander Dinter und sein Hairstyleteam den Modellen sanfte, lockere Beach Waves ins Haar, bei denen vor allem das Soft Texture Spray zum Einsatz kam, das f\u00fcr Volumen und die ungezwungene Definition der Wellen sorgt. Alexander Dinter:&nbsp;<em>\u201eWir haben uns f\u00fcr die Beach Waves entschieden, da sie gleicherma\u00dfen wundersch\u00f6n mit den frischen Sommer-Looks als auch mit der neuen Dirndl-Range harmonieren\u201c<\/em>. Unterst\u00fctzend wurden lange blonde Tressen mit dem Dreizack-Eisen gekreppt und gewellt und anschlie\u00dfend ins Haar geklippt. Bei den T\u00e4nzerinnen waren die Top-Stylisten gefordert, aus zwei Str\u00e4ngen einen doppelten Zopf so straff wie m\u00f6glich zu twisten, um den akrobatischen Tanzbewegungen auf der B\u00fchne zus\u00e4tzlich eine spektakul\u00e4re Dynamik zu verleihen.&nbsp;<\/p>\n\n\n\n<p><strong>Make-up<\/strong><\/p>\n\n\n\n<p>Mad about Fashion! Den unterschiedlichen Facetten der Sportalm-Kollektion gerecht zu werden, das war die Challenge f\u00fcr Steffen Zoll, die er und seine Stylisten mit zwei verschiedenen dramatischen Augen-Make-ups in Schwarz inszenierten.\u00a0<em>\u201eDunkle Augen unterstreichen die Madness, egal welchen Stil man hat und tr\u00e4gt. Es funktioniert mit allem\u201c<\/em>, so der La Biosth\u00e9tique Creative Director. W\u00e4hrend die Models mit ihren intensiv schwarz umrandeten Augen das Publikum fesselten, w\u00e4hlte Steffen f\u00fcr die akrobatischen T\u00e4nzerinnen &#8211; frei nach Tennessee Williams\u2018 \u201eCat On a Tin Roof\u201c &#8211; wild verf\u00fchrerische Katzenaugen, ein grafischer Look, bei dem der feminin, aber gleichzeitig auch extrem selbstbewusst wirkende Eyeliner (Cremeliner Black Extra) dominierte.\u00a0<\/p>\n\n\n\n<p><strong>Die La Biosth\u00e9tique Teams:<\/strong><\/p>\n\n\n\n<p>Christine Wegscheider (Wien), Michel Ziada (Wien), Looksus (Innsbruck), Art of Hair (Salzburg), Haarschneiderei (Mistelbach), Hairline Sabine Asb\u00f6ck (Wels), Salon P\u00f6ll (Kufstein), Tino Intercoiffeur (Perchtoldsdorf), KreHaartiv (Ebreichsdorf)<\/p>\n\n\n\n<div class=\"wp-block-envira-envira-gallery\"><div id=\"envira-gallery-wrap-854\" class=\"envira-gallery-wrap envira-lazy-loading-enabled envira-layout-automatic\" itemscope itemtype=\"https:\/\/schema.org\/ImageGallery\"><div class=\"envira-loader\"><div><\/div><div><\/div><div><\/div><div><\/div><\/div><div id=\"envira-gallery-854\" class=\"envira-gallery-public envira-gallery-0-columns envira-clear envira-gallery-justified-public\" data-envira-id=\"854\" data-gallery-config='{\"type\":\"default\",\"columns\":\"0\",\"gallery_theme\":\"base\",\"crop_width\":640,\"crop_height\":480,\"crop\":0,\"justified_margins\":1,\"lazy_loading\":1,\"lazy_loading_delay\":500,\"gutter\":1,\"margin\":1,\"image_size\":\"default\",\"justified_row_height\":150,\"lightbox_enabled\":1,\"gallery_link_enabled\":0,\"lightbox_theme\":\"base\",\"lightbox_image_size\":\"default\",\"title_display\":\"float\",\"classes\":[\"\"],\"rtl\":0,\"title\":\"\",\"slug\":\"la-biosthetique-the-greatest-sportalm-show\",\"layout\":\"automatic\",\"gallery_id\":\"854\"}' data-gallery-images='[{\"status\":\"active\",\"src\":\"http:\\\/\\\/www.deroesterreichischefriseur.at\\\/wp-content\\\/uploads\\\/2023\\\/10\\\/labiosthetique_230630_fashionwalk_druck-1.jpg\",\"title\":\"labiosthetique_230630_fashionwalk_druck-1\",\"link\":\"http:\\\/\\\/212.236.20.45\\\/wp-content\\\/uploads\\\/2023\\\/10\\\/labiosthetique_230630_fashionwalk_druck-1.jpg\",\"alt\":\"\",\"caption\":false,\"thumb\":\"http:\\\/\\\/www.deroesterreichischefriseur.at\\\/wp-content\\\/uploads\\\/2023\\\/10\\\/labiosthetique_230630_fashionwalk_druck-1-75x50_c.jpg\",\"meta\":{\"aperture\":\"2.8\",\"credit\":null,\"camera\":\"ILCE-7M4\",\"caption\":\"\",\"created_timestamp\":\"1656623541\",\"copyright\":null,\"focal_length\":\"180\",\"iso\":\"2000\",\"shutter_speed\":\"0.004\",\"title\":\"\",\"orientation\":\"1\",\"keywords\":null,\"resized_images\":null},\"thumbnail\":\"http:\\\/\\\/www.deroesterreichischefriseur.at\\\/wp-content\\\/uploads\\\/2023\\\/10\\\/labiosthetique_230630_fashionwalk_druck-1-150x150.jpg\",\"medium\":\"http:\\\/\\\/www.deroesterreichischefriseur.at\\\/wp-content\\\/uploads\\\/2023\\\/10\\\/labiosthetique_230630_fashionwalk_druck-1-200x300.jpg\",\"medium_large\":\"http:\\\/\\\/www.deroesterreichischefriseur.at\\\/wp-content\\\/uploads\\\/2023\\\/10\\\/labiosthetique_230630_fashionwalk_druck-1-768x1151.jpg\",\"large\":\"http:\\\/\\\/www.deroesterreichischefriseur.at\\\/wp-content\\\/uploads\\\/2023\\\/10\\\/labiosthetique_230630_fashionwalk_druck-1-683x1024.jpg\",\"1536x1536\":\"http:\\\/\\\/www.deroesterreichischefriseur.at\\\/wp-content\\\/uploads\\\/2023\\\/10\\\/labiosthetique_230630_fashionwalk_druck-1.jpg\",\"2048x2048\":\"http:\\\/\\\/www.deroesterreichischefriseur.at\\\/wp-content\\\/uploads\\\/2023\\\/10\\\/labiosthetique_230630_fashionwalk_druck-1.jpg\",\"purea-magazine-slider-posts\":\"http:\\\/\\\/www.deroesterreichischefriseur.at\\\/wp-content\\\/uploads\\\/2023\\\/10\\\/labiosthetique_230630_fashionwalk_druck-1-854x500.jpg\",\"purea-magazine-posts\":\"http:\\\/\\\/www.deroesterreichischefriseur.at\\\/wp-content\\\/uploads\\\/2023\\\/10\\\/labiosthetique_230630_fashionwalk_druck-1-765x500.jpg\",\"purea-magazine-posts-thumb\":\"http:\\\/\\\/www.deroesterreichischefriseur.at\\\/wp-content\\\/uploads\\\/2023\\\/10\\\/labiosthetique_230630_fashionwalk_druck-1-150x100.jpg\",\"full\":\"http:\\\/\\\/www.deroesterreichischefriseur.at\\\/wp-content\\\/uploads\\\/2023\\\/10\\\/labiosthetique_230630_fashionwalk_druck-1.jpg\",\"index\":0,\"id\":855,\"video\":false,\"opts\":{\"caption\":\"\",\"thumb\":\"http:\\\/\\\/www.deroesterreichischefriseur.at\\\/wp-content\\\/uploads\\\/2023\\\/10\\\/labiosthetique_230630_fashionwalk_druck-1-75x50_c.jpg\",\"title\":\"labiosthetique_230630_fashionwalk_druck-1\"},\"gallery_id\":\"854\"},{\"status\":\"active\",\"src\":\"http:\\\/\\\/www.deroesterreichischefriseur.at\\\/wp-content\\\/uploads\\\/2023\\\/10\\\/labiosthetique_230630_fashionwalk_druck-2.jpg\",\"title\":\"labiosthetique_230630_fashionwalk_druck-2\",\"link\":\"http:\\\/\\\/212.236.20.45\\\/wp-content\\\/uploads\\\/2023\\\/10\\\/labiosthetique_230630_fashionwalk_druck-2.jpg\",\"alt\":\"\",\"caption\":false,\"thumb\":\"http:\\\/\\\/www.deroesterreichischefriseur.at\\\/wp-content\\\/uploads\\\/2023\\\/10\\\/labiosthetique_230630_fashionwalk_druck-2-75x50_c.jpg\",\"meta\":{\"aperture\":\"2.8\",\"credit\":null,\"camera\":\"ILCE-7M4\",\"caption\":\"\",\"created_timestamp\":\"1656623577\",\"copyright\":null,\"focal_length\":\"180\",\"iso\":\"3200\",\"shutter_speed\":\"0.004\",\"title\":\"\",\"orientation\":\"1\",\"keywords\":null,\"resized_images\":null},\"thumbnail\":\"http:\\\/\\\/www.deroesterreichischefriseur.at\\\/wp-content\\\/uploads\\\/2023\\\/10\\\/labiosthetique_230630_fashionwalk_druck-2-150x150.jpg\",\"medium\":\"http:\\\/\\\/www.deroesterreichischefriseur.at\\\/wp-content\\\/uploads\\\/2023\\\/10\\\/labiosthetique_230630_fashionwalk_druck-2-200x300.jpg\",\"medium_large\":\"http:\\\/\\\/www.deroesterreichischefriseur.at\\\/wp-content\\\/uploads\\\/2023\\\/10\\\/labiosthetique_230630_fashionwalk_druck-2-768x1151.jpg\",\"large\":\"http:\\\/\\\/www.deroesterreichischefriseur.at\\\/wp-content\\\/uploads\\\/2023\\\/10\\\/labiosthetique_230630_fashionwalk_druck-2-683x1024.jpg\",\"1536x1536\":\"http:\\\/\\\/www.deroesterreichischefriseur.at\\\/wp-content\\\/uploads\\\/2023\\\/10\\\/labiosthetique_230630_fashionwalk_druck-2.jpg\",\"2048x2048\":\"http:\\\/\\\/www.deroesterreichischefriseur.at\\\/wp-content\\\/uploads\\\/2023\\\/10\\\/labiosthetique_230630_fashionwalk_druck-2.jpg\",\"purea-magazine-slider-posts\":\"http:\\\/\\\/www.deroesterreichischefriseur.at\\\/wp-content\\\/uploads\\\/2023\\\/10\\\/labiosthetique_230630_fashionwalk_druck-2-854x500.jpg\",\"purea-magazine-posts\":\"http:\\\/\\\/www.deroesterreichischefriseur.at\\\/wp-content\\\/uploads\\\/2023\\\/10\\\/labiosthetique_230630_fashionwalk_druck-2-765x500.jpg\",\"purea-magazine-posts-thumb\":\"http:\\\/\\\/www.deroesterreichischefriseur.at\\\/wp-content\\\/uploads\\\/2023\\\/10\\\/labiosthetique_230630_fashionwalk_druck-2-150x100.jpg\",\"full\":\"http:\\\/\\\/www.deroesterreichischefriseur.at\\\/wp-content\\\/uploads\\\/2023\\\/10\\\/labiosthetique_230630_fashionwalk_druck-2.jpg\",\"index\":1,\"id\":856,\"video\":false,\"opts\":{\"caption\":\"\",\"thumb\":\"http:\\\/\\\/www.deroesterreichischefriseur.at\\\/wp-content\\\/uploads\\\/2023\\\/10\\\/labiosthetique_230630_fashionwalk_druck-2-75x50_c.jpg\",\"title\":\"labiosthetique_230630_fashionwalk_druck-2\"},\"gallery_id\":\"854\"},{\"status\":\"active\",\"src\":\"http:\\\/\\\/www.deroesterreichischefriseur.at\\\/wp-content\\\/uploads\\\/2023\\\/10\\\/labiosthetique_230630_fashionwalk_druck-4.jpg\",\"title\":\"labiosthetique_230630_fashionwalk_druck-4\",\"link\":\"http:\\\/\\\/212.236.20.45\\\/wp-content\\\/uploads\\\/2023\\\/10\\\/labiosthetique_230630_fashionwalk_druck-4.jpg\",\"alt\":\"\",\"caption\":false,\"thumb\":\"http:\\\/\\\/www.deroesterreichischefriseur.at\\\/wp-content\\\/uploads\\\/2023\\\/10\\\/labiosthetique_230630_fashionwalk_druck-4-75x50_c.jpg\",\"meta\":{\"aperture\":\"2.8\",\"credit\":null,\"camera\":\"ILCE-7M4\",\"caption\":\"\",\"created_timestamp\":\"1656624055\",\"copyright\":null,\"focal_length\":\"180\",\"iso\":\"2500\",\"shutter_speed\":\"0.004\",\"title\":\"\",\"orientation\":\"1\",\"keywords\":null,\"resized_images\":null},\"thumbnail\":\"http:\\\/\\\/www.deroesterreichischefriseur.at\\\/wp-content\\\/uploads\\\/2023\\\/10\\\/labiosthetique_230630_fashionwalk_druck-4-150x150.jpg\",\"medium\":\"http:\\\/\\\/www.deroesterreichischefriseur.at\\\/wp-content\\\/uploads\\\/2023\\\/10\\\/labiosthetique_230630_fashionwalk_druck-4-200x300.jpg\",\"medium_large\":\"http:\\\/\\\/www.deroesterreichischefriseur.at\\\/wp-content\\\/uploads\\\/2023\\\/10\\\/labiosthetique_230630_fashionwalk_druck-4-768x1151.jpg\",\"large\":\"http:\\\/\\\/www.deroesterreichischefriseur.at\\\/wp-content\\\/uploads\\\/2023\\\/10\\\/labiosthetique_230630_fashionwalk_druck-4-683x1024.jpg\",\"1536x1536\":\"http:\\\/\\\/www.deroesterreichischefriseur.at\\\/wp-content\\\/uploads\\\/2023\\\/10\\\/labiosthetique_230630_fashionwalk_druck-4.jpg\",\"2048x2048\":\"http:\\\/\\\/www.deroesterreichischefriseur.at\\\/wp-content\\\/uploads\\\/2023\\\/10\\\/labiosthetique_230630_fashionwalk_druck-4.jpg\",\"purea-magazine-slider-posts\":\"http:\\\/\\\/www.deroesterreichischefriseur.at\\\/wp-content\\\/uploads\\\/2023\\\/10\\\/labiosthetique_230630_fashionwalk_druck-4-854x500.jpg\",\"purea-magazine-posts\":\"http:\\\/\\\/www.deroesterreichischefriseur.at\\\/wp-content\\\/uploads\\\/2023\\\/10\\\/labiosthetique_230630_fashionwalk_druck-4-765x500.jpg\",\"purea-magazine-posts-thumb\":\"http:\\\/\\\/www.deroesterreichischefriseur.at\\\/wp-content\\\/uploads\\\/2023\\\/10\\\/labiosthetique_230630_fashionwalk_druck-4-150x100.jpg\",\"full\":\"http:\\\/\\\/www.deroesterreichischefriseur.at\\\/wp-content\\\/uploads\\\/2023\\\/10\\\/labiosthetique_230630_fashionwalk_druck-4.jpg\",\"index\":2,\"id\":857,\"video\":false,\"opts\":{\"caption\":\"\",\"thumb\":\"http:\\\/\\\/www.deroesterreichischefriseur.at\\\/wp-content\\\/uploads\\\/2023\\\/10\\\/labiosthetique_230630_fashionwalk_druck-4-75x50_c.jpg\",\"title\":\"labiosthetique_230630_fashionwalk_druck-4\"},\"gallery_id\":\"854\"},{\"status\":\"active\",\"src\":\"http:\\\/\\\/www.deroesterreichischefriseur.at\\\/wp-content\\\/uploads\\\/2023\\\/10\\\/labiosthetique_230630_fashionwalk_druck-5.jpg\",\"title\":\"labiosthetique_230630_fashionwalk_druck-5\",\"link\":\"http:\\\/\\\/212.236.20.45\\\/wp-content\\\/uploads\\\/2023\\\/10\\\/labiosthetique_230630_fashionwalk_druck-5.jpg\",\"alt\":\"\",\"caption\":false,\"thumb\":\"http:\\\/\\\/www.deroesterreichischefriseur.at\\\/wp-content\\\/uploads\\\/2023\\\/10\\\/labiosthetique_230630_fashionwalk_druck-5-75x50_c.jpg\",\"meta\":{\"aperture\":\"2.8\",\"credit\":null,\"camera\":\"ILCE-7M4\",\"caption\":\"\",\"created_timestamp\":\"1656624074\",\"copyright\":null,\"focal_length\":\"180\",\"iso\":\"1600\",\"shutter_speed\":\"0.004\",\"title\":\"\",\"orientation\":\"1\",\"keywords\":null,\"resized_images\":null},\"thumbnail\":\"http:\\\/\\\/www.deroesterreichischefriseur.at\\\/wp-content\\\/uploads\\\/2023\\\/10\\\/labiosthetique_230630_fashionwalk_druck-5-150x150.jpg\",\"medium\":\"http:\\\/\\\/www.deroesterreichischefriseur.at\\\/wp-content\\\/uploads\\\/2023\\\/10\\\/labiosthetique_230630_fashionwalk_druck-5-200x300.jpg\",\"medium_large\":\"http:\\\/\\\/www.deroesterreichischefriseur.at\\\/wp-content\\\/uploads\\\/2023\\\/10\\\/labiosthetique_230630_fashionwalk_druck-5-768x1151.jpg\",\"large\":\"http:\\\/\\\/www.deroesterreichischefriseur.at\\\/wp-content\\\/uploads\\\/2023\\\/10\\\/labiosthetique_230630_fashionwalk_druck-5-683x1024.jpg\",\"1536x1536\":\"http:\\\/\\\/www.deroesterreichischefriseur.at\\\/wp-content\\\/uploads\\\/2023\\\/10\\\/labiosthetique_230630_fashionwalk_druck-5.jpg\",\"2048x2048\":\"http:\\\/\\\/www.deroesterreichischefriseur.at\\\/wp-content\\\/uploads\\\/2023\\\/10\\\/labiosthetique_230630_fashionwalk_druck-5.jpg\",\"purea-magazine-slider-posts\":\"http:\\\/\\\/www.deroesterreichischefriseur.at\\\/wp-content\\\/uploads\\\/2023\\\/10\\\/labiosthetique_230630_fashionwalk_druck-5-854x500.jpg\",\"purea-magazine-posts\":\"http:\\\/\\\/www.deroesterreichischefriseur.at\\\/wp-content\\\/uploads\\\/2023\\\/10\\\/labiosthetique_230630_fashionwalk_druck-5-765x500.jpg\",\"purea-magazine-posts-thumb\":\"http:\\\/\\\/www.deroesterreichischefriseur.at\\\/wp-content\\\/uploads\\\/2023\\\/10\\\/labiosthetique_230630_fashionwalk_druck-5-150x100.jpg\",\"full\":\"http:\\\/\\\/www.deroesterreichischefriseur.at\\\/wp-content\\\/uploads\\\/2023\\\/10\\\/labiosthetique_230630_fashionwalk_druck-5.jpg\",\"index\":3,\"id\":858,\"video\":false,\"opts\":{\"caption\":\"\",\"thumb\":\"http:\\\/\\\/www.deroesterreichischefriseur.at\\\/wp-content\\\/uploads\\\/2023\\\/10\\\/labiosthetique_230630_fashionwalk_druck-5-75x50_c.jpg\",\"title\":\"labiosthetique_230630_fashionwalk_druck-5\"},\"gallery_id\":\"854\"},{\"status\":\"active\",\"src\":\"http:\\\/\\\/www.deroesterreichischefriseur.at\\\/wp-content\\\/uploads\\\/2023\\\/10\\\/labiosthetique_230630_fashionwalk_druck-7.jpg\",\"title\":\"labiosthetique_230630_fashionwalk_druck-7\",\"link\":\"http:\\\/\\\/212.236.20.45\\\/wp-content\\\/uploads\\\/2023\\\/10\\\/labiosthetique_230630_fashionwalk_druck-7.jpg\",\"alt\":\"\",\"caption\":false,\"thumb\":\"http:\\\/\\\/www.deroesterreichischefriseur.at\\\/wp-content\\\/uploads\\\/2023\\\/10\\\/labiosthetique_230630_fashionwalk_druck-7-75x50_c.jpg\",\"meta\":{\"aperture\":\"2.8\",\"credit\":null,\"camera\":\"ILCE-7M4\",\"caption\":\"\",\"created_timestamp\":\"1656624153\",\"copyright\":null,\"focal_length\":\"180\",\"iso\":\"2000\",\"shutter_speed\":\"0.004\",\"title\":\"\",\"orientation\":\"1\",\"keywords\":null,\"resized_images\":null},\"thumbnail\":\"http:\\\/\\\/www.deroesterreichischefriseur.at\\\/wp-content\\\/uploads\\\/2023\\\/10\\\/labiosthetique_230630_fashionwalk_druck-7-150x150.jpg\",\"medium\":\"http:\\\/\\\/www.deroesterreichischefriseur.at\\\/wp-content\\\/uploads\\\/2023\\\/10\\\/labiosthetique_230630_fashionwalk_druck-7-200x300.jpg\",\"medium_large\":\"http:\\\/\\\/www.deroesterreichischefriseur.at\\\/wp-content\\\/uploads\\\/2023\\\/10\\\/labiosthetique_230630_fashionwalk_druck-7-768x1151.jpg\",\"large\":\"http:\\\/\\\/www.deroesterreichischefriseur.at\\\/wp-content\\\/uploads\\\/2023\\\/10\\\/labiosthetique_230630_fashionwalk_druck-7-683x1024.jpg\",\"1536x1536\":\"http:\\\/\\\/www.deroesterreichischefriseur.at\\\/wp-content\\\/uploads\\\/2023\\\/10\\\/labiosthetique_230630_fashionwalk_druck-7.jpg\",\"2048x2048\":\"http:\\\/\\\/www.deroesterreichischefriseur.at\\\/wp-content\\\/uploads\\\/2023\\\/10\\\/labiosthetique_230630_fashionwalk_druck-7.jpg\",\"purea-magazine-slider-posts\":\"http:\\\/\\\/www.deroesterreichischefriseur.at\\\/wp-content\\\/uploads\\\/2023\\\/10\\\/labiosthetique_230630_fashionwalk_druck-7-854x500.jpg\",\"purea-magazine-posts\":\"http:\\\/\\\/www.deroesterreichischefriseur.at\\\/wp-content\\\/uploads\\\/2023\\\/10\\\/labiosthetique_230630_fashionwalk_druck-7-765x500.jpg\",\"purea-magazine-posts-thumb\":\"http:\\\/\\\/www.deroesterreichischefriseur.at\\\/wp-content\\\/uploads\\\/2023\\\/10\\\/labiosthetique_230630_fashionwalk_druck-7-150x100.jpg\",\"full\":\"http:\\\/\\\/www.deroesterreichischefriseur.at\\\/wp-content\\\/uploads\\\/2023\\\/10\\\/labiosthetique_230630_fashionwalk_druck-7.jpg\",\"index\":4,\"id\":859,\"video\":false,\"opts\":{\"caption\":\"\",\"thumb\":\"http:\\\/\\\/www.deroesterreichischefriseur.at\\\/wp-content\\\/uploads\\\/2023\\\/10\\\/labiosthetique_230630_fashionwalk_druck-7-75x50_c.jpg\",\"title\":\"labiosthetique_230630_fashionwalk_druck-7\"},\"gallery_id\":\"854\"},{\"status\":\"active\",\"src\":\"http:\\\/\\\/www.deroesterreichischefriseur.at\\\/wp-content\\\/uploads\\\/2023\\\/10\\\/labiosthetique_230630_fashionwalk_druck-9.jpg\",\"title\":\"labiosthetique_230630_fashionwalk_druck-9\",\"link\":\"http:\\\/\\\/212.236.20.45\\\/wp-content\\\/uploads\\\/2023\\\/10\\\/labiosthetique_230630_fashionwalk_druck-9.jpg\",\"alt\":\"\",\"caption\":false,\"thumb\":\"http:\\\/\\\/www.deroesterreichischefriseur.at\\\/wp-content\\\/uploads\\\/2023\\\/10\\\/labiosthetique_230630_fashionwalk_druck-9-75x50_c.jpg\",\"meta\":{\"aperture\":\"2.8\",\"credit\":null,\"camera\":\"ILCE-7M4\",\"caption\":\"\",\"created_timestamp\":\"1656624908\",\"copyright\":null,\"focal_length\":\"142\",\"iso\":\"1250\",\"shutter_speed\":\"0.004\",\"title\":\"\",\"orientation\":\"1\",\"keywords\":null,\"resized_images\":null},\"thumbnail\":\"http:\\\/\\\/www.deroesterreichischefriseur.at\\\/wp-content\\\/uploads\\\/2023\\\/10\\\/labiosthetique_230630_fashionwalk_druck-9-150x150.jpg\",\"medium\":\"http:\\\/\\\/www.deroesterreichischefriseur.at\\\/wp-content\\\/uploads\\\/2023\\\/10\\\/labiosthetique_230630_fashionwalk_druck-9-200x300.jpg\",\"medium_large\":\"http:\\\/\\\/www.deroesterreichischefriseur.at\\\/wp-content\\\/uploads\\\/2023\\\/10\\\/labiosthetique_230630_fashionwalk_druck-9-768x1151.jpg\",\"large\":\"http:\\\/\\\/www.deroesterreichischefriseur.at\\\/wp-content\\\/uploads\\\/2023\\\/10\\\/labiosthetique_230630_fashionwalk_druck-9-683x1024.jpg\",\"1536x1536\":\"http:\\\/\\\/www.deroesterreichischefriseur.at\\\/wp-content\\\/uploads\\\/2023\\\/10\\\/labiosthetique_230630_fashionwalk_druck-9.jpg\",\"2048x2048\":\"http:\\\/\\\/www.deroesterreichischefriseur.at\\\/wp-content\\\/uploads\\\/2023\\\/10\\\/labiosthetique_230630_fashionwalk_druck-9.jpg\",\"purea-magazine-slider-posts\":\"http:\\\/\\\/www.deroesterreichischefriseur.at\\\/wp-content\\\/uploads\\\/2023\\\/10\\\/labiosthetique_230630_fashionwalk_druck-9-854x500.jpg\",\"purea-magazine-posts\":\"http:\\\/\\\/www.deroesterreichischefriseur.at\\\/wp-content\\\/uploads\\\/2023\\\/10\\\/labiosthetique_230630_fashionwalk_druck-9-765x500.jpg\",\"purea-magazine-posts-thumb\":\"http:\\\/\\\/www.deroesterreichischefriseur.at\\\/wp-content\\\/uploads\\\/2023\\\/10\\\/labiosthetique_230630_fashionwalk_druck-9-150x100.jpg\",\"full\":\"http:\\\/\\\/www.deroesterreichischefriseur.at\\\/wp-content\\\/uploads\\\/2023\\\/10\\\/labiosthetique_230630_fashionwalk_druck-9.jpg\",\"index\":5,\"id\":860,\"video\":false,\"opts\":{\"caption\":\"\",\"thumb\":\"http:\\\/\\\/www.deroesterreichischefriseur.at\\\/wp-content\\\/uploads\\\/2023\\\/10\\\/labiosthetique_230630_fashionwalk_druck-9-75x50_c.jpg\",\"title\":\"labiosthetique_230630_fashionwalk_druck-9\"},\"gallery_id\":\"854\"},{\"status\":\"active\",\"src\":\"http:\\\/\\\/www.deroesterreichischefriseur.at\\\/wp-content\\\/uploads\\\/2023\\\/10\\\/labiosthetique_230630_sportalm_web-95.jpg\",\"title\":\"labiosthetique_230630_sportalm_web-95\",\"link\":\"http:\\\/\\\/212.236.20.45\\\/wp-content\\\/uploads\\\/2023\\\/10\\\/labiosthetique_230630_sportalm_web-95.jpg\",\"alt\":\"\",\"caption\":false,\"thumb\":\"http:\\\/\\\/www.deroesterreichischefriseur.at\\\/wp-content\\\/uploads\\\/2023\\\/10\\\/labiosthetique_230630_sportalm_web-95-75x50_c.jpg\",\"meta\":{\"aperture\":\"4\",\"credit\":null,\"camera\":\"ILCE-7M4\",\"caption\":\"\",\"created_timestamp\":\"1656606827\",\"copyright\":\"Jonas Mahdalicek\",\"focal_length\":\"34\",\"iso\":\"400\",\"shutter_speed\":\"0.005\",\"title\":\"\",\"orientation\":\"1\",\"keywords\":null,\"resized_images\":null},\"thumbnail\":\"http:\\\/\\\/www.deroesterreichischefriseur.at\\\/wp-content\\\/uploads\\\/2023\\\/10\\\/labiosthetique_230630_sportalm_web-95-150x150.jpg\",\"medium\":\"http:\\\/\\\/www.deroesterreichischefriseur.at\\\/wp-content\\\/uploads\\\/2023\\\/10\\\/labiosthetique_230630_sportalm_web-95-300x200.jpg\",\"medium_large\":\"http:\\\/\\\/www.deroesterreichischefriseur.at\\\/wp-content\\\/uploads\\\/2023\\\/10\\\/labiosthetique_230630_sportalm_web-95-768x512.jpg\",\"large\":\"http:\\\/\\\/www.deroesterreichischefriseur.at\\\/wp-content\\\/uploads\\\/2023\\\/10\\\/labiosthetique_230630_sportalm_web-95-1024x682.jpg\",\"1536x1536\":\"http:\\\/\\\/www.deroesterreichischefriseur.at\\\/wp-content\\\/uploads\\\/2023\\\/10\\\/labiosthetique_230630_sportalm_web-95.jpg\",\"2048x2048\":\"http:\\\/\\\/www.deroesterreichischefriseur.at\\\/wp-content\\\/uploads\\\/2023\\\/10\\\/labiosthetique_230630_sportalm_web-95.jpg\",\"purea-magazine-slider-posts\":\"http:\\\/\\\/www.deroesterreichischefriseur.at\\\/wp-content\\\/uploads\\\/2023\\\/10\\\/labiosthetique_230630_sportalm_web-95-1280x500.jpg\",\"purea-magazine-posts\":\"http:\\\/\\\/www.deroesterreichischefriseur.at\\\/wp-content\\\/uploads\\\/2023\\\/10\\\/labiosthetique_230630_sportalm_web-95-765x500.jpg\",\"purea-magazine-posts-thumb\":\"http:\\\/\\\/www.deroesterreichischefriseur.at\\\/wp-content\\\/uploads\\\/2023\\\/10\\\/labiosthetique_230630_sportalm_web-95-150x100.jpg\",\"full\":\"http:\\\/\\\/www.deroesterreichischefriseur.at\\\/wp-content\\\/uploads\\\/2023\\\/10\\\/labiosthetique_230630_sportalm_web-95.jpg\",\"index\":6,\"id\":863,\"video\":false,\"opts\":{\"caption\":\"\",\"thumb\":\"http:\\\/\\\/www.deroesterreichischefriseur.at\\\/wp-content\\\/uploads\\\/2023\\\/10\\\/labiosthetique_230630_sportalm_web-95-75x50_c.jpg\",\"title\":\"labiosthetique_230630_sportalm_web-95\"},\"gallery_id\":\"854\"},{\"status\":\"active\",\"src\":\"http:\\\/\\\/www.deroesterreichischefriseur.at\\\/wp-content\\\/uploads\\\/2023\\\/10\\\/labiosthetique_230630_sportalm_web-116.jpg\",\"title\":\"labiosthetique_230630_sportalm_web-116\",\"link\":\"http:\\\/\\\/212.236.20.45\\\/wp-content\\\/uploads\\\/2023\\\/10\\\/labiosthetique_230630_sportalm_web-116.jpg\",\"alt\":\"\",\"caption\":false,\"thumb\":\"http:\\\/\\\/www.deroesterreichischefriseur.at\\\/wp-content\\\/uploads\\\/2023\\\/10\\\/labiosthetique_230630_sportalm_web-116-75x50_c.jpg\",\"meta\":{\"aperture\":\"3.5\",\"credit\":null,\"camera\":\"ILCE-7M4\",\"caption\":\"\",\"created_timestamp\":\"1656609273\",\"copyright\":\"Jonas Mahdalicek\",\"focal_length\":\"28\",\"iso\":\"400\",\"shutter_speed\":\"0.005\",\"title\":\"\",\"orientation\":\"1\",\"keywords\":null,\"resized_images\":null},\"thumbnail\":\"http:\\\/\\\/www.deroesterreichischefriseur.at\\\/wp-content\\\/uploads\\\/2023\\\/10\\\/labiosthetique_230630_sportalm_web-116-150x150.jpg\",\"medium\":\"http:\\\/\\\/www.deroesterreichischefriseur.at\\\/wp-content\\\/uploads\\\/2023\\\/10\\\/labiosthetique_230630_sportalm_web-116-300x200.jpg\",\"medium_large\":\"http:\\\/\\\/www.deroesterreichischefriseur.at\\\/wp-content\\\/uploads\\\/2023\\\/10\\\/labiosthetique_230630_sportalm_web-116-768x512.jpg\",\"large\":\"http:\\\/\\\/www.deroesterreichischefriseur.at\\\/wp-content\\\/uploads\\\/2023\\\/10\\\/labiosthetique_230630_sportalm_web-116-1024x682.jpg\",\"1536x1536\":\"http:\\\/\\\/www.deroesterreichischefriseur.at\\\/wp-content\\\/uploads\\\/2023\\\/10\\\/labiosthetique_230630_sportalm_web-116.jpg\",\"2048x2048\":\"http:\\\/\\\/www.deroesterreichischefriseur.at\\\/wp-content\\\/uploads\\\/2023\\\/10\\\/labiosthetique_230630_sportalm_web-116.jpg\",\"purea-magazine-slider-posts\":\"http:\\\/\\\/www.deroesterreichischefriseur.at\\\/wp-content\\\/uploads\\\/2023\\\/10\\\/labiosthetique_230630_sportalm_web-116-1280x500.jpg\",\"purea-magazine-posts\":\"http:\\\/\\\/www.deroesterreichischefriseur.at\\\/wp-content\\\/uploads\\\/2023\\\/10\\\/labiosthetique_230630_sportalm_web-116-765x500.jpg\",\"purea-magazine-posts-thumb\":\"http:\\\/\\\/www.deroesterreichischefriseur.at\\\/wp-content\\\/uploads\\\/2023\\\/10\\\/labiosthetique_230630_sportalm_web-116-150x100.jpg\",\"full\":\"http:\\\/\\\/www.deroesterreichischefriseur.at\\\/wp-content\\\/uploads\\\/2023\\\/10\\\/labiosthetique_230630_sportalm_web-116.jpg\",\"index\":7,\"id\":864,\"video\":false,\"opts\":{\"caption\":\"\",\"thumb\":\"http:\\\/\\\/www.deroesterreichischefriseur.at\\\/wp-content\\\/uploads\\\/2023\\\/10\\\/labiosthetique_230630_sportalm_web-116-75x50_c.jpg\",\"title\":\"labiosthetique_230630_sportalm_web-116\"},\"gallery_id\":\"854\"},{\"status\":\"active\",\"src\":\"http:\\\/\\\/www.deroesterreichischefriseur.at\\\/wp-content\\\/uploads\\\/2023\\\/10\\\/labiosthetique_230630_sportalm_web-189.jpg\",\"title\":\"labiosthetique_230630_sportalm_web-189\",\"link\":\"http:\\\/\\\/212.236.20.45\\\/wp-content\\\/uploads\\\/2023\\\/10\\\/labiosthetique_230630_sportalm_web-189.jpg\",\"alt\":\"\",\"caption\":false,\"thumb\":\"http:\\\/\\\/www.deroesterreichischefriseur.at\\\/wp-content\\\/uploads\\\/2023\\\/10\\\/labiosthetique_230630_sportalm_web-189-75x50_c.jpg\",\"meta\":{\"aperture\":\"2.8\",\"credit\":null,\"camera\":\"ILCE-7M4\",\"caption\":\"\",\"created_timestamp\":\"1656614642\",\"copyright\":\"Jonas Mahdalicek\",\"focal_length\":\"47\",\"iso\":\"400\",\"shutter_speed\":\"0.005\",\"title\":\"\",\"orientation\":\"1\",\"keywords\":null,\"resized_images\":null},\"thumbnail\":\"http:\\\/\\\/www.deroesterreichischefriseur.at\\\/wp-content\\\/uploads\\\/2023\\\/10\\\/labiosthetique_230630_sportalm_web-189-150x150.jpg\",\"medium\":\"http:\\\/\\\/www.deroesterreichischefriseur.at\\\/wp-content\\\/uploads\\\/2023\\\/10\\\/labiosthetique_230630_sportalm_web-189-200x300.jpg\",\"medium_large\":\"http:\\\/\\\/www.deroesterreichischefriseur.at\\\/wp-content\\\/uploads\\\/2023\\\/10\\\/labiosthetique_230630_sportalm_web-189-768x1152.jpg\",\"large\":\"http:\\\/\\\/www.deroesterreichischefriseur.at\\\/wp-content\\\/uploads\\\/2023\\\/10\\\/labiosthetique_230630_sportalm_web-189-682x1024.jpg\",\"1536x1536\":\"http:\\\/\\\/www.deroesterreichischefriseur.at\\\/wp-content\\\/uploads\\\/2023\\\/10\\\/labiosthetique_230630_sportalm_web-189.jpg\",\"2048x2048\":\"http:\\\/\\\/www.deroesterreichischefriseur.at\\\/wp-content\\\/uploads\\\/2023\\\/10\\\/labiosthetique_230630_sportalm_web-189.jpg\",\"purea-magazine-slider-posts\":\"http:\\\/\\\/www.deroesterreichischefriseur.at\\\/wp-content\\\/uploads\\\/2023\\\/10\\\/labiosthetique_230630_sportalm_web-189-853x500.jpg\",\"purea-magazine-posts\":\"http:\\\/\\\/www.deroesterreichischefriseur.at\\\/wp-content\\\/uploads\\\/2023\\\/10\\\/labiosthetique_230630_sportalm_web-189-765x500.jpg\",\"purea-magazine-posts-thumb\":\"http:\\\/\\\/www.deroesterreichischefriseur.at\\\/wp-content\\\/uploads\\\/2023\\\/10\\\/labiosthetique_230630_sportalm_web-189-150x100.jpg\",\"full\":\"http:\\\/\\\/www.deroesterreichischefriseur.at\\\/wp-content\\\/uploads\\\/2023\\\/10\\\/labiosthetique_230630_sportalm_web-189.jpg\",\"index\":8,\"id\":865,\"video\":false,\"opts\":{\"caption\":\"\",\"thumb\":\"http:\\\/\\\/www.deroesterreichischefriseur.at\\\/wp-content\\\/uploads\\\/2023\\\/10\\\/labiosthetique_230630_sportalm_web-189-75x50_c.jpg\",\"title\":\"labiosthetique_230630_sportalm_web-189\"},\"gallery_id\":\"854\"},{\"status\":\"active\",\"src\":\"http:\\\/\\\/www.deroesterreichischefriseur.at\\\/wp-content\\\/uploads\\\/2023\\\/10\\\/labiosthetique_230630_fashionwalk_druck-10.jpg\",\"title\":\"labiosthetique_230630_fashionwalk_druck-10\",\"link\":\"http:\\\/\\\/212.236.20.45\\\/wp-content\\\/uploads\\\/2023\\\/10\\\/labiosthetique_230630_fashionwalk_druck-10.jpg\",\"alt\":\"\",\"caption\":false,\"thumb\":\"http:\\\/\\\/www.deroesterreichischefriseur.at\\\/wp-content\\\/uploads\\\/2023\\\/10\\\/labiosthetique_230630_fashionwalk_druck-10-75x50_c.jpg\",\"meta\":{\"aperture\":\"2.8\",\"credit\":null,\"camera\":\"ILCE-7M4\",\"caption\":\"\",\"created_timestamp\":\"1656624988\",\"copyright\":null,\"focal_length\":\"180\",\"iso\":\"1600\",\"shutter_speed\":\"0.004\",\"title\":\"\",\"orientation\":\"1\",\"keywords\":null,\"resized_images\":null},\"thumbnail\":\"http:\\\/\\\/www.deroesterreichischefriseur.at\\\/wp-content\\\/uploads\\\/2023\\\/10\\\/labiosthetique_230630_fashionwalk_druck-10-150x150.jpg\",\"medium\":\"http:\\\/\\\/www.deroesterreichischefriseur.at\\\/wp-content\\\/uploads\\\/2023\\\/10\\\/labiosthetique_230630_fashionwalk_druck-10-200x300.jpg\",\"medium_large\":\"http:\\\/\\\/www.deroesterreichischefriseur.at\\\/wp-content\\\/uploads\\\/2023\\\/10\\\/labiosthetique_230630_fashionwalk_druck-10-768x1151.jpg\",\"large\":\"http:\\\/\\\/www.deroesterreichischefriseur.at\\\/wp-content\\\/uploads\\\/2023\\\/10\\\/labiosthetique_230630_fashionwalk_druck-10-683x1024.jpg\",\"1536x1536\":\"http:\\\/\\\/www.deroesterreichischefriseur.at\\\/wp-content\\\/uploads\\\/2023\\\/10\\\/labiosthetique_230630_fashionwalk_druck-10.jpg\",\"2048x2048\":\"http:\\\/\\\/www.deroesterreichischefriseur.at\\\/wp-content\\\/uploads\\\/2023\\\/10\\\/labiosthetique_230630_fashionwalk_druck-10.jpg\",\"purea-magazine-slider-posts\":\"http:\\\/\\\/www.deroesterreichischefriseur.at\\\/wp-content\\\/uploads\\\/2023\\\/10\\\/labiosthetique_230630_fashionwalk_druck-10-854x500.jpg\",\"purea-magazine-posts\":\"http:\\\/\\\/www.deroesterreichischefriseur.at\\\/wp-content\\\/uploads\\\/2023\\\/10\\\/labiosthetique_230630_fashionwalk_druck-10-765x500.jpg\",\"purea-magazine-posts-thumb\":\"http:\\\/\\\/www.deroesterreichischefriseur.at\\\/wp-content\\\/uploads\\\/2023\\\/10\\\/labiosthetique_230630_fashionwalk_druck-10-150x100.jpg\",\"full\":\"http:\\\/\\\/www.deroesterreichischefriseur.at\\\/wp-content\\\/uploads\\\/2023\\\/10\\\/labiosthetique_230630_fashionwalk_druck-10.jpg\",\"index\":9,\"id\":861,\"video\":false,\"opts\":{\"caption\":\"\",\"thumb\":\"http:\\\/\\\/www.deroesterreichischefriseur.at\\\/wp-content\\\/uploads\\\/2023\\\/10\\\/labiosthetique_230630_fashionwalk_druck-10-75x50_c.jpg\",\"title\":\"labiosthetique_230630_fashionwalk_druck-10\"},\"gallery_id\":\"854\"},{\"status\":\"active\",\"src\":\"http:\\\/\\\/www.deroesterreichischefriseur.at\\\/wp-content\\\/uploads\\\/2023\\\/10\\\/labiosthetique_230630_sportalm_web-219.jpg\",\"title\":\"labiosthetique_230630_sportalm_web-219\",\"link\":\"http:\\\/\\\/212.236.20.45\\\/wp-content\\\/uploads\\\/2023\\\/10\\\/labiosthetique_230630_sportalm_web-219.jpg\",\"alt\":\"\",\"caption\":false,\"thumb\":\"http:\\\/\\\/www.deroesterreichischefriseur.at\\\/wp-content\\\/uploads\\\/2023\\\/10\\\/labiosthetique_230630_sportalm_web-219-75x50_c.jpg\",\"meta\":{\"aperture\":\"2.8\",\"credit\":null,\"camera\":\"ILCE-7M4\",\"caption\":\"\",\"created_timestamp\":\"1656616007\",\"copyright\":\"Jonas Mahdalicek\",\"focal_length\":\"40\",\"iso\":\"400\",\"shutter_speed\":\"0.005\",\"title\":\"\",\"orientation\":\"1\",\"keywords\":null,\"resized_images\":null},\"thumbnail\":\"http:\\\/\\\/www.deroesterreichischefriseur.at\\\/wp-content\\\/uploads\\\/2023\\\/10\\\/labiosthetique_230630_sportalm_web-219-150x150.jpg\",\"medium\":\"http:\\\/\\\/www.deroesterreichischefriseur.at\\\/wp-content\\\/uploads\\\/2023\\\/10\\\/labiosthetique_230630_sportalm_web-219-200x300.jpg\",\"medium_large\":\"http:\\\/\\\/www.deroesterreichischefriseur.at\\\/wp-content\\\/uploads\\\/2023\\\/10\\\/labiosthetique_230630_sportalm_web-219-768x1152.jpg\",\"large\":\"http:\\\/\\\/www.deroesterreichischefriseur.at\\\/wp-content\\\/uploads\\\/2023\\\/10\\\/labiosthetique_230630_sportalm_web-219-682x1024.jpg\",\"1536x1536\":\"http:\\\/\\\/www.deroesterreichischefriseur.at\\\/wp-content\\\/uploads\\\/2023\\\/10\\\/labiosthetique_230630_sportalm_web-219.jpg\",\"2048x2048\":\"http:\\\/\\\/www.deroesterreichischefriseur.at\\\/wp-content\\\/uploads\\\/2023\\\/10\\\/labiosthetique_230630_sportalm_web-219.jpg\",\"purea-magazine-slider-posts\":\"http:\\\/\\\/www.deroesterreichischefriseur.at\\\/wp-content\\\/uploads\\\/2023\\\/10\\\/labiosthetique_230630_sportalm_web-219-853x500.jpg\",\"purea-magazine-posts\":\"http:\\\/\\\/www.deroesterreichischefriseur.at\\\/wp-content\\\/uploads\\\/2023\\\/10\\\/labiosthetique_230630_sportalm_web-219-765x500.jpg\",\"purea-magazine-posts-thumb\":\"http:\\\/\\\/www.deroesterreichischefriseur.at\\\/wp-content\\\/uploads\\\/2023\\\/10\\\/labiosthetique_230630_sportalm_web-219-150x100.jpg\",\"full\":\"http:\\\/\\\/www.deroesterreichischefriseur.at\\\/wp-content\\\/uploads\\\/2023\\\/10\\\/labiosthetique_230630_sportalm_web-219.jpg\",\"index\":10,\"id\":866,\"video\":false,\"opts\":{\"caption\":\"\",\"thumb\":\"http:\\\/\\\/www.deroesterreichischefriseur.at\\\/wp-content\\\/uploads\\\/2023\\\/10\\\/labiosthetique_230630_sportalm_web-219-75x50_c.jpg\",\"title\":\"labiosthetique_230630_sportalm_web-219\"},\"gallery_id\":\"854\"},{\"status\":\"active\",\"src\":\"http:\\\/\\\/www.deroesterreichischefriseur.at\\\/wp-content\\\/uploads\\\/2023\\\/10\\\/labiosthetique_230630_sportalm_web-243.jpg\",\"title\":\"labiosthetique_230630_sportalm_web-243\",\"link\":\"http:\\\/\\\/212.236.20.45\\\/wp-content\\\/uploads\\\/2023\\\/10\\\/labiosthetique_230630_sportalm_web-243.jpg\",\"alt\":\"\",\"caption\":false,\"thumb\":\"http:\\\/\\\/www.deroesterreichischefriseur.at\\\/wp-content\\\/uploads\\\/2023\\\/10\\\/labiosthetique_230630_sportalm_web-243-75x50_c.jpg\",\"meta\":{\"aperture\":\"2.8\",\"credit\":null,\"camera\":\"ILCE-7M4\",\"caption\":\"\",\"created_timestamp\":\"1656617467\",\"copyright\":\"Jonas Mahdalicek\",\"focal_length\":\"58\",\"iso\":\"400\",\"shutter_speed\":\"0.005\",\"title\":\"\",\"orientation\":\"1\",\"keywords\":null,\"resized_images\":null},\"thumbnail\":\"http:\\\/\\\/www.deroesterreichischefriseur.at\\\/wp-content\\\/uploads\\\/2023\\\/10\\\/labiosthetique_230630_sportalm_web-243-150x150.jpg\",\"medium\":\"http:\\\/\\\/www.deroesterreichischefriseur.at\\\/wp-content\\\/uploads\\\/2023\\\/10\\\/labiosthetique_230630_sportalm_web-243-200x300.jpg\",\"medium_large\":\"http:\\\/\\\/www.deroesterreichischefriseur.at\\\/wp-content\\\/uploads\\\/2023\\\/10\\\/labiosthetique_230630_sportalm_web-243-768x1152.jpg\",\"large\":\"http:\\\/\\\/www.deroesterreichischefriseur.at\\\/wp-content\\\/uploads\\\/2023\\\/10\\\/labiosthetique_230630_sportalm_web-243-682x1024.jpg\",\"1536x1536\":\"http:\\\/\\\/www.deroesterreichischefriseur.at\\\/wp-content\\\/uploads\\\/2023\\\/10\\\/labiosthetique_230630_sportalm_web-243.jpg\",\"2048x2048\":\"http:\\\/\\\/www.deroesterreichischefriseur.at\\\/wp-content\\\/uploads\\\/2023\\\/10\\\/labiosthetique_230630_sportalm_web-243.jpg\",\"purea-magazine-slider-posts\":\"http:\\\/\\\/www.deroesterreichischefriseur.at\\\/wp-content\\\/uploads\\\/2023\\\/10\\\/labiosthetique_230630_sportalm_web-243-853x500.jpg\",\"purea-magazine-posts\":\"http:\\\/\\\/www.deroesterreichischefriseur.at\\\/wp-content\\\/uploads\\\/2023\\\/10\\\/labiosthetique_230630_sportalm_web-243-765x500.jpg\",\"purea-magazine-posts-thumb\":\"http:\\\/\\\/www.deroesterreichischefriseur.at\\\/wp-content\\\/uploads\\\/2023\\\/10\\\/labiosthetique_230630_sportalm_web-243-150x100.jpg\",\"full\":\"http:\\\/\\\/www.deroesterreichischefriseur.at\\\/wp-content\\\/uploads\\\/2023\\\/10\\\/labiosthetique_230630_sportalm_web-243.jpg\",\"index\":11,\"id\":867,\"video\":false,\"opts\":{\"caption\":\"\",\"thumb\":\"http:\\\/\\\/www.deroesterreichischefriseur.at\\\/wp-content\\\/uploads\\\/2023\\\/10\\\/labiosthetique_230630_sportalm_web-243-75x50_c.jpg\",\"title\":\"labiosthetique_230630_sportalm_web-243\"},\"gallery_id\":\"854\"},{\"status\":\"active\",\"src\":\"http:\\\/\\\/www.deroesterreichischefriseur.at\\\/wp-content\\\/uploads\\\/2023\\\/10\\\/labiosthetique_230630_fashionwalk_druck-11.jpg\",\"title\":\"labiosthetique_230630_fashionwalk_druck-11\",\"link\":\"http:\\\/\\\/212.236.20.45\\\/wp-content\\\/uploads\\\/2023\\\/10\\\/labiosthetique_230630_fashionwalk_druck-11.jpg\",\"alt\":\"\",\"caption\":false,\"thumb\":\"http:\\\/\\\/www.deroesterreichischefriseur.at\\\/wp-content\\\/uploads\\\/2023\\\/10\\\/labiosthetique_230630_fashionwalk_druck-11-75x50_c.jpg\",\"meta\":{\"aperture\":\"2.8\",\"credit\":null,\"camera\":\"ILCE-7M4\",\"caption\":\"\",\"created_timestamp\":\"1656625005\",\"copyright\":null,\"focal_length\":\"180\",\"iso\":\"1600\",\"shutter_speed\":\"0.004\",\"title\":\"\",\"orientation\":\"1\",\"keywords\":null,\"resized_images\":null},\"thumbnail\":\"http:\\\/\\\/www.deroesterreichischefriseur.at\\\/wp-content\\\/uploads\\\/2023\\\/10\\\/labiosthetique_230630_fashionwalk_druck-11-150x150.jpg\",\"medium\":\"http:\\\/\\\/www.deroesterreichischefriseur.at\\\/wp-content\\\/uploads\\\/2023\\\/10\\\/labiosthetique_230630_fashionwalk_druck-11-200x300.jpg\",\"medium_large\":\"http:\\\/\\\/www.deroesterreichischefriseur.at\\\/wp-content\\\/uploads\\\/2023\\\/10\\\/labiosthetique_230630_fashionwalk_druck-11-768x1151.jpg\",\"large\":\"http:\\\/\\\/www.deroesterreichischefriseur.at\\\/wp-content\\\/uploads\\\/2023\\\/10\\\/labiosthetique_230630_fashionwalk_druck-11-683x1024.jpg\",\"1536x1536\":\"http:\\\/\\\/www.deroesterreichischefriseur.at\\\/wp-content\\\/uploads\\\/2023\\\/10\\\/labiosthetique_230630_fashionwalk_druck-11.jpg\",\"2048x2048\":\"http:\\\/\\\/www.deroesterreichischefriseur.at\\\/wp-content\\\/uploads\\\/2023\\\/10\\\/labiosthetique_230630_fashionwalk_druck-11.jpg\",\"purea-magazine-slider-posts\":\"http:\\\/\\\/www.deroesterreichischefriseur.at\\\/wp-content\\\/uploads\\\/2023\\\/10\\\/labiosthetique_230630_fashionwalk_druck-11-854x500.jpg\",\"purea-magazine-posts\":\"http:\\\/\\\/www.deroesterreichischefriseur.at\\\/wp-content\\\/uploads\\\/2023\\\/10\\\/labiosthetique_230630_fashionwalk_druck-11-765x500.jpg\",\"purea-magazine-posts-thumb\":\"http:\\\/\\\/www.deroesterreichischefriseur.at\\\/wp-content\\\/uploads\\\/2023\\\/10\\\/labiosthetique_230630_fashionwalk_druck-11-150x100.jpg\",\"full\":\"http:\\\/\\\/www.deroesterreichischefriseur.at\\\/wp-content\\\/uploads\\\/2023\\\/10\\\/labiosthetique_230630_fashionwalk_druck-11.jpg\",\"index\":12,\"id\":862,\"video\":false,\"opts\":{\"caption\":\"\",\"thumb\":\"http:\\\/\\\/www.deroesterreichischefriseur.at\\\/wp-content\\\/uploads\\\/2023\\\/10\\\/labiosthetique_230630_fashionwalk_druck-11-75x50_c.jpg\",\"title\":\"labiosthetique_230630_fashionwalk_druck-11\"},\"gallery_id\":\"854\"},{\"status\":\"active\",\"src\":\"http:\\\/\\\/www.deroesterreichischefriseur.at\\\/wp-content\\\/uploads\\\/2023\\\/10\\\/labiosthetique_230630_sportalm_web-252.jpg\",\"title\":\"labiosthetique_230630_sportalm_web-252\",\"link\":\"http:\\\/\\\/212.236.20.45\\\/wp-content\\\/uploads\\\/2023\\\/10\\\/labiosthetique_230630_sportalm_web-252.jpg\",\"alt\":\"\",\"caption\":false,\"thumb\":\"http:\\\/\\\/www.deroesterreichischefriseur.at\\\/wp-content\\\/uploads\\\/2023\\\/10\\\/labiosthetique_230630_sportalm_web-252-75x50_c.jpg\",\"meta\":{\"aperture\":\"4\",\"credit\":null,\"camera\":\"ILCE-7M4\",\"caption\":\"\",\"created_timestamp\":\"1656618459\",\"copyright\":\"Jonas Mahdalicek\",\"focal_length\":\"22\",\"iso\":\"800\",\"shutter_speed\":\"0.005\",\"title\":\"\",\"orientation\":\"1\",\"keywords\":null,\"resized_images\":null},\"thumbnail\":\"http:\\\/\\\/www.deroesterreichischefriseur.at\\\/wp-content\\\/uploads\\\/2023\\\/10\\\/labiosthetique_230630_sportalm_web-252-150x150.jpg\",\"medium\":\"http:\\\/\\\/www.deroesterreichischefriseur.at\\\/wp-content\\\/uploads\\\/2023\\\/10\\\/labiosthetique_230630_sportalm_web-252-300x200.jpg\",\"medium_large\":\"http:\\\/\\\/www.deroesterreichischefriseur.at\\\/wp-content\\\/uploads\\\/2023\\\/10\\\/labiosthetique_230630_sportalm_web-252-768x512.jpg\",\"large\":\"http:\\\/\\\/www.deroesterreichischefriseur.at\\\/wp-content\\\/uploads\\\/2023\\\/10\\\/labiosthetique_230630_sportalm_web-252-1024x682.jpg\",\"1536x1536\":\"http:\\\/\\\/www.deroesterreichischefriseur.at\\\/wp-content\\\/uploads\\\/2023\\\/10\\\/labiosthetique_230630_sportalm_web-252.jpg\",\"2048x2048\":\"http:\\\/\\\/www.deroesterreichischefriseur.at\\\/wp-content\\\/uploads\\\/2023\\\/10\\\/labiosthetique_230630_sportalm_web-252.jpg\",\"purea-magazine-slider-posts\":\"http:\\\/\\\/www.deroesterreichischefriseur.at\\\/wp-content\\\/uploads\\\/2023\\\/10\\\/labiosthetique_230630_sportalm_web-252-1280x500.jpg\",\"purea-magazine-posts\":\"http:\\\/\\\/www.deroesterreichischefriseur.at\\\/wp-content\\\/uploads\\\/2023\\\/10\\\/labiosthetique_230630_sportalm_web-252-765x500.jpg\",\"purea-magazine-posts-thumb\":\"http:\\\/\\\/www.deroesterreichischefriseur.at\\\/wp-content\\\/uploads\\\/2023\\\/10\\\/labiosthetique_230630_sportalm_web-252-150x100.jpg\",\"full\":\"http:\\\/\\\/www.deroesterreichischefriseur.at\\\/wp-content\\\/uploads\\\/2023\\\/10\\\/labiosthetique_230630_sportalm_web-252.jpg\",\"index\":13,\"id\":868,\"video\":false,\"opts\":{\"caption\":\"\",\"thumb\":\"http:\\\/\\\/www.deroesterreichischefriseur.at\\\/wp-content\\\/uploads\\\/2023\\\/10\\\/labiosthetique_230630_sportalm_web-252-75x50_c.jpg\",\"title\":\"labiosthetique_230630_sportalm_web-252\"},\"gallery_id\":\"854\"}]' data-lightbox-theme='{&quot;arrows&quot;:1,&quot;margins&quot;:[220,0],&quot;gutter&quot;:&quot;50&quot;,&quot;base_template&quot;:&quot;&lt;div id=\\&quot;envirabox-854\\&quot; data-envirabox-id=\\&quot;854\\&quot; class=\\&quot;envirabox-container envirabox-theme-base envirabox-wrap\\&quot; role=\\&quot;dialog\\&quot;&gt;&lt;div class=\\&quot;envirabox-bg\\&quot;&gt;&lt;\\\/div&gt;&lt;div class=\\&quot;envirabox-outer\\&quot;&gt;&lt;div class=\\&quot;envirabox-inner\\&quot;&gt;&lt;div id=\\&quot;envirabox-buttons\\&quot; class=\\&quot;envirabox-infobar top\\&quot;&gt;&lt;ul&gt;&lt;li&gt;&lt;a data-envirabox-prev class=\\&quot;btnPrev\\&quot; title=\\&quot;Previous\\&quot; href=\\&quot;#\\&quot;&gt;&lt;\\\/a&gt;&lt;\\\/li&gt;&lt;li&gt;&lt;a data-envirabox-next class=\\&quot;btnNext\\&quot; title=\\&quot;Next\\&quot; href=\\&quot;#\\&quot;&gt;&lt;\\\/a&gt;&lt;\\\/li&gt;&lt;li&gt;&lt;a data-envirabox-close class=\\&quot;btnClose\\&quot; title=\\&quot;Close\\&quot; href=\\&quot;javascript:;\\&quot;&gt;&lt;\\\/a&gt;&lt;\\\/li&gt;&lt;\\\/ul&gt;&lt;\\\/div&gt;&lt;div class=\\&quot;envirabox-position-overlay envira-gallery-top-left\\&quot;&gt;&lt;\\\/div&gt;&lt;div class=\\&quot;envirabox-position-overlay envira-gallery-top-right\\&quot;&gt;&lt;\\\/div&gt;&lt;div class=\\&quot;envirabox-position-overlay envira-gallery-bottom-left\\&quot;&gt;&lt;\\\/div&gt;&lt;div class=\\&quot;envirabox-position-overlay envira-gallery-bottom-right\\&quot;&gt;&lt;\\\/div&gt;&lt;div class=\\&quot;envirabox-stage\\&quot;&gt;&lt;\\\/div&gt;&lt;\\\/div&gt;&lt;\\\/div&gt;&lt;\\\/div&gt;&quot;,&quot;load_all&quot;:false,&quot;error_template&quot;:&quot;&lt;div class=\\&quot;envirabox-error\\&quot;&gt;&lt;p&gt;{{ERROR}}&lt;p&gt;&lt;\\\/div&gt;&quot;,&quot;inner_caption&quot;:true,&quot;caption_position&quot;:&quot;float&quot;,&quot;thumbs_position&quot;:&quot;bottom&quot;,&quot;arrow_position&quot;:&quot;inside&quot;,&quot;toolbar&quot;:false,&quot;infobar&quot;:true,&quot;show_smallbtn&quot;:true,&quot;idle_time&quot;:false,&quot;click_content&quot;:false,&quot;click_slide&quot;:false,&quot;click_outside&quot;:false,&quot;animation_duration&quot;:false,&quot;transition_duration&quot;:false,&quot;small_btn_template&quot;:&quot;&lt;a data-envirabox-close class=\\&quot;envirabox-item envirabox-close envirabox-button--close\\&quot; title=\\&quot;Close\\&quot; href=\\&quot;#\\&quot;&gt;&lt;\\\/a&gt;&quot;}' data-parsed-attrs='{\"id\":\"854\",\"cache\":true}'><div id=\"envira-gallery-item-855\" class=\"envira-gallery-item envira-gallery-item-1 envira-lazy-load\" style=\"padding-left: 1px; padding-bottom: 1px; padding-right: 1px;\"  itemscope itemtype=\"https:\/\/schema.org\/ImageObject\"><div class=\"envira-gallery-item-inner\"><div class=\"envira-gallery-position-overlay envira-gallery-top-left\"><\/div><div class=\"envira-gallery-position-overlay envira-gallery-top-right\"><\/div><div class=\"envira-gallery-position-overlay envira-gallery-bottom-left\"><\/div><div class=\"envira-gallery-position-overlay envira-gallery-bottom-right\"><\/div><a class=\"envira-gallery-854 envira-gallery-link\" href=\"http:\/\/212.236.20.45\/wp-content\/uploads\/2023\/10\/labiosthetique_230630_fashionwalk_druck-1.jpg\" title=\"labiosthetique_230630_fashionwalk_druck-1\" data-caption=\"\" data-envira-item-id=\"855\" data-envira-retina=\"http:\/\/www.deroesterreichischefriseur.at\/wp-content\/uploads\/2023\/10\/labiosthetique_230630_fashionwalk_druck-1.jpg\" data-thumb=\"http:\/\/212.236.20.45\/wp-content\/uploads\/2023\/10\/labiosthetique_230630_fashionwalk_druck-1-75x50_c.jpg\" data-title=\"labiosthetique_230630_fashionwalk_druck-1\" data-envirabox='854' itemprop=\"contentUrl\"><img decoding=\"async\" src=\"http:\/\/www.deroesterreichischefriseur.at\/wp-content\/uploads\/2023\/10\/labiosthetique_230630_fashionwalk_druck-1-683x1024.jpg\" alt=\"\" class=\"envira-gallery-image envira-gallery-image-1    envira-lazy\" height=\"480\" id=\"envira-gallery-image-855\" srcset=\"data:image\/gif;base64,R0lGODlhAQABAIAAAP\/\/\/\/\/\/\/yH5BAEKAAEALAAAAAABAAEAAAICTAEAOw==\" tabindex=\"-1\" title=\"labiosthetique_230630_fashionwalk_druck-1\" width=\"640\" data-caption=\"\" data-envira-gallery-id=\"854\" data-envira-index=\"0\" data-envira-item-id=\"855\" data-envira-src=\"http:\/\/www.deroesterreichischefriseur.at\/wp-content\/uploads\/2023\/10\/labiosthetique_230630_fashionwalk_druck-1-683x1024.jpg\" data-envira-srcset=\"http:\/\/www.deroesterreichischefriseur.at\/wp-content\/uploads\/2023\/10\/labiosthetique_230630_fashionwalk_druck-1-683x1024.jpg 400w, http:\/\/www.deroesterreichischefriseur.at\/wp-content\/uploads\/2023\/10\/labiosthetique_230630_fashionwalk_druck-1-683x1024.jpg 2x\" data-title=\"labiosthetique_230630_fashionwalk_druck-1\" itemprop=\"thumbnailUrl\"  data-envirabox=\"854\" data-automatic-caption=\"labiosthetique_230630_fashionwalk_druck-1\" data-envira-height=\"300\" data-envira-width=\"200\" \/><\/a><\/div><\/div><div id=\"envira-gallery-item-856\" class=\"envira-gallery-item envira-gallery-item-2 envira-lazy-load\" style=\"padding-left: 1px; padding-bottom: 1px; padding-right: 1px;\"  itemscope itemtype=\"https:\/\/schema.org\/ImageObject\"><div class=\"envira-gallery-item-inner\"><div class=\"envira-gallery-position-overlay envira-gallery-top-left\"><\/div><div class=\"envira-gallery-position-overlay envira-gallery-top-right\"><\/div><div class=\"envira-gallery-position-overlay envira-gallery-bottom-left\"><\/div><div class=\"envira-gallery-position-overlay envira-gallery-bottom-right\"><\/div><a class=\"envira-gallery-854 envira-gallery-link\" href=\"http:\/\/212.236.20.45\/wp-content\/uploads\/2023\/10\/labiosthetique_230630_fashionwalk_druck-2.jpg\" title=\"labiosthetique_230630_fashionwalk_druck-2\" data-caption=\"\" data-envira-item-id=\"856\" data-envira-retina=\"http:\/\/www.deroesterreichischefriseur.at\/wp-content\/uploads\/2023\/10\/labiosthetique_230630_fashionwalk_druck-2.jpg\" data-thumb=\"http:\/\/212.236.20.45\/wp-content\/uploads\/2023\/10\/labiosthetique_230630_fashionwalk_druck-2-75x50_c.jpg\" data-title=\"labiosthetique_230630_fashionwalk_druck-2\" data-envirabox='854' itemprop=\"contentUrl\"><img decoding=\"async\" src=\"http:\/\/www.deroesterreichischefriseur.at\/wp-content\/uploads\/2023\/10\/labiosthetique_230630_fashionwalk_druck-2-683x1024.jpg\" alt=\"\" class=\"envira-gallery-image envira-gallery-image-2    envira-lazy\" height=\"480\" id=\"envira-gallery-image-856\" srcset=\"data:image\/gif;base64,R0lGODlhAQABAIAAAP\/\/\/\/\/\/\/yH5BAEKAAEALAAAAAABAAEAAAICTAEAOw==\" tabindex=\"-1\" title=\"labiosthetique_230630_fashionwalk_druck-2\" width=\"640\" data-caption=\"\" data-envira-gallery-id=\"854\" data-envira-index=\"1\" data-envira-item-id=\"856\" data-envira-src=\"http:\/\/www.deroesterreichischefriseur.at\/wp-content\/uploads\/2023\/10\/labiosthetique_230630_fashionwalk_druck-2-683x1024.jpg\" data-envira-srcset=\"http:\/\/www.deroesterreichischefriseur.at\/wp-content\/uploads\/2023\/10\/labiosthetique_230630_fashionwalk_druck-2-683x1024.jpg 400w, http:\/\/www.deroesterreichischefriseur.at\/wp-content\/uploads\/2023\/10\/labiosthetique_230630_fashionwalk_druck-2-683x1024.jpg 2x\" data-title=\"labiosthetique_230630_fashionwalk_druck-2\" itemprop=\"thumbnailUrl\"  data-envirabox=\"854\" data-automatic-caption=\"labiosthetique_230630_fashionwalk_druck-2\" data-envira-height=\"300\" data-envira-width=\"200\" \/><\/a><\/div><\/div><div id=\"envira-gallery-item-857\" class=\"envira-gallery-item envira-gallery-item-3 envira-lazy-load\" style=\"padding-left: 1px; padding-bottom: 1px; padding-right: 1px;\"  itemscope itemtype=\"https:\/\/schema.org\/ImageObject\"><div class=\"envira-gallery-item-inner\"><div class=\"envira-gallery-position-overlay envira-gallery-top-left\"><\/div><div class=\"envira-gallery-position-overlay envira-gallery-top-right\"><\/div><div class=\"envira-gallery-position-overlay envira-gallery-bottom-left\"><\/div><div class=\"envira-gallery-position-overlay envira-gallery-bottom-right\"><\/div><a class=\"envira-gallery-854 envira-gallery-link\" href=\"http:\/\/212.236.20.45\/wp-content\/uploads\/2023\/10\/labiosthetique_230630_fashionwalk_druck-4.jpg\" title=\"labiosthetique_230630_fashionwalk_druck-4\" data-caption=\"\" data-envira-item-id=\"857\" data-envira-retina=\"http:\/\/www.deroesterreichischefriseur.at\/wp-content\/uploads\/2023\/10\/labiosthetique_230630_fashionwalk_druck-4.jpg\" data-thumb=\"http:\/\/212.236.20.45\/wp-content\/uploads\/2023\/10\/labiosthetique_230630_fashionwalk_druck-4-75x50_c.jpg\" data-title=\"labiosthetique_230630_fashionwalk_druck-4\" data-envirabox='854' itemprop=\"contentUrl\"><img loading=\"lazy\" decoding=\"async\" src=\"http:\/\/www.deroesterreichischefriseur.at\/wp-content\/uploads\/2023\/10\/labiosthetique_230630_fashionwalk_druck-4-683x1024.jpg\" alt=\"\" class=\"envira-gallery-image envira-gallery-image-3    envira-lazy\" height=\"480\" id=\"envira-gallery-image-857\" srcset=\"data:image\/gif;base64,R0lGODlhAQABAIAAAP\/\/\/\/\/\/\/yH5BAEKAAEALAAAAAABAAEAAAICTAEAOw==\" tabindex=\"-1\" title=\"labiosthetique_230630_fashionwalk_druck-4\" width=\"640\" data-caption=\"\" data-envira-gallery-id=\"854\" data-envira-index=\"2\" data-envira-item-id=\"857\" data-envira-src=\"http:\/\/www.deroesterreichischefriseur.at\/wp-content\/uploads\/2023\/10\/labiosthetique_230630_fashionwalk_druck-4-683x1024.jpg\" data-envira-srcset=\"http:\/\/www.deroesterreichischefriseur.at\/wp-content\/uploads\/2023\/10\/labiosthetique_230630_fashionwalk_druck-4-683x1024.jpg 400w, http:\/\/www.deroesterreichischefriseur.at\/wp-content\/uploads\/2023\/10\/labiosthetique_230630_fashionwalk_druck-4-683x1024.jpg 2x\" data-title=\"labiosthetique_230630_fashionwalk_druck-4\" itemprop=\"thumbnailUrl\"  data-envirabox=\"854\" data-automatic-caption=\"labiosthetique_230630_fashionwalk_druck-4\" data-envira-height=\"300\" data-envira-width=\"200\" \/><\/a><\/div><\/div><div id=\"envira-gallery-item-858\" class=\"envira-gallery-item envira-gallery-item-4 envira-lazy-load\" style=\"padding-left: 1px; padding-bottom: 1px; padding-right: 1px;\"  itemscope itemtype=\"https:\/\/schema.org\/ImageObject\"><div class=\"envira-gallery-item-inner\"><div class=\"envira-gallery-position-overlay envira-gallery-top-left\"><\/div><div class=\"envira-gallery-position-overlay envira-gallery-top-right\"><\/div><div class=\"envira-gallery-position-overlay envira-gallery-bottom-left\"><\/div><div class=\"envira-gallery-position-overlay envira-gallery-bottom-right\"><\/div><a class=\"envira-gallery-854 envira-gallery-link\" href=\"http:\/\/212.236.20.45\/wp-content\/uploads\/2023\/10\/labiosthetique_230630_fashionwalk_druck-5.jpg\" title=\"labiosthetique_230630_fashionwalk_druck-5\" data-caption=\"\" data-envira-item-id=\"858\" data-envira-retina=\"http:\/\/www.deroesterreichischefriseur.at\/wp-content\/uploads\/2023\/10\/labiosthetique_230630_fashionwalk_druck-5.jpg\" data-thumb=\"http:\/\/212.236.20.45\/wp-content\/uploads\/2023\/10\/labiosthetique_230630_fashionwalk_druck-5-75x50_c.jpg\" data-title=\"labiosthetique_230630_fashionwalk_druck-5\" data-envirabox='854' itemprop=\"contentUrl\"><img loading=\"lazy\" decoding=\"async\" src=\"http:\/\/www.deroesterreichischefriseur.at\/wp-content\/uploads\/2023\/10\/labiosthetique_230630_fashionwalk_druck-5-683x1024.jpg\" alt=\"\" class=\"envira-gallery-image envira-gallery-image-4    envira-lazy\" height=\"480\" id=\"envira-gallery-image-858\" srcset=\"data:image\/gif;base64,R0lGODlhAQABAIAAAP\/\/\/\/\/\/\/yH5BAEKAAEALAAAAAABAAEAAAICTAEAOw==\" tabindex=\"-1\" title=\"labiosthetique_230630_fashionwalk_druck-5\" width=\"640\" data-caption=\"\" data-envira-gallery-id=\"854\" data-envira-index=\"3\" data-envira-item-id=\"858\" data-envira-src=\"http:\/\/www.deroesterreichischefriseur.at\/wp-content\/uploads\/2023\/10\/labiosthetique_230630_fashionwalk_druck-5-683x1024.jpg\" data-envira-srcset=\"http:\/\/www.deroesterreichischefriseur.at\/wp-content\/uploads\/2023\/10\/labiosthetique_230630_fashionwalk_druck-5-683x1024.jpg 400w, http:\/\/www.deroesterreichischefriseur.at\/wp-content\/uploads\/2023\/10\/labiosthetique_230630_fashionwalk_druck-5-683x1024.jpg 2x\" data-title=\"labiosthetique_230630_fashionwalk_druck-5\" itemprop=\"thumbnailUrl\"  data-envirabox=\"854\" data-automatic-caption=\"labiosthetique_230630_fashionwalk_druck-5\" data-envira-height=\"300\" data-envira-width=\"200\" \/><\/a><\/div><\/div><div id=\"envira-gallery-item-859\" class=\"envira-gallery-item envira-gallery-item-5 envira-lazy-load\" style=\"padding-left: 1px; padding-bottom: 1px; padding-right: 1px;\"  itemscope itemtype=\"https:\/\/schema.org\/ImageObject\"><div class=\"envira-gallery-item-inner\"><div class=\"envira-gallery-position-overlay envira-gallery-top-left\"><\/div><div class=\"envira-gallery-position-overlay envira-gallery-top-right\"><\/div><div class=\"envira-gallery-position-overlay envira-gallery-bottom-left\"><\/div><div class=\"envira-gallery-position-overlay envira-gallery-bottom-right\"><\/div><a class=\"envira-gallery-854 envira-gallery-link\" href=\"http:\/\/212.236.20.45\/wp-content\/uploads\/2023\/10\/labiosthetique_230630_fashionwalk_druck-7.jpg\" title=\"labiosthetique_230630_fashionwalk_druck-7\" data-caption=\"\" data-envira-item-id=\"859\" data-envira-retina=\"http:\/\/www.deroesterreichischefriseur.at\/wp-content\/uploads\/2023\/10\/labiosthetique_230630_fashionwalk_druck-7.jpg\" data-thumb=\"http:\/\/212.236.20.45\/wp-content\/uploads\/2023\/10\/labiosthetique_230630_fashionwalk_druck-7-75x50_c.jpg\" data-title=\"labiosthetique_230630_fashionwalk_druck-7\" data-envirabox='854' itemprop=\"contentUrl\"><img loading=\"lazy\" decoding=\"async\" src=\"http:\/\/www.deroesterreichischefriseur.at\/wp-content\/uploads\/2023\/10\/labiosthetique_230630_fashionwalk_druck-7-683x1024.jpg\" alt=\"\" class=\"envira-gallery-image envira-gallery-image-5    envira-lazy\" height=\"480\" id=\"envira-gallery-image-859\" srcset=\"data:image\/gif;base64,R0lGODlhAQABAIAAAP\/\/\/\/\/\/\/yH5BAEKAAEALAAAAAABAAEAAAICTAEAOw==\" tabindex=\"-1\" title=\"labiosthetique_230630_fashionwalk_druck-7\" width=\"640\" data-caption=\"\" data-envira-gallery-id=\"854\" data-envira-index=\"4\" data-envira-item-id=\"859\" data-envira-src=\"http:\/\/www.deroesterreichischefriseur.at\/wp-content\/uploads\/2023\/10\/labiosthetique_230630_fashionwalk_druck-7-683x1024.jpg\" data-envira-srcset=\"http:\/\/www.deroesterreichischefriseur.at\/wp-content\/uploads\/2023\/10\/labiosthetique_230630_fashionwalk_druck-7-683x1024.jpg 400w, http:\/\/www.deroesterreichischefriseur.at\/wp-content\/uploads\/2023\/10\/labiosthetique_230630_fashionwalk_druck-7-683x1024.jpg 2x\" data-title=\"labiosthetique_230630_fashionwalk_druck-7\" itemprop=\"thumbnailUrl\"  data-envirabox=\"854\" data-automatic-caption=\"labiosthetique_230630_fashionwalk_druck-7\" data-envira-height=\"300\" data-envira-width=\"200\" \/><\/a><\/div><\/div><div id=\"envira-gallery-item-860\" class=\"envira-gallery-item envira-gallery-item-6 envira-lazy-load\" style=\"padding-left: 1px; padding-bottom: 1px; padding-right: 1px;\"  itemscope itemtype=\"https:\/\/schema.org\/ImageObject\"><div class=\"envira-gallery-item-inner\"><div class=\"envira-gallery-position-overlay envira-gallery-top-left\"><\/div><div class=\"envira-gallery-position-overlay envira-gallery-top-right\"><\/div><div class=\"envira-gallery-position-overlay envira-gallery-bottom-left\"><\/div><div class=\"envira-gallery-position-overlay envira-gallery-bottom-right\"><\/div><a class=\"envira-gallery-854 envira-gallery-link\" href=\"http:\/\/212.236.20.45\/wp-content\/uploads\/2023\/10\/labiosthetique_230630_fashionwalk_druck-9.jpg\" title=\"labiosthetique_230630_fashionwalk_druck-9\" data-caption=\"\" data-envira-item-id=\"860\" data-envira-retina=\"http:\/\/www.deroesterreichischefriseur.at\/wp-content\/uploads\/2023\/10\/labiosthetique_230630_fashionwalk_druck-9.jpg\" data-thumb=\"http:\/\/212.236.20.45\/wp-content\/uploads\/2023\/10\/labiosthetique_230630_fashionwalk_druck-9-75x50_c.jpg\" data-title=\"labiosthetique_230630_fashionwalk_druck-9\" data-envirabox='854' itemprop=\"contentUrl\"><img loading=\"lazy\" decoding=\"async\" src=\"http:\/\/www.deroesterreichischefriseur.at\/wp-content\/uploads\/2023\/10\/labiosthetique_230630_fashionwalk_druck-9-683x1024.jpg\" alt=\"\" class=\"envira-gallery-image envira-gallery-image-6    envira-lazy\" height=\"480\" id=\"envira-gallery-image-860\" srcset=\"data:image\/gif;base64,R0lGODlhAQABAIAAAP\/\/\/\/\/\/\/yH5BAEKAAEALAAAAAABAAEAAAICTAEAOw==\" tabindex=\"-1\" title=\"labiosthetique_230630_fashionwalk_druck-9\" width=\"640\" data-caption=\"\" data-envira-gallery-id=\"854\" data-envira-index=\"5\" data-envira-item-id=\"860\" data-envira-src=\"http:\/\/www.deroesterreichischefriseur.at\/wp-content\/uploads\/2023\/10\/labiosthetique_230630_fashionwalk_druck-9-683x1024.jpg\" data-envira-srcset=\"http:\/\/www.deroesterreichischefriseur.at\/wp-content\/uploads\/2023\/10\/labiosthetique_230630_fashionwalk_druck-9-683x1024.jpg 400w, http:\/\/www.deroesterreichischefriseur.at\/wp-content\/uploads\/2023\/10\/labiosthetique_230630_fashionwalk_druck-9-683x1024.jpg 2x\" data-title=\"labiosthetique_230630_fashionwalk_druck-9\" itemprop=\"thumbnailUrl\"  data-envirabox=\"854\" data-automatic-caption=\"labiosthetique_230630_fashionwalk_druck-9\" data-envira-height=\"300\" data-envira-width=\"200\" \/><\/a><\/div><\/div><div id=\"envira-gallery-item-863\" class=\"envira-gallery-item envira-gallery-item-7 envira-lazy-load\" style=\"padding-left: 1px; padding-bottom: 1px; padding-right: 1px;\"  itemscope itemtype=\"https:\/\/schema.org\/ImageObject\"><div class=\"envira-gallery-item-inner\"><div class=\"envira-gallery-position-overlay envira-gallery-top-left\"><\/div><div class=\"envira-gallery-position-overlay envira-gallery-top-right\"><\/div><div class=\"envira-gallery-position-overlay envira-gallery-bottom-left\"><\/div><div class=\"envira-gallery-position-overlay envira-gallery-bottom-right\"><\/div><a class=\"envira-gallery-854 envira-gallery-link\" href=\"http:\/\/212.236.20.45\/wp-content\/uploads\/2023\/10\/labiosthetique_230630_sportalm_web-95.jpg\" title=\"labiosthetique_230630_sportalm_web-95\" data-caption=\"\" data-envira-item-id=\"863\" data-envira-retina=\"http:\/\/www.deroesterreichischefriseur.at\/wp-content\/uploads\/2023\/10\/labiosthetique_230630_sportalm_web-95.jpg\" data-thumb=\"http:\/\/212.236.20.45\/wp-content\/uploads\/2023\/10\/labiosthetique_230630_sportalm_web-95-75x50_c.jpg\" data-title=\"labiosthetique_230630_sportalm_web-95\" data-envirabox='854' itemprop=\"contentUrl\"><img loading=\"lazy\" decoding=\"async\" src=\"http:\/\/www.deroesterreichischefriseur.at\/wp-content\/uploads\/2023\/10\/labiosthetique_230630_sportalm_web-95-1024x682.jpg\" alt=\"\" class=\"envira-gallery-image envira-gallery-image-7    envira-lazy\" height=\"480\" id=\"envira-gallery-image-863\" srcset=\"data:image\/gif;base64,R0lGODlhAQABAIAAAP\/\/\/\/\/\/\/yH5BAEKAAEALAAAAAABAAEAAAICTAEAOw==\" tabindex=\"-1\" title=\"labiosthetique_230630_sportalm_web-95\" width=\"640\" data-caption=\"\" data-envira-gallery-id=\"854\" data-envira-index=\"6\" data-envira-item-id=\"863\" data-envira-src=\"http:\/\/www.deroesterreichischefriseur.at\/wp-content\/uploads\/2023\/10\/labiosthetique_230630_sportalm_web-95-1024x682.jpg\" data-envira-srcset=\"http:\/\/www.deroesterreichischefriseur.at\/wp-content\/uploads\/2023\/10\/labiosthetique_230630_sportalm_web-95-1024x682.jpg 400w, http:\/\/www.deroesterreichischefriseur.at\/wp-content\/uploads\/2023\/10\/labiosthetique_230630_sportalm_web-95-1024x682.jpg 2x\" data-title=\"labiosthetique_230630_sportalm_web-95\" itemprop=\"thumbnailUrl\"  data-envirabox=\"854\" data-automatic-caption=\"labiosthetique_230630_sportalm_web-95\" data-envira-height=\"200\" data-envira-width=\"300\" \/><\/a><\/div><\/div><div id=\"envira-gallery-item-864\" class=\"envira-gallery-item envira-gallery-item-8 envira-lazy-load\" style=\"padding-left: 1px; padding-bottom: 1px; padding-right: 1px;\"  itemscope itemtype=\"https:\/\/schema.org\/ImageObject\"><div class=\"envira-gallery-item-inner\"><div class=\"envira-gallery-position-overlay envira-gallery-top-left\"><\/div><div class=\"envira-gallery-position-overlay envira-gallery-top-right\"><\/div><div class=\"envira-gallery-position-overlay envira-gallery-bottom-left\"><\/div><div class=\"envira-gallery-position-overlay envira-gallery-bottom-right\"><\/div><a class=\"envira-gallery-854 envira-gallery-link\" href=\"http:\/\/212.236.20.45\/wp-content\/uploads\/2023\/10\/labiosthetique_230630_sportalm_web-116.jpg\" title=\"labiosthetique_230630_sportalm_web-116\" data-caption=\"\" data-envira-item-id=\"864\" data-envira-retina=\"http:\/\/www.deroesterreichischefriseur.at\/wp-content\/uploads\/2023\/10\/labiosthetique_230630_sportalm_web-116.jpg\" data-thumb=\"http:\/\/212.236.20.45\/wp-content\/uploads\/2023\/10\/labiosthetique_230630_sportalm_web-116-75x50_c.jpg\" data-title=\"labiosthetique_230630_sportalm_web-116\" data-envirabox='854' itemprop=\"contentUrl\"><img loading=\"lazy\" decoding=\"async\" src=\"http:\/\/www.deroesterreichischefriseur.at\/wp-content\/uploads\/2023\/10\/labiosthetique_230630_sportalm_web-116-1024x682.jpg\" alt=\"\" class=\"envira-gallery-image envira-gallery-image-8    envira-lazy\" height=\"480\" id=\"envira-gallery-image-864\" srcset=\"data:image\/gif;base64,R0lGODlhAQABAIAAAP\/\/\/\/\/\/\/yH5BAEKAAEALAAAAAABAAEAAAICTAEAOw==\" tabindex=\"-1\" title=\"labiosthetique_230630_sportalm_web-116\" width=\"640\" data-caption=\"\" data-envira-gallery-id=\"854\" data-envira-index=\"7\" data-envira-item-id=\"864\" data-envira-src=\"http:\/\/www.deroesterreichischefriseur.at\/wp-content\/uploads\/2023\/10\/labiosthetique_230630_sportalm_web-116-1024x682.jpg\" data-envira-srcset=\"http:\/\/www.deroesterreichischefriseur.at\/wp-content\/uploads\/2023\/10\/labiosthetique_230630_sportalm_web-116-1024x682.jpg 400w, http:\/\/www.deroesterreichischefriseur.at\/wp-content\/uploads\/2023\/10\/labiosthetique_230630_sportalm_web-116-1024x682.jpg 2x\" data-title=\"labiosthetique_230630_sportalm_web-116\" itemprop=\"thumbnailUrl\"  data-envirabox=\"854\" data-automatic-caption=\"labiosthetique_230630_sportalm_web-116\" data-envira-height=\"200\" data-envira-width=\"300\" \/><\/a><\/div><\/div><div id=\"envira-gallery-item-865\" class=\"envira-gallery-item envira-gallery-item-9 envira-lazy-load\" style=\"padding-left: 1px; padding-bottom: 1px; padding-right: 1px;\"  itemscope itemtype=\"https:\/\/schema.org\/ImageObject\"><div class=\"envira-gallery-item-inner\"><div class=\"envira-gallery-position-overlay envira-gallery-top-left\"><\/div><div class=\"envira-gallery-position-overlay envira-gallery-top-right\"><\/div><div class=\"envira-gallery-position-overlay envira-gallery-bottom-left\"><\/div><div class=\"envira-gallery-position-overlay envira-gallery-bottom-right\"><\/div><a class=\"envira-gallery-854 envira-gallery-link\" href=\"http:\/\/212.236.20.45\/wp-content\/uploads\/2023\/10\/labiosthetique_230630_sportalm_web-189.jpg\" title=\"labiosthetique_230630_sportalm_web-189\" data-caption=\"\" data-envira-item-id=\"865\" data-envira-retina=\"http:\/\/www.deroesterreichischefriseur.at\/wp-content\/uploads\/2023\/10\/labiosthetique_230630_sportalm_web-189.jpg\" data-thumb=\"http:\/\/212.236.20.45\/wp-content\/uploads\/2023\/10\/labiosthetique_230630_sportalm_web-189-75x50_c.jpg\" data-title=\"labiosthetique_230630_sportalm_web-189\" data-envirabox='854' itemprop=\"contentUrl\"><img loading=\"lazy\" decoding=\"async\" src=\"http:\/\/www.deroesterreichischefriseur.at\/wp-content\/uploads\/2023\/10\/labiosthetique_230630_sportalm_web-189-682x1024.jpg\" alt=\"\" class=\"envira-gallery-image envira-gallery-image-9    envira-lazy\" height=\"480\" id=\"envira-gallery-image-865\" srcset=\"data:image\/gif;base64,R0lGODlhAQABAIAAAP\/\/\/\/\/\/\/yH5BAEKAAEALAAAAAABAAEAAAICTAEAOw==\" tabindex=\"-1\" title=\"labiosthetique_230630_sportalm_web-189\" width=\"640\" data-caption=\"\" data-envira-gallery-id=\"854\" data-envira-index=\"8\" data-envira-item-id=\"865\" data-envira-src=\"http:\/\/www.deroesterreichischefriseur.at\/wp-content\/uploads\/2023\/10\/labiosthetique_230630_sportalm_web-189-682x1024.jpg\" data-envira-srcset=\"http:\/\/www.deroesterreichischefriseur.at\/wp-content\/uploads\/2023\/10\/labiosthetique_230630_sportalm_web-189-682x1024.jpg 400w, http:\/\/www.deroesterreichischefriseur.at\/wp-content\/uploads\/2023\/10\/labiosthetique_230630_sportalm_web-189-682x1024.jpg 2x\" data-title=\"labiosthetique_230630_sportalm_web-189\" itemprop=\"thumbnailUrl\"  data-envirabox=\"854\" data-automatic-caption=\"labiosthetique_230630_sportalm_web-189\" data-envira-height=\"300\" data-envira-width=\"200\" \/><\/a><\/div><\/div><div id=\"envira-gallery-item-861\" class=\"envira-gallery-item envira-gallery-item-10 envira-lazy-load\" style=\"padding-left: 1px; padding-bottom: 1px; padding-right: 1px;\"  itemscope itemtype=\"https:\/\/schema.org\/ImageObject\"><div class=\"envira-gallery-item-inner\"><div class=\"envira-gallery-position-overlay envira-gallery-top-left\"><\/div><div class=\"envira-gallery-position-overlay envira-gallery-top-right\"><\/div><div class=\"envira-gallery-position-overlay envira-gallery-bottom-left\"><\/div><div class=\"envira-gallery-position-overlay envira-gallery-bottom-right\"><\/div><a class=\"envira-gallery-854 envira-gallery-link\" href=\"http:\/\/212.236.20.45\/wp-content\/uploads\/2023\/10\/labiosthetique_230630_fashionwalk_druck-10.jpg\" title=\"labiosthetique_230630_fashionwalk_druck-10\" data-caption=\"\" data-envira-item-id=\"861\" data-envira-retina=\"http:\/\/www.deroesterreichischefriseur.at\/wp-content\/uploads\/2023\/10\/labiosthetique_230630_fashionwalk_druck-10.jpg\" data-thumb=\"http:\/\/212.236.20.45\/wp-content\/uploads\/2023\/10\/labiosthetique_230630_fashionwalk_druck-10-75x50_c.jpg\" data-title=\"labiosthetique_230630_fashionwalk_druck-10\" data-envirabox='854' itemprop=\"contentUrl\"><img loading=\"lazy\" decoding=\"async\" src=\"http:\/\/www.deroesterreichischefriseur.at\/wp-content\/uploads\/2023\/10\/labiosthetique_230630_fashionwalk_druck-10-683x1024.jpg\" alt=\"\" class=\"envira-gallery-image envira-gallery-image-10    envira-lazy\" height=\"480\" id=\"envira-gallery-image-861\" srcset=\"data:image\/gif;base64,R0lGODlhAQABAIAAAP\/\/\/\/\/\/\/yH5BAEKAAEALAAAAAABAAEAAAICTAEAOw==\" tabindex=\"-1\" title=\"labiosthetique_230630_fashionwalk_druck-10\" width=\"640\" data-caption=\"\" data-envira-gallery-id=\"854\" data-envira-index=\"9\" data-envira-item-id=\"861\" data-envira-src=\"http:\/\/www.deroesterreichischefriseur.at\/wp-content\/uploads\/2023\/10\/labiosthetique_230630_fashionwalk_druck-10-683x1024.jpg\" data-envira-srcset=\"http:\/\/www.deroesterreichischefriseur.at\/wp-content\/uploads\/2023\/10\/labiosthetique_230630_fashionwalk_druck-10-683x1024.jpg 400w, http:\/\/www.deroesterreichischefriseur.at\/wp-content\/uploads\/2023\/10\/labiosthetique_230630_fashionwalk_druck-10-683x1024.jpg 2x\" data-title=\"labiosthetique_230630_fashionwalk_druck-10\" itemprop=\"thumbnailUrl\"  data-envirabox=\"854\" data-automatic-caption=\"labiosthetique_230630_fashionwalk_druck-10\" data-envira-height=\"300\" data-envira-width=\"200\" \/><\/a><\/div><\/div><div id=\"envira-gallery-item-866\" class=\"envira-gallery-item envira-gallery-item-11 envira-lazy-load\" style=\"padding-left: 1px; padding-bottom: 1px; padding-right: 1px;\"  itemscope itemtype=\"https:\/\/schema.org\/ImageObject\"><div class=\"envira-gallery-item-inner\"><div class=\"envira-gallery-position-overlay envira-gallery-top-left\"><\/div><div class=\"envira-gallery-position-overlay envira-gallery-top-right\"><\/div><div class=\"envira-gallery-position-overlay envira-gallery-bottom-left\"><\/div><div class=\"envira-gallery-position-overlay envira-gallery-bottom-right\"><\/div><a class=\"envira-gallery-854 envira-gallery-link\" href=\"http:\/\/212.236.20.45\/wp-content\/uploads\/2023\/10\/labiosthetique_230630_sportalm_web-219.jpg\" title=\"labiosthetique_230630_sportalm_web-219\" data-caption=\"\" data-envira-item-id=\"866\" data-envira-retina=\"http:\/\/www.deroesterreichischefriseur.at\/wp-content\/uploads\/2023\/10\/labiosthetique_230630_sportalm_web-219.jpg\" data-thumb=\"http:\/\/212.236.20.45\/wp-content\/uploads\/2023\/10\/labiosthetique_230630_sportalm_web-219-75x50_c.jpg\" data-title=\"labiosthetique_230630_sportalm_web-219\" data-envirabox='854' itemprop=\"contentUrl\"><img loading=\"lazy\" decoding=\"async\" src=\"http:\/\/www.deroesterreichischefriseur.at\/wp-content\/uploads\/2023\/10\/labiosthetique_230630_sportalm_web-219-682x1024.jpg\" alt=\"\" class=\"envira-gallery-image envira-gallery-image-11    envira-lazy\" height=\"480\" id=\"envira-gallery-image-866\" srcset=\"data:image\/gif;base64,R0lGODlhAQABAIAAAP\/\/\/\/\/\/\/yH5BAEKAAEALAAAAAABAAEAAAICTAEAOw==\" tabindex=\"-1\" title=\"labiosthetique_230630_sportalm_web-219\" width=\"640\" data-caption=\"\" data-envira-gallery-id=\"854\" data-envira-index=\"10\" data-envira-item-id=\"866\" data-envira-src=\"http:\/\/www.deroesterreichischefriseur.at\/wp-content\/uploads\/2023\/10\/labiosthetique_230630_sportalm_web-219-682x1024.jpg\" data-envira-srcset=\"http:\/\/www.deroesterreichischefriseur.at\/wp-content\/uploads\/2023\/10\/labiosthetique_230630_sportalm_web-219-682x1024.jpg 400w, http:\/\/www.deroesterreichischefriseur.at\/wp-content\/uploads\/2023\/10\/labiosthetique_230630_sportalm_web-219-682x1024.jpg 2x\" data-title=\"labiosthetique_230630_sportalm_web-219\" itemprop=\"thumbnailUrl\"  data-envirabox=\"854\" data-automatic-caption=\"labiosthetique_230630_sportalm_web-219\" data-envira-height=\"300\" data-envira-width=\"200\" \/><\/a><\/div><\/div><div id=\"envira-gallery-item-867\" class=\"envira-gallery-item envira-gallery-item-12 envira-lazy-load\" style=\"padding-left: 1px; padding-bottom: 1px; padding-right: 1px;\"  itemscope itemtype=\"https:\/\/schema.org\/ImageObject\"><div class=\"envira-gallery-item-inner\"><div class=\"envira-gallery-position-overlay envira-gallery-top-left\"><\/div><div class=\"envira-gallery-position-overlay envira-gallery-top-right\"><\/div><div class=\"envira-gallery-position-overlay envira-gallery-bottom-left\"><\/div><div class=\"envira-gallery-position-overlay envira-gallery-bottom-right\"><\/div><a class=\"envira-gallery-854 envira-gallery-link\" href=\"http:\/\/212.236.20.45\/wp-content\/uploads\/2023\/10\/labiosthetique_230630_sportalm_web-243.jpg\" title=\"labiosthetique_230630_sportalm_web-243\" data-caption=\"\" data-envira-item-id=\"867\" data-envira-retina=\"http:\/\/www.deroesterreichischefriseur.at\/wp-content\/uploads\/2023\/10\/labiosthetique_230630_sportalm_web-243.jpg\" data-thumb=\"http:\/\/212.236.20.45\/wp-content\/uploads\/2023\/10\/labiosthetique_230630_sportalm_web-243-75x50_c.jpg\" data-title=\"labiosthetique_230630_sportalm_web-243\" data-envirabox='854' itemprop=\"contentUrl\"><img loading=\"lazy\" decoding=\"async\" src=\"http:\/\/www.deroesterreichischefriseur.at\/wp-content\/uploads\/2023\/10\/labiosthetique_230630_sportalm_web-243-682x1024.jpg\" alt=\"\" class=\"envira-gallery-image envira-gallery-image-12    envira-lazy\" height=\"480\" id=\"envira-gallery-image-867\" srcset=\"data:image\/gif;base64,R0lGODlhAQABAIAAAP\/\/\/\/\/\/\/yH5BAEKAAEALAAAAAABAAEAAAICTAEAOw==\" tabindex=\"-1\" title=\"labiosthetique_230630_sportalm_web-243\" width=\"640\" data-caption=\"\" data-envira-gallery-id=\"854\" data-envira-index=\"11\" data-envira-item-id=\"867\" data-envira-src=\"http:\/\/www.deroesterreichischefriseur.at\/wp-content\/uploads\/2023\/10\/labiosthetique_230630_sportalm_web-243-682x1024.jpg\" data-envira-srcset=\"http:\/\/www.deroesterreichischefriseur.at\/wp-content\/uploads\/2023\/10\/labiosthetique_230630_sportalm_web-243-682x1024.jpg 400w, http:\/\/www.deroesterreichischefriseur.at\/wp-content\/uploads\/2023\/10\/labiosthetique_230630_sportalm_web-243-682x1024.jpg 2x\" data-title=\"labiosthetique_230630_sportalm_web-243\" itemprop=\"thumbnailUrl\"  data-envirabox=\"854\" data-automatic-caption=\"labiosthetique_230630_sportalm_web-243\" data-envira-height=\"300\" data-envira-width=\"200\" \/><\/a><\/div><\/div><div id=\"envira-gallery-item-862\" class=\"envira-gallery-item envira-gallery-item-13 envira-lazy-load\" style=\"padding-left: 1px; padding-bottom: 1px; padding-right: 1px;\"  itemscope itemtype=\"https:\/\/schema.org\/ImageObject\"><div class=\"envira-gallery-item-inner\"><div class=\"envira-gallery-position-overlay envira-gallery-top-left\"><\/div><div class=\"envira-gallery-position-overlay envira-gallery-top-right\"><\/div><div class=\"envira-gallery-position-overlay envira-gallery-bottom-left\"><\/div><div class=\"envira-gallery-position-overlay envira-gallery-bottom-right\"><\/div><a class=\"envira-gallery-854 envira-gallery-link\" href=\"http:\/\/212.236.20.45\/wp-content\/uploads\/2023\/10\/labiosthetique_230630_fashionwalk_druck-11.jpg\" title=\"labiosthetique_230630_fashionwalk_druck-11\" data-caption=\"\" data-envira-item-id=\"862\" data-envira-retina=\"http:\/\/www.deroesterreichischefriseur.at\/wp-content\/uploads\/2023\/10\/labiosthetique_230630_fashionwalk_druck-11.jpg\" data-thumb=\"http:\/\/212.236.20.45\/wp-content\/uploads\/2023\/10\/labiosthetique_230630_fashionwalk_druck-11-75x50_c.jpg\" data-title=\"labiosthetique_230630_fashionwalk_druck-11\" data-envirabox='854' itemprop=\"contentUrl\"><img loading=\"lazy\" decoding=\"async\" src=\"http:\/\/www.deroesterreichischefriseur.at\/wp-content\/uploads\/2023\/10\/labiosthetique_230630_fashionwalk_druck-11-683x1024.jpg\" alt=\"\" class=\"envira-gallery-image envira-gallery-image-13    envira-lazy\" height=\"480\" id=\"envira-gallery-image-862\" srcset=\"data:image\/gif;base64,R0lGODlhAQABAIAAAP\/\/\/\/\/\/\/yH5BAEKAAEALAAAAAABAAEAAAICTAEAOw==\" tabindex=\"-1\" title=\"labiosthetique_230630_fashionwalk_druck-11\" width=\"640\" data-caption=\"\" data-envira-gallery-id=\"854\" data-envira-index=\"12\" data-envira-item-id=\"862\" data-envira-src=\"http:\/\/www.deroesterreichischefriseur.at\/wp-content\/uploads\/2023\/10\/labiosthetique_230630_fashionwalk_druck-11-683x1024.jpg\" data-envira-srcset=\"http:\/\/www.deroesterreichischefriseur.at\/wp-content\/uploads\/2023\/10\/labiosthetique_230630_fashionwalk_druck-11-683x1024.jpg 400w, http:\/\/www.deroesterreichischefriseur.at\/wp-content\/uploads\/2023\/10\/labiosthetique_230630_fashionwalk_druck-11-683x1024.jpg 2x\" data-title=\"labiosthetique_230630_fashionwalk_druck-11\" itemprop=\"thumbnailUrl\"  data-envirabox=\"854\" data-automatic-caption=\"labiosthetique_230630_fashionwalk_druck-11\" data-envira-height=\"300\" data-envira-width=\"200\" \/><\/a><\/div><\/div><div id=\"envira-gallery-item-868\" class=\"envira-gallery-item envira-gallery-item-14 envira-lazy-load\" style=\"padding-left: 1px; padding-bottom: 1px; padding-right: 1px;\"  itemscope itemtype=\"https:\/\/schema.org\/ImageObject\"><div class=\"envira-gallery-item-inner\"><div class=\"envira-gallery-position-overlay envira-gallery-top-left\"><\/div><div class=\"envira-gallery-position-overlay envira-gallery-top-right\"><\/div><div class=\"envira-gallery-position-overlay envira-gallery-bottom-left\"><\/div><div class=\"envira-gallery-position-overlay envira-gallery-bottom-right\"><\/div><a class=\"envira-gallery-854 envira-gallery-link\" href=\"http:\/\/212.236.20.45\/wp-content\/uploads\/2023\/10\/labiosthetique_230630_sportalm_web-252.jpg\" title=\"labiosthetique_230630_sportalm_web-252\" data-caption=\"\" data-envira-item-id=\"868\" data-envira-retina=\"http:\/\/www.deroesterreichischefriseur.at\/wp-content\/uploads\/2023\/10\/labiosthetique_230630_sportalm_web-252.jpg\" data-thumb=\"http:\/\/212.236.20.45\/wp-content\/uploads\/2023\/10\/labiosthetique_230630_sportalm_web-252-75x50_c.jpg\" data-title=\"labiosthetique_230630_sportalm_web-252\" data-envirabox='854' itemprop=\"contentUrl\"><img loading=\"lazy\" decoding=\"async\" src=\"http:\/\/www.deroesterreichischefriseur.at\/wp-content\/uploads\/2023\/10\/labiosthetique_230630_sportalm_web-252-1024x682.jpg\" alt=\"\" class=\"envira-gallery-image envira-gallery-image-14    envira-lazy\" height=\"480\" id=\"envira-gallery-image-868\" srcset=\"data:image\/gif;base64,R0lGODlhAQABAIAAAP\/\/\/\/\/\/\/yH5BAEKAAEALAAAAAABAAEAAAICTAEAOw==\" tabindex=\"-1\" title=\"labiosthetique_230630_sportalm_web-252\" width=\"640\" data-caption=\"\" data-envira-gallery-id=\"854\" data-envira-index=\"13\" data-envira-item-id=\"868\" data-envira-src=\"http:\/\/www.deroesterreichischefriseur.at\/wp-content\/uploads\/2023\/10\/labiosthetique_230630_sportalm_web-252-1024x682.jpg\" data-envira-srcset=\"http:\/\/www.deroesterreichischefriseur.at\/wp-content\/uploads\/2023\/10\/labiosthetique_230630_sportalm_web-252-1024x682.jpg 400w, http:\/\/www.deroesterreichischefriseur.at\/wp-content\/uploads\/2023\/10\/labiosthetique_230630_sportalm_web-252-1024x682.jpg 2x\" data-title=\"labiosthetique_230630_sportalm_web-252\" itemprop=\"thumbnailUrl\"  data-envirabox=\"854\" data-automatic-caption=\"labiosthetique_230630_sportalm_web-252\" data-envira-height=\"200\" data-envira-width=\"300\" \/><\/a><\/div><\/div><\/div><\/div><noscript><img src='http:\/\/212.236.20.45\/wp-content\/uploads\/2023\/10\/labiosthetique_230630_fashionwalk_druck-1.jpg' alt='' class='envira_noscript_images ' \/><img src='http:\/\/212.236.20.45\/wp-content\/uploads\/2023\/10\/labiosthetique_230630_fashionwalk_druck-2.jpg' alt='' class='envira_noscript_images ' \/><img src='http:\/\/212.236.20.45\/wp-content\/uploads\/2023\/10\/labiosthetique_230630_fashionwalk_druck-4.jpg' alt='' class='envira_noscript_images ' \/><img src='http:\/\/212.236.20.45\/wp-content\/uploads\/2023\/10\/labiosthetique_230630_fashionwalk_druck-5.jpg' alt='' class='envira_noscript_images ' \/><img src='http:\/\/212.236.20.45\/wp-content\/uploads\/2023\/10\/labiosthetique_230630_fashionwalk_druck-7.jpg' alt='' class='envira_noscript_images ' \/><img src='http:\/\/212.236.20.45\/wp-content\/uploads\/2023\/10\/labiosthetique_230630_fashionwalk_druck-9.jpg' alt='' class='envira_noscript_images ' \/><img src='http:\/\/212.236.20.45\/wp-content\/uploads\/2023\/10\/labiosthetique_230630_sportalm_web-95.jpg' alt='' class='envira_noscript_images ' \/><img src='http:\/\/212.236.20.45\/wp-content\/uploads\/2023\/10\/labiosthetique_230630_sportalm_web-116.jpg' alt='' class='envira_noscript_images ' \/><img src='http:\/\/212.236.20.45\/wp-content\/uploads\/2023\/10\/labiosthetique_230630_sportalm_web-189.jpg' alt='' class='envira_noscript_images ' \/><img src='http:\/\/212.236.20.45\/wp-content\/uploads\/2023\/10\/labiosthetique_230630_fashionwalk_druck-10.jpg' alt='' class='envira_noscript_images ' \/><img src='http:\/\/212.236.20.45\/wp-content\/uploads\/2023\/10\/labiosthetique_230630_sportalm_web-219.jpg' alt='' class='envira_noscript_images ' \/><img src='http:\/\/212.236.20.45\/wp-content\/uploads\/2023\/10\/labiosthetique_230630_sportalm_web-243.jpg' alt='' class='envira_noscript_images ' \/><img src='http:\/\/212.236.20.45\/wp-content\/uploads\/2023\/10\/labiosthetique_230630_fashionwalk_druck-11.jpg' alt='' class='envira_noscript_images ' \/><img src='http:\/\/212.236.20.45\/wp-content\/uploads\/2023\/10\/labiosthetique_230630_sportalm_web-252.jpg' alt='' class='envira_noscript_images ' \/><\/noscript><\/div>\n","protected":false},"excerpt":{"rendered":"<p>Hair &amp; Make-up Stylisten aus \u00f6sterreichischen La Biosth\u00e9tique Salons sorgten bei glamour\u00f6ser Jubil\u00e4umsshow der Kitzb\u00fcheler Fashion Brand f\u00fcr Total Beauty\u00a0Looks. Keine geringere Location als die weltber\u00fchmte Spanische Hofreitschule in Wien bildete am 30. Juni die Kulisse f\u00fcr eine spektakul\u00e4re Show, mit der das Kitzb\u00fcheler Modeunternehmen Sportalm 70j\u00e4hriges Jubil\u00e4um feierte und gleichzeitig seine neue Kollektion f\u00fcr das kommende Fr\u00fchjahr\/Sommer 24 pr\u00e4sentierte. Als exklusiver Stylingpartner waren neun La Biosth\u00e9tique Hair- und Make-up&hellip;<\/p>\n","protected":false},"author":2,"featured_media":868,"comment_status":"closed","ping_status":"open","sticky":false,"template":"","format":"standard","meta":{"footnotes":""},"categories":[16,1],"tags":[],"class_list":["post-853","post","type-post","status-publish","format-standard","has-post-thumbnail","hentry","category-event","category-uncategorized"],"_links":{"self":[{"href":"http:\/\/www.deroesterreichischefriseur.at\/index.php?rest_route=\/wp\/v2\/posts\/853","targetHints":{"allow":["GET"]}}],"collection":[{"href":"http:\/\/www.deroesterreichischefriseur.at\/index.php?rest_route=\/wp\/v2\/posts"}],"about":[{"href":"http:\/\/www.deroesterreichischefriseur.at\/index.php?rest_route=\/wp\/v2\/types\/post"}],"author":[{"embeddable":true,"href":"http:\/\/www.deroesterreichischefriseur.at\/index.php?rest_route=\/wp\/v2\/users\/2"}],"replies":[{"embeddable":true,"href":"http:\/\/www.deroesterreichischefriseur.at\/index.php?rest_route=%2Fwp%2Fv2%2Fcomments&post=853"}],"version-history":[{"count":1,"href":"http:\/\/www.deroesterreichischefriseur.at\/index.php?rest_route=\/wp\/v2\/posts\/853\/revisions"}],"predecessor-version":[{"id":869,"href":"http:\/\/www.deroesterreichischefriseur.at\/index.php?rest_route=\/wp\/v2\/posts\/853\/revisions\/869"}],"wp:featuredmedia":[{"embeddable":true,"href":"http:\/\/www.deroesterreichischefriseur.at\/index.php?rest_route=\/wp\/v2\/media\/868"}],"wp:attachment":[{"href":"http:\/\/www.deroesterreichischefriseur.at\/index.php?rest_route=%2Fwp%2Fv2%2Fmedia&parent=853"}],"wp:term":[{"taxonomy":"category","embeddable":true,"href":"http:\/\/www.deroesterreichischefriseur.at\/index.php?rest_route=%2Fwp%2Fv2%2Fcategories&post=853"},{"taxonomy":"post_tag","embeddable":true,"href":"http:\/\/www.deroesterreichischefriseur.at\/index.php?rest_route=%2Fwp%2Fv2%2Ftags&post=853"}],"curies":[{"name":"wp","href":"https:\/\/api.w.org\/{rel}","templated":true}]}}