{"id":802,"date":"2023-10-16T18:24:38","date_gmt":"2023-10-16T16:24:38","guid":{"rendered":"http:\/\/212.236.20.45\/?p=802"},"modified":"2023-10-16T18:24:38","modified_gmt":"2023-10-16T16:24:38","slug":"hair-club-your-own-styleein-salon-inspiriert-durch-paul-mitchell","status":"publish","type":"post","link":"http:\/\/www.deroesterreichischefriseur.at\/?p=802","title":{"rendered":"Hair Club, your own Style:Ein Salon, inspiriert durch Paul Mitchell\u00ae"},"content":{"rendered":"\n<p>\u201eWir wollten ein besonderes Design,\u00a0das uns und die Marke Paul Mitchell\u00ae\u00a0verk\u00f6rpert\u201c,\u00a0sagt Matthias D\u00fcbbelde \u00fcber die Renovierung seines Salons\u00a0<strong>Hair Club, your own Style<\/strong>. Mit seinem besten Freund Mike Niemeyer er\u00f6ffnete Matthias 2011 den ersten eigenen Salon. Damals mit wenig Geld, aber viel Herzblut. Zw\u00f6lf Jahre sp\u00e4ter erf\u00fcllten sich die Freunde und Gesch\u00e4ftspartner ihren zweiten Traum: Eine hochwertige und stylische Einrichtung, die ihre Arbeit und ihre Pers\u00f6nlichkeit widerspiegelt.<\/p>\n\n\n\n<p><strong>Nicht nur ein (Hair) Club<\/strong><\/p>\n\n\n\n<p>Passend zu den klassischen Paul Mitchell\u00ae-Produkten haben sich die Inhaber f\u00fcr ein schwarz-wei\u00dfes Konzept entschieden.\u00a0\u201eWir sehen Parallelen zwischen unserer Geschichte und den Anf\u00e4ngen von Paul Mitchell\u00ae. Das zeigt unser Salon jetzt auch optisch: Eine Wand ist schwarz gestrichen, die andere wei\u00df.\u201c\u00a0Der ger\u00e4umige, 200 m2 gro\u00dfe Salon mit 14 Bedienpl\u00e4tzen wirkt durch die dunklen M\u00f6bel edel und cool. Durch die elektronische Musik, die aus den Boxen schallt, erinnert die Atmosph\u00e4re fast an einen exklusiven Club. Die indirekten und direkten Lichtquellen haben unterschiedliche Helligkeitsstufen und k\u00f6nnen je nach Tageslicht angepasst werden. In der Mitte des offenen Raumes gibt es einen Barber- Bereich sowie eine Kaffeebar.<\/p>\n\n\n\n<!--more-->\n\n\n\n<p><strong>Jeder kommt rein<\/strong><\/p>\n\n\n\n<p>Im Unterschied zu einem \u201eechten\u201c Club, empf\u00e4ngt das f\u00fcnfk\u00f6pfige Team des Hair Club jeden Gast mit offenen Armen. Diversity und Toleranz sind ihnen wichtig. Genauso viel Wert legen sie auf Ehrlichkeit.\u00a0\u201eBei uns ist jeder willkommen. Wir sagen aber auch mal nein, wenn etwas nicht gut f\u00fcr die Haare\u00a0oder die Person ist\u201c, erkl\u00e4rt Matthias.\u00a0\u201eDie Kunden sind dar\u00fcber dankbar. Sie vertrauen unserer Expertise.\u201c\u00a0Dieses Vertrauen bauen sie unter anderem durch intensive Beratungen oder bei pers\u00f6nlichen Gespr\u00e4chen auf der gem\u00fctlichen Terrasse auf.<\/p>\n\n\n\n<p><strong>Die Verpflegung f\u00fcrs Haar<\/strong><\/p>\n\n\n\n<p>An der Bar versorgt das Team die Kunden mit k\u00fchlen Getr\u00e4nken, im Wash House verw\u00f6hnen sie Haare mit Paul Mitchell\u00ae-Produkten und in der Color Bar kommt Farbe ins Spiel.\u00a0\u201eWir\u00a0arbeiten beide schon seit unserer Ausbildung mit Paul Mitchell\u00ae. Die Qualit\u00e4t, die nachhaltigen Werte und die Story hinter der Marke haben uns inspiriert, unseren eigenen Salon zu er\u00f6ffnen. Wie wir haben John Paul DeJoria und Paul Mitchell klein angefangen\u201c,\u00a0erz\u00e4hlen Matthias und Mike,\u00a0\u201ewie wir haben sie sich stetig weiterentwickelt.\u201c\u00a0Ihre Leidenschaft f\u00fcr die Marke und den Beruf geben die beiden auch als Paul Mitchell\u00ae-Trainer an andere Friseure weiter.<\/p>\n\n\n\n<div class=\"wp-block-envira-envira-gallery\"><div id=\"envira-gallery-wrap-804\" class=\"envira-gallery-wrap envira-lazy-loading-enabled envira-layout-automatic\" itemscope itemtype=\"https:\/\/schema.org\/ImageGallery\"><div class=\"envira-loader\"><div><\/div><div><\/div><div><\/div><div><\/div><\/div><div id=\"envira-gallery-804\" class=\"envira-gallery-public envira-gallery-0-columns envira-clear envira-gallery-justified-public\" data-envira-id=\"804\" data-gallery-config='{\"type\":\"default\",\"columns\":\"0\",\"gallery_theme\":\"base\",\"crop_width\":640,\"crop_height\":480,\"crop\":0,\"justified_margins\":1,\"lazy_loading\":1,\"lazy_loading_delay\":500,\"gutter\":1,\"margin\":1,\"image_size\":\"default\",\"justified_row_height\":150,\"lightbox_enabled\":1,\"gallery_link_enabled\":0,\"lightbox_theme\":\"base\",\"lightbox_image_size\":\"default\",\"title_display\":\"float\",\"classes\":[\"\"],\"rtl\":0,\"title\":\"\",\"slug\":\"hair-club-paul-mitchell\",\"layout\":\"automatic\",\"gallery_id\":\"804\"}' data-gallery-images='[{\"status\":\"active\",\"src\":\"http:\\\/\\\/www.deroesterreichischefriseur.at\\\/wp-content\\\/uploads\\\/2023\\\/10\\\/MG_4555_bear-scaled.jpg\",\"title\":\"_MG_4555_bear\",\"link\":\"http:\\\/\\\/212.236.20.45\\\/wp-content\\\/uploads\\\/2023\\\/10\\\/MG_4555_bear-scaled.jpg\",\"alt\":\"\",\"caption\":false,\"thumb\":\"http:\\\/\\\/www.deroesterreichischefriseur.at\\\/wp-content\\\/uploads\\\/2023\\\/10\\\/MG_4555_bear-scaled-75x50_c.jpg\",\"meta\":{\"aperture\":\"4.5\",\"credit\":null,\"camera\":\"Canon EOS 6D\",\"caption\":\"\",\"created_timestamp\":\"1679226097\",\"copyright\":null,\"focal_length\":\"50\",\"iso\":\"2500\",\"shutter_speed\":\"0.004\",\"title\":\"\",\"orientation\":\"1\",\"keywords\":null,\"resized_images\":null},\"thumbnail\":\"http:\\\/\\\/www.deroesterreichischefriseur.at\\\/wp-content\\\/uploads\\\/2023\\\/10\\\/MG_4555_bear-150x150.jpg\",\"medium\":\"http:\\\/\\\/www.deroesterreichischefriseur.at\\\/wp-content\\\/uploads\\\/2023\\\/10\\\/MG_4555_bear-300x200.jpg\",\"medium_large\":\"http:\\\/\\\/www.deroesterreichischefriseur.at\\\/wp-content\\\/uploads\\\/2023\\\/10\\\/MG_4555_bear-768x512.jpg\",\"large\":\"http:\\\/\\\/www.deroesterreichischefriseur.at\\\/wp-content\\\/uploads\\\/2023\\\/10\\\/MG_4555_bear-1024x683.jpg\",\"1536x1536\":\"http:\\\/\\\/www.deroesterreichischefriseur.at\\\/wp-content\\\/uploads\\\/2023\\\/10\\\/MG_4555_bear-1536x1024.jpg\",\"2048x2048\":\"http:\\\/\\\/www.deroesterreichischefriseur.at\\\/wp-content\\\/uploads\\\/2023\\\/10\\\/MG_4555_bear-2048x1365.jpg\",\"purea-magazine-slider-posts\":\"http:\\\/\\\/www.deroesterreichischefriseur.at\\\/wp-content\\\/uploads\\\/2023\\\/10\\\/MG_4555_bear-1600x500.jpg\",\"purea-magazine-posts\":\"http:\\\/\\\/www.deroesterreichischefriseur.at\\\/wp-content\\\/uploads\\\/2023\\\/10\\\/MG_4555_bear-765x500.jpg\",\"purea-magazine-posts-thumb\":\"http:\\\/\\\/www.deroesterreichischefriseur.at\\\/wp-content\\\/uploads\\\/2023\\\/10\\\/MG_4555_bear-150x100.jpg\",\"full\":\"http:\\\/\\\/www.deroesterreichischefriseur.at\\\/wp-content\\\/uploads\\\/2023\\\/10\\\/MG_4555_bear-scaled.jpg\",\"index\":0,\"id\":805,\"video\":false,\"opts\":{\"caption\":\"\",\"thumb\":\"http:\\\/\\\/www.deroesterreichischefriseur.at\\\/wp-content\\\/uploads\\\/2023\\\/10\\\/MG_4555_bear-scaled-75x50_c.jpg\",\"title\":\"_MG_4555_bear\"},\"gallery_id\":\"804\"},{\"status\":\"active\",\"src\":\"http:\\\/\\\/www.deroesterreichischefriseur.at\\\/wp-content\\\/uploads\\\/2023\\\/10\\\/MG_4573_bear-scaled.jpg\",\"title\":\"_MG_4573_bear\",\"link\":\"http:\\\/\\\/212.236.20.45\\\/wp-content\\\/uploads\\\/2023\\\/10\\\/MG_4573_bear-scaled.jpg\",\"alt\":\"\",\"caption\":false,\"thumb\":\"http:\\\/\\\/www.deroesterreichischefriseur.at\\\/wp-content\\\/uploads\\\/2023\\\/10\\\/MG_4573_bear-scaled-75x50_c.jpg\",\"meta\":{\"aperture\":\"4.5\",\"credit\":null,\"camera\":\"Canon EOS 6D\",\"caption\":\"\",\"created_timestamp\":\"1679226287\",\"copyright\":null,\"focal_length\":\"24\",\"iso\":\"2500\",\"shutter_speed\":\"0.003125\",\"title\":\"\",\"orientation\":\"1\",\"keywords\":null,\"resized_images\":null},\"thumbnail\":\"http:\\\/\\\/www.deroesterreichischefriseur.at\\\/wp-content\\\/uploads\\\/2023\\\/10\\\/MG_4573_bear-150x150.jpg\",\"medium\":\"http:\\\/\\\/www.deroesterreichischefriseur.at\\\/wp-content\\\/uploads\\\/2023\\\/10\\\/MG_4573_bear-300x200.jpg\",\"medium_large\":\"http:\\\/\\\/www.deroesterreichischefriseur.at\\\/wp-content\\\/uploads\\\/2023\\\/10\\\/MG_4573_bear-768x512.jpg\",\"large\":\"http:\\\/\\\/www.deroesterreichischefriseur.at\\\/wp-content\\\/uploads\\\/2023\\\/10\\\/MG_4573_bear-1024x683.jpg\",\"1536x1536\":\"http:\\\/\\\/www.deroesterreichischefriseur.at\\\/wp-content\\\/uploads\\\/2023\\\/10\\\/MG_4573_bear-1536x1024.jpg\",\"2048x2048\":\"http:\\\/\\\/www.deroesterreichischefriseur.at\\\/wp-content\\\/uploads\\\/2023\\\/10\\\/MG_4573_bear-2048x1365.jpg\",\"purea-magazine-slider-posts\":\"http:\\\/\\\/www.deroesterreichischefriseur.at\\\/wp-content\\\/uploads\\\/2023\\\/10\\\/MG_4573_bear-1600x500.jpg\",\"purea-magazine-posts\":\"http:\\\/\\\/www.deroesterreichischefriseur.at\\\/wp-content\\\/uploads\\\/2023\\\/10\\\/MG_4573_bear-765x500.jpg\",\"purea-magazine-posts-thumb\":\"http:\\\/\\\/www.deroesterreichischefriseur.at\\\/wp-content\\\/uploads\\\/2023\\\/10\\\/MG_4573_bear-150x100.jpg\",\"full\":\"http:\\\/\\\/www.deroesterreichischefriseur.at\\\/wp-content\\\/uploads\\\/2023\\\/10\\\/MG_4573_bear-scaled.jpg\",\"index\":1,\"id\":806,\"video\":false,\"opts\":{\"caption\":\"\",\"thumb\":\"http:\\\/\\\/www.deroesterreichischefriseur.at\\\/wp-content\\\/uploads\\\/2023\\\/10\\\/MG_4573_bear-scaled-75x50_c.jpg\",\"title\":\"_MG_4573_bear\"},\"gallery_id\":\"804\"},{\"status\":\"active\",\"src\":\"http:\\\/\\\/www.deroesterreichischefriseur.at\\\/wp-content\\\/uploads\\\/2023\\\/10\\\/MG_4604_bear-scaled.jpg\",\"title\":\"_MG_4604_bear\",\"link\":\"http:\\\/\\\/212.236.20.45\\\/wp-content\\\/uploads\\\/2023\\\/10\\\/MG_4604_bear-scaled.jpg\",\"alt\":\"\",\"caption\":false,\"thumb\":\"http:\\\/\\\/www.deroesterreichischefriseur.at\\\/wp-content\\\/uploads\\\/2023\\\/10\\\/MG_4604_bear-scaled-75x50_c.jpg\",\"meta\":{\"aperture\":\"5\",\"credit\":null,\"camera\":\"Canon EOS 6D\",\"caption\":\"\",\"created_timestamp\":\"1679226527\",\"copyright\":null,\"focal_length\":\"24\",\"iso\":\"2500\",\"shutter_speed\":\"0.003125\",\"title\":\"\",\"orientation\":\"1\",\"keywords\":null,\"resized_images\":null},\"thumbnail\":\"http:\\\/\\\/www.deroesterreichischefriseur.at\\\/wp-content\\\/uploads\\\/2023\\\/10\\\/MG_4604_bear-150x150.jpg\",\"medium\":\"http:\\\/\\\/www.deroesterreichischefriseur.at\\\/wp-content\\\/uploads\\\/2023\\\/10\\\/MG_4604_bear-300x200.jpg\",\"medium_large\":\"http:\\\/\\\/www.deroesterreichischefriseur.at\\\/wp-content\\\/uploads\\\/2023\\\/10\\\/MG_4604_bear-768x512.jpg\",\"large\":\"http:\\\/\\\/www.deroesterreichischefriseur.at\\\/wp-content\\\/uploads\\\/2023\\\/10\\\/MG_4604_bear-1024x683.jpg\",\"1536x1536\":\"http:\\\/\\\/www.deroesterreichischefriseur.at\\\/wp-content\\\/uploads\\\/2023\\\/10\\\/MG_4604_bear-1536x1024.jpg\",\"2048x2048\":\"http:\\\/\\\/www.deroesterreichischefriseur.at\\\/wp-content\\\/uploads\\\/2023\\\/10\\\/MG_4604_bear-2048x1365.jpg\",\"purea-magazine-slider-posts\":\"http:\\\/\\\/www.deroesterreichischefriseur.at\\\/wp-content\\\/uploads\\\/2023\\\/10\\\/MG_4604_bear-1600x500.jpg\",\"purea-magazine-posts\":\"http:\\\/\\\/www.deroesterreichischefriseur.at\\\/wp-content\\\/uploads\\\/2023\\\/10\\\/MG_4604_bear-765x500.jpg\",\"purea-magazine-posts-thumb\":\"http:\\\/\\\/www.deroesterreichischefriseur.at\\\/wp-content\\\/uploads\\\/2023\\\/10\\\/MG_4604_bear-150x100.jpg\",\"full\":\"http:\\\/\\\/www.deroesterreichischefriseur.at\\\/wp-content\\\/uploads\\\/2023\\\/10\\\/MG_4604_bear-scaled.jpg\",\"index\":2,\"id\":807,\"video\":false,\"opts\":{\"caption\":\"\",\"thumb\":\"http:\\\/\\\/www.deroesterreichischefriseur.at\\\/wp-content\\\/uploads\\\/2023\\\/10\\\/MG_4604_bear-scaled-75x50_c.jpg\",\"title\":\"_MG_4604_bear\"},\"gallery_id\":\"804\"},{\"status\":\"active\",\"src\":\"http:\\\/\\\/www.deroesterreichischefriseur.at\\\/wp-content\\\/uploads\\\/2023\\\/10\\\/MG_4609_bear-scaled.jpg\",\"title\":\"_MG_4609_bear\",\"link\":\"http:\\\/\\\/212.236.20.45\\\/wp-content\\\/uploads\\\/2023\\\/10\\\/MG_4609_bear-scaled.jpg\",\"alt\":\"\",\"caption\":false,\"thumb\":\"http:\\\/\\\/www.deroesterreichischefriseur.at\\\/wp-content\\\/uploads\\\/2023\\\/10\\\/MG_4609_bear-scaled-75x50_c.jpg\",\"meta\":{\"aperture\":\"5\",\"credit\":null,\"camera\":\"Canon EOS 6D\",\"caption\":\"\",\"created_timestamp\":\"1679226571\",\"copyright\":null,\"focal_length\":\"28\",\"iso\":\"2500\",\"shutter_speed\":\"0.003125\",\"title\":\"\",\"orientation\":\"1\",\"keywords\":null,\"resized_images\":null},\"thumbnail\":\"http:\\\/\\\/www.deroesterreichischefriseur.at\\\/wp-content\\\/uploads\\\/2023\\\/10\\\/MG_4609_bear-150x150.jpg\",\"medium\":\"http:\\\/\\\/www.deroesterreichischefriseur.at\\\/wp-content\\\/uploads\\\/2023\\\/10\\\/MG_4609_bear-300x200.jpg\",\"medium_large\":\"http:\\\/\\\/www.deroesterreichischefriseur.at\\\/wp-content\\\/uploads\\\/2023\\\/10\\\/MG_4609_bear-768x512.jpg\",\"large\":\"http:\\\/\\\/www.deroesterreichischefriseur.at\\\/wp-content\\\/uploads\\\/2023\\\/10\\\/MG_4609_bear-1024x683.jpg\",\"1536x1536\":\"http:\\\/\\\/www.deroesterreichischefriseur.at\\\/wp-content\\\/uploads\\\/2023\\\/10\\\/MG_4609_bear-1536x1024.jpg\",\"2048x2048\":\"http:\\\/\\\/www.deroesterreichischefriseur.at\\\/wp-content\\\/uploads\\\/2023\\\/10\\\/MG_4609_bear-2048x1365.jpg\",\"purea-magazine-slider-posts\":\"http:\\\/\\\/www.deroesterreichischefriseur.at\\\/wp-content\\\/uploads\\\/2023\\\/10\\\/MG_4609_bear-1600x500.jpg\",\"purea-magazine-posts\":\"http:\\\/\\\/www.deroesterreichischefriseur.at\\\/wp-content\\\/uploads\\\/2023\\\/10\\\/MG_4609_bear-765x500.jpg\",\"purea-magazine-posts-thumb\":\"http:\\\/\\\/www.deroesterreichischefriseur.at\\\/wp-content\\\/uploads\\\/2023\\\/10\\\/MG_4609_bear-150x100.jpg\",\"full\":\"http:\\\/\\\/www.deroesterreichischefriseur.at\\\/wp-content\\\/uploads\\\/2023\\\/10\\\/MG_4609_bear-scaled.jpg\",\"index\":3,\"id\":808,\"video\":false,\"opts\":{\"caption\":\"\",\"thumb\":\"http:\\\/\\\/www.deroesterreichischefriseur.at\\\/wp-content\\\/uploads\\\/2023\\\/10\\\/MG_4609_bear-scaled-75x50_c.jpg\",\"title\":\"_MG_4609_bear\"},\"gallery_id\":\"804\"},{\"status\":\"active\",\"src\":\"http:\\\/\\\/www.deroesterreichischefriseur.at\\\/wp-content\\\/uploads\\\/2023\\\/10\\\/MG_4627_bear-scaled.jpg\",\"title\":\"_MG_4627_bear\",\"link\":\"http:\\\/\\\/212.236.20.45\\\/wp-content\\\/uploads\\\/2023\\\/10\\\/MG_4627_bear-scaled.jpg\",\"alt\":\"\",\"caption\":false,\"thumb\":\"http:\\\/\\\/www.deroesterreichischefriseur.at\\\/wp-content\\\/uploads\\\/2023\\\/10\\\/MG_4627_bear-scaled-75x50_c.jpg\",\"meta\":{\"aperture\":\"4.5\",\"credit\":null,\"camera\":\"Canon EOS 6D\",\"caption\":\"\",\"created_timestamp\":\"1679226807\",\"copyright\":null,\"focal_length\":\"24\",\"iso\":\"2000\",\"shutter_speed\":\"0.003125\",\"title\":\"\",\"orientation\":\"1\",\"keywords\":null,\"resized_images\":null},\"thumbnail\":\"http:\\\/\\\/www.deroesterreichischefriseur.at\\\/wp-content\\\/uploads\\\/2023\\\/10\\\/MG_4627_bear-150x150.jpg\",\"medium\":\"http:\\\/\\\/www.deroesterreichischefriseur.at\\\/wp-content\\\/uploads\\\/2023\\\/10\\\/MG_4627_bear-300x200.jpg\",\"medium_large\":\"http:\\\/\\\/www.deroesterreichischefriseur.at\\\/wp-content\\\/uploads\\\/2023\\\/10\\\/MG_4627_bear-768x512.jpg\",\"large\":\"http:\\\/\\\/www.deroesterreichischefriseur.at\\\/wp-content\\\/uploads\\\/2023\\\/10\\\/MG_4627_bear-1024x683.jpg\",\"1536x1536\":\"http:\\\/\\\/www.deroesterreichischefriseur.at\\\/wp-content\\\/uploads\\\/2023\\\/10\\\/MG_4627_bear-1536x1024.jpg\",\"2048x2048\":\"http:\\\/\\\/www.deroesterreichischefriseur.at\\\/wp-content\\\/uploads\\\/2023\\\/10\\\/MG_4627_bear-2048x1365.jpg\",\"purea-magazine-slider-posts\":\"http:\\\/\\\/www.deroesterreichischefriseur.at\\\/wp-content\\\/uploads\\\/2023\\\/10\\\/MG_4627_bear-1600x500.jpg\",\"purea-magazine-posts\":\"http:\\\/\\\/www.deroesterreichischefriseur.at\\\/wp-content\\\/uploads\\\/2023\\\/10\\\/MG_4627_bear-765x500.jpg\",\"purea-magazine-posts-thumb\":\"http:\\\/\\\/www.deroesterreichischefriseur.at\\\/wp-content\\\/uploads\\\/2023\\\/10\\\/MG_4627_bear-150x100.jpg\",\"full\":\"http:\\\/\\\/www.deroesterreichischefriseur.at\\\/wp-content\\\/uploads\\\/2023\\\/10\\\/MG_4627_bear-scaled.jpg\",\"index\":4,\"id\":809,\"video\":false,\"opts\":{\"caption\":\"\",\"thumb\":\"http:\\\/\\\/www.deroesterreichischefriseur.at\\\/wp-content\\\/uploads\\\/2023\\\/10\\\/MG_4627_bear-scaled-75x50_c.jpg\",\"title\":\"_MG_4627_bear\"},\"gallery_id\":\"804\"},{\"status\":\"active\",\"src\":\"http:\\\/\\\/www.deroesterreichischefriseur.at\\\/wp-content\\\/uploads\\\/2023\\\/10\\\/MG_4636_bear-scaled.jpg\",\"title\":\"_MG_4636_bear\",\"link\":\"http:\\\/\\\/212.236.20.45\\\/wp-content\\\/uploads\\\/2023\\\/10\\\/MG_4636_bear-scaled.jpg\",\"alt\":\"\",\"caption\":false,\"thumb\":\"http:\\\/\\\/www.deroesterreichischefriseur.at\\\/wp-content\\\/uploads\\\/2023\\\/10\\\/MG_4636_bear-scaled-75x50_c.jpg\",\"meta\":{\"aperture\":\"4.5\",\"credit\":null,\"camera\":\"Canon EOS 6D\",\"caption\":\"\",\"created_timestamp\":\"1679226866\",\"copyright\":null,\"focal_length\":\"28\",\"iso\":\"2500\",\"shutter_speed\":\"0.003125\",\"title\":\"\",\"orientation\":\"1\",\"keywords\":null,\"resized_images\":null},\"thumbnail\":\"http:\\\/\\\/www.deroesterreichischefriseur.at\\\/wp-content\\\/uploads\\\/2023\\\/10\\\/MG_4636_bear-150x150.jpg\",\"medium\":\"http:\\\/\\\/www.deroesterreichischefriseur.at\\\/wp-content\\\/uploads\\\/2023\\\/10\\\/MG_4636_bear-300x200.jpg\",\"medium_large\":\"http:\\\/\\\/www.deroesterreichischefriseur.at\\\/wp-content\\\/uploads\\\/2023\\\/10\\\/MG_4636_bear-768x512.jpg\",\"large\":\"http:\\\/\\\/www.deroesterreichischefriseur.at\\\/wp-content\\\/uploads\\\/2023\\\/10\\\/MG_4636_bear-1024x683.jpg\",\"1536x1536\":\"http:\\\/\\\/www.deroesterreichischefriseur.at\\\/wp-content\\\/uploads\\\/2023\\\/10\\\/MG_4636_bear-1536x1024.jpg\",\"2048x2048\":\"http:\\\/\\\/www.deroesterreichischefriseur.at\\\/wp-content\\\/uploads\\\/2023\\\/10\\\/MG_4636_bear-2048x1365.jpg\",\"purea-magazine-slider-posts\":\"http:\\\/\\\/www.deroesterreichischefriseur.at\\\/wp-content\\\/uploads\\\/2023\\\/10\\\/MG_4636_bear-1600x500.jpg\",\"purea-magazine-posts\":\"http:\\\/\\\/www.deroesterreichischefriseur.at\\\/wp-content\\\/uploads\\\/2023\\\/10\\\/MG_4636_bear-765x500.jpg\",\"purea-magazine-posts-thumb\":\"http:\\\/\\\/www.deroesterreichischefriseur.at\\\/wp-content\\\/uploads\\\/2023\\\/10\\\/MG_4636_bear-150x100.jpg\",\"full\":\"http:\\\/\\\/www.deroesterreichischefriseur.at\\\/wp-content\\\/uploads\\\/2023\\\/10\\\/MG_4636_bear-scaled.jpg\",\"index\":5,\"id\":810,\"video\":false,\"opts\":{\"caption\":\"\",\"thumb\":\"http:\\\/\\\/www.deroesterreichischefriseur.at\\\/wp-content\\\/uploads\\\/2023\\\/10\\\/MG_4636_bear-scaled-75x50_c.jpg\",\"title\":\"_MG_4636_bear\"},\"gallery_id\":\"804\"},{\"status\":\"active\",\"src\":\"http:\\\/\\\/www.deroesterreichischefriseur.at\\\/wp-content\\\/uploads\\\/2023\\\/10\\\/MG_4721_bear-scaled.jpg\",\"title\":\"_MG_4721_bear\",\"link\":\"http:\\\/\\\/212.236.20.45\\\/wp-content\\\/uploads\\\/2023\\\/10\\\/MG_4721_bear-scaled.jpg\",\"alt\":\"\",\"caption\":false,\"thumb\":\"http:\\\/\\\/www.deroesterreichischefriseur.at\\\/wp-content\\\/uploads\\\/2023\\\/10\\\/MG_4721_bear-scaled-75x50_c.jpg\",\"meta\":{\"aperture\":\"4.5\",\"credit\":null,\"camera\":\"Canon EOS 6D\",\"caption\":\"\",\"created_timestamp\":\"1679228635\",\"copyright\":null,\"focal_length\":\"24\",\"iso\":\"1600\",\"shutter_speed\":\"0.01\",\"title\":\"\",\"orientation\":\"1\",\"keywords\":null,\"resized_images\":null},\"thumbnail\":\"http:\\\/\\\/www.deroesterreichischefriseur.at\\\/wp-content\\\/uploads\\\/2023\\\/10\\\/MG_4721_bear-150x150.jpg\",\"medium\":\"http:\\\/\\\/www.deroesterreichischefriseur.at\\\/wp-content\\\/uploads\\\/2023\\\/10\\\/MG_4721_bear-300x200.jpg\",\"medium_large\":\"http:\\\/\\\/www.deroesterreichischefriseur.at\\\/wp-content\\\/uploads\\\/2023\\\/10\\\/MG_4721_bear-768x512.jpg\",\"large\":\"http:\\\/\\\/www.deroesterreichischefriseur.at\\\/wp-content\\\/uploads\\\/2023\\\/10\\\/MG_4721_bear-1024x683.jpg\",\"1536x1536\":\"http:\\\/\\\/www.deroesterreichischefriseur.at\\\/wp-content\\\/uploads\\\/2023\\\/10\\\/MG_4721_bear-1536x1024.jpg\",\"2048x2048\":\"http:\\\/\\\/www.deroesterreichischefriseur.at\\\/wp-content\\\/uploads\\\/2023\\\/10\\\/MG_4721_bear-2048x1365.jpg\",\"purea-magazine-slider-posts\":\"http:\\\/\\\/www.deroesterreichischefriseur.at\\\/wp-content\\\/uploads\\\/2023\\\/10\\\/MG_4721_bear-1600x500.jpg\",\"purea-magazine-posts\":\"http:\\\/\\\/www.deroesterreichischefriseur.at\\\/wp-content\\\/uploads\\\/2023\\\/10\\\/MG_4721_bear-765x500.jpg\",\"purea-magazine-posts-thumb\":\"http:\\\/\\\/www.deroesterreichischefriseur.at\\\/wp-content\\\/uploads\\\/2023\\\/10\\\/MG_4721_bear-150x100.jpg\",\"full\":\"http:\\\/\\\/www.deroesterreichischefriseur.at\\\/wp-content\\\/uploads\\\/2023\\\/10\\\/MG_4721_bear-scaled.jpg\",\"index\":6,\"id\":811,\"video\":false,\"opts\":{\"caption\":\"\",\"thumb\":\"http:\\\/\\\/www.deroesterreichischefriseur.at\\\/wp-content\\\/uploads\\\/2023\\\/10\\\/MG_4721_bear-scaled-75x50_c.jpg\",\"title\":\"_MG_4721_bear\"},\"gallery_id\":\"804\"},{\"status\":\"active\",\"src\":\"http:\\\/\\\/www.deroesterreichischefriseur.at\\\/wp-content\\\/uploads\\\/2023\\\/10\\\/Hairclub_Portrait_001-scaled.jpg\",\"title\":\"Hairclub_Portrait_001\",\"link\":\"http:\\\/\\\/212.236.20.45\\\/wp-content\\\/uploads\\\/2023\\\/10\\\/Hairclub_Portrait_001-scaled.jpg\",\"alt\":\"\",\"caption\":false,\"thumb\":\"http:\\\/\\\/www.deroesterreichischefriseur.at\\\/wp-content\\\/uploads\\\/2023\\\/10\\\/Hairclub_Portrait_001-scaled-75x50_c.jpg\",\"meta\":{\"aperture\":null,\"credit\":null,\"camera\":null,\"caption\":\"\",\"created_timestamp\":null,\"copyright\":null,\"focal_length\":null,\"iso\":null,\"shutter_speed\":null,\"title\":\"\",\"orientation\":\"1\",\"keywords\":null,\"resized_images\":null},\"thumbnail\":\"http:\\\/\\\/www.deroesterreichischefriseur.at\\\/wp-content\\\/uploads\\\/2023\\\/10\\\/Hairclub_Portrait_001-150x150.jpg\",\"medium\":\"http:\\\/\\\/www.deroesterreichischefriseur.at\\\/wp-content\\\/uploads\\\/2023\\\/10\\\/Hairclub_Portrait_001-200x300.jpg\",\"medium_large\":\"http:\\\/\\\/www.deroesterreichischefriseur.at\\\/wp-content\\\/uploads\\\/2023\\\/10\\\/Hairclub_Portrait_001-768x1152.jpg\",\"large\":\"http:\\\/\\\/www.deroesterreichischefriseur.at\\\/wp-content\\\/uploads\\\/2023\\\/10\\\/Hairclub_Portrait_001-683x1024.jpg\",\"1536x1536\":\"http:\\\/\\\/www.deroesterreichischefriseur.at\\\/wp-content\\\/uploads\\\/2023\\\/10\\\/Hairclub_Portrait_001-1024x1536.jpg\",\"2048x2048\":\"http:\\\/\\\/www.deroesterreichischefriseur.at\\\/wp-content\\\/uploads\\\/2023\\\/10\\\/Hairclub_Portrait_001-1365x2048.jpg\",\"purea-magazine-slider-posts\":\"http:\\\/\\\/www.deroesterreichischefriseur.at\\\/wp-content\\\/uploads\\\/2023\\\/10\\\/Hairclub_Portrait_001-1600x500.jpg\",\"purea-magazine-posts\":\"http:\\\/\\\/www.deroesterreichischefriseur.at\\\/wp-content\\\/uploads\\\/2023\\\/10\\\/Hairclub_Portrait_001-765x500.jpg\",\"purea-magazine-posts-thumb\":\"http:\\\/\\\/www.deroesterreichischefriseur.at\\\/wp-content\\\/uploads\\\/2023\\\/10\\\/Hairclub_Portrait_001-150x100.jpg\",\"full\":\"http:\\\/\\\/www.deroesterreichischefriseur.at\\\/wp-content\\\/uploads\\\/2023\\\/10\\\/Hairclub_Portrait_001-scaled.jpg\",\"index\":7,\"id\":812,\"video\":false,\"opts\":{\"caption\":\"\",\"thumb\":\"http:\\\/\\\/www.deroesterreichischefriseur.at\\\/wp-content\\\/uploads\\\/2023\\\/10\\\/Hairclub_Portrait_001-scaled-75x50_c.jpg\",\"title\":\"Hairclub_Portrait_001\"},\"gallery_id\":\"804\"}]' data-lightbox-theme='{&quot;arrows&quot;:1,&quot;margins&quot;:[220,0],&quot;gutter&quot;:&quot;50&quot;,&quot;base_template&quot;:&quot;&lt;div id=\\&quot;envirabox-804\\&quot; data-envirabox-id=\\&quot;804\\&quot; class=\\&quot;envirabox-container envirabox-theme-base envirabox-wrap\\&quot; role=\\&quot;dialog\\&quot;&gt;&lt;div class=\\&quot;envirabox-bg\\&quot;&gt;&lt;\\\/div&gt;&lt;div class=\\&quot;envirabox-outer\\&quot;&gt;&lt;div class=\\&quot;envirabox-inner\\&quot;&gt;&lt;div id=\\&quot;envirabox-buttons\\&quot; class=\\&quot;envirabox-infobar top\\&quot;&gt;&lt;ul&gt;&lt;li&gt;&lt;a data-envirabox-prev class=\\&quot;btnPrev\\&quot; title=\\&quot;Previous\\&quot; href=\\&quot;#\\&quot;&gt;&lt;\\\/a&gt;&lt;\\\/li&gt;&lt;li&gt;&lt;a data-envirabox-next class=\\&quot;btnNext\\&quot; title=\\&quot;Next\\&quot; href=\\&quot;#\\&quot;&gt;&lt;\\\/a&gt;&lt;\\\/li&gt;&lt;li&gt;&lt;a data-envirabox-close class=\\&quot;btnClose\\&quot; title=\\&quot;Close\\&quot; href=\\&quot;javascript:;\\&quot;&gt;&lt;\\\/a&gt;&lt;\\\/li&gt;&lt;\\\/ul&gt;&lt;\\\/div&gt;&lt;div class=\\&quot;envirabox-position-overlay envira-gallery-top-left\\&quot;&gt;&lt;\\\/div&gt;&lt;div class=\\&quot;envirabox-position-overlay envira-gallery-top-right\\&quot;&gt;&lt;\\\/div&gt;&lt;div class=\\&quot;envirabox-position-overlay envira-gallery-bottom-left\\&quot;&gt;&lt;\\\/div&gt;&lt;div class=\\&quot;envirabox-position-overlay envira-gallery-bottom-right\\&quot;&gt;&lt;\\\/div&gt;&lt;div class=\\&quot;envirabox-stage\\&quot;&gt;&lt;\\\/div&gt;&lt;\\\/div&gt;&lt;\\\/div&gt;&lt;\\\/div&gt;&quot;,&quot;load_all&quot;:false,&quot;error_template&quot;:&quot;&lt;div class=\\&quot;envirabox-error\\&quot;&gt;&lt;p&gt;{{ERROR}}&lt;p&gt;&lt;\\\/div&gt;&quot;,&quot;inner_caption&quot;:true,&quot;caption_position&quot;:&quot;float&quot;,&quot;thumbs_position&quot;:&quot;bottom&quot;,&quot;arrow_position&quot;:&quot;inside&quot;,&quot;toolbar&quot;:false,&quot;infobar&quot;:true,&quot;show_smallbtn&quot;:true,&quot;idle_time&quot;:false,&quot;click_content&quot;:false,&quot;click_slide&quot;:false,&quot;click_outside&quot;:false,&quot;animation_duration&quot;:false,&quot;transition_duration&quot;:false,&quot;small_btn_template&quot;:&quot;&lt;a data-envirabox-close class=\\&quot;envirabox-item envirabox-close envirabox-button--close\\&quot; title=\\&quot;Close\\&quot; href=\\&quot;#\\&quot;&gt;&lt;\\\/a&gt;&quot;}' data-parsed-attrs='{\"id\":\"804\",\"cache\":true}'><div id=\"envira-gallery-item-805\" class=\"envira-gallery-item envira-gallery-item-1 envira-lazy-load\" style=\"padding-left: 1px; padding-bottom: 1px; padding-right: 1px;\"  itemscope itemtype=\"https:\/\/schema.org\/ImageObject\"><div class=\"envira-gallery-item-inner\"><div class=\"envira-gallery-position-overlay envira-gallery-top-left\"><\/div><div class=\"envira-gallery-position-overlay envira-gallery-top-right\"><\/div><div class=\"envira-gallery-position-overlay envira-gallery-bottom-left\"><\/div><div class=\"envira-gallery-position-overlay envira-gallery-bottom-right\"><\/div><a class=\"envira-gallery-804 envira-gallery-link\" href=\"http:\/\/212.236.20.45\/wp-content\/uploads\/2023\/10\/MG_4555_bear-scaled.jpg\" title=\"_MG_4555_bear\" data-caption=\"\" data-envira-item-id=\"805\" data-envira-retina=\"http:\/\/www.deroesterreichischefriseur.at\/wp-content\/uploads\/2023\/10\/MG_4555_bear-scaled.jpg\" data-thumb=\"http:\/\/212.236.20.45\/wp-content\/uploads\/2023\/10\/MG_4555_bear-scaled-75x50_c.jpg\" data-title=\"_MG_4555_bear\" data-envirabox='804' itemprop=\"contentUrl\"><img fetchpriority=\"high\" decoding=\"async\" src=\"http:\/\/www.deroesterreichischefriseur.at\/wp-content\/uploads\/2023\/10\/MG_4555_bear-1024x683.jpg\" alt=\"\" class=\"envira-gallery-image envira-gallery-image-1    envira-lazy\" height=\"480\" id=\"envira-gallery-image-805\" srcset=\"data:image\/gif;base64,R0lGODlhAQABAIAAAP\/\/\/\/\/\/\/yH5BAEKAAEALAAAAAABAAEAAAICTAEAOw==\" tabindex=\"-1\" title=\"_MG_4555_bear\" width=\"640\" data-caption=\"\" data-envira-gallery-id=\"804\" data-envira-index=\"0\" data-envira-item-id=\"805\" data-envira-src=\"http:\/\/www.deroesterreichischefriseur.at\/wp-content\/uploads\/2023\/10\/MG_4555_bear-1024x683.jpg\" data-envira-srcset=\"http:\/\/www.deroesterreichischefriseur.at\/wp-content\/uploads\/2023\/10\/MG_4555_bear-1024x683.jpg 400w, http:\/\/www.deroesterreichischefriseur.at\/wp-content\/uploads\/2023\/10\/MG_4555_bear-1024x683.jpg 2x\" data-title=\"_MG_4555_bear\" itemprop=\"thumbnailUrl\"  data-envirabox=\"804\" data-automatic-caption=\"_MG_4555_bear\" data-envira-height=\"200\" data-envira-width=\"300\" \/><\/a><\/div><\/div><div id=\"envira-gallery-item-806\" class=\"envira-gallery-item envira-gallery-item-2 envira-lazy-load\" style=\"padding-left: 1px; padding-bottom: 1px; padding-right: 1px;\"  itemscope itemtype=\"https:\/\/schema.org\/ImageObject\"><div class=\"envira-gallery-item-inner\"><div class=\"envira-gallery-position-overlay envira-gallery-top-left\"><\/div><div class=\"envira-gallery-position-overlay envira-gallery-top-right\"><\/div><div class=\"envira-gallery-position-overlay envira-gallery-bottom-left\"><\/div><div class=\"envira-gallery-position-overlay envira-gallery-bottom-right\"><\/div><a class=\"envira-gallery-804 envira-gallery-link\" href=\"http:\/\/212.236.20.45\/wp-content\/uploads\/2023\/10\/MG_4573_bear-scaled.jpg\" title=\"_MG_4573_bear\" data-caption=\"\" data-envira-item-id=\"806\" data-envira-retina=\"http:\/\/www.deroesterreichischefriseur.at\/wp-content\/uploads\/2023\/10\/MG_4573_bear-scaled.jpg\" data-thumb=\"http:\/\/212.236.20.45\/wp-content\/uploads\/2023\/10\/MG_4573_bear-scaled-75x50_c.jpg\" data-title=\"_MG_4573_bear\" data-envirabox='804' itemprop=\"contentUrl\"><img decoding=\"async\" src=\"http:\/\/www.deroesterreichischefriseur.at\/wp-content\/uploads\/2023\/10\/MG_4573_bear-1024x683.jpg\" alt=\"\" class=\"envira-gallery-image envira-gallery-image-2    envira-lazy\" height=\"480\" id=\"envira-gallery-image-806\" srcset=\"data:image\/gif;base64,R0lGODlhAQABAIAAAP\/\/\/\/\/\/\/yH5BAEKAAEALAAAAAABAAEAAAICTAEAOw==\" tabindex=\"-1\" title=\"_MG_4573_bear\" width=\"640\" data-caption=\"\" data-envira-gallery-id=\"804\" data-envira-index=\"1\" data-envira-item-id=\"806\" data-envira-src=\"http:\/\/www.deroesterreichischefriseur.at\/wp-content\/uploads\/2023\/10\/MG_4573_bear-1024x683.jpg\" data-envira-srcset=\"http:\/\/www.deroesterreichischefriseur.at\/wp-content\/uploads\/2023\/10\/MG_4573_bear-1024x683.jpg 400w, http:\/\/www.deroesterreichischefriseur.at\/wp-content\/uploads\/2023\/10\/MG_4573_bear-1024x683.jpg 2x\" data-title=\"_MG_4573_bear\" itemprop=\"thumbnailUrl\"  data-envirabox=\"804\" data-automatic-caption=\"_MG_4573_bear\" data-envira-height=\"200\" data-envira-width=\"300\" \/><\/a><\/div><\/div><div id=\"envira-gallery-item-807\" class=\"envira-gallery-item envira-gallery-item-3 envira-lazy-load\" style=\"padding-left: 1px; padding-bottom: 1px; padding-right: 1px;\"  itemscope itemtype=\"https:\/\/schema.org\/ImageObject\"><div class=\"envira-gallery-item-inner\"><div class=\"envira-gallery-position-overlay envira-gallery-top-left\"><\/div><div class=\"envira-gallery-position-overlay envira-gallery-top-right\"><\/div><div class=\"envira-gallery-position-overlay envira-gallery-bottom-left\"><\/div><div class=\"envira-gallery-position-overlay envira-gallery-bottom-right\"><\/div><a class=\"envira-gallery-804 envira-gallery-link\" href=\"http:\/\/212.236.20.45\/wp-content\/uploads\/2023\/10\/MG_4604_bear-scaled.jpg\" title=\"_MG_4604_bear\" data-caption=\"\" data-envira-item-id=\"807\" data-envira-retina=\"http:\/\/www.deroesterreichischefriseur.at\/wp-content\/uploads\/2023\/10\/MG_4604_bear-scaled.jpg\" data-thumb=\"http:\/\/212.236.20.45\/wp-content\/uploads\/2023\/10\/MG_4604_bear-scaled-75x50_c.jpg\" data-title=\"_MG_4604_bear\" data-envirabox='804' itemprop=\"contentUrl\"><img decoding=\"async\" src=\"http:\/\/www.deroesterreichischefriseur.at\/wp-content\/uploads\/2023\/10\/MG_4604_bear-1024x683.jpg\" alt=\"\" class=\"envira-gallery-image envira-gallery-image-3    envira-lazy\" height=\"480\" id=\"envira-gallery-image-807\" srcset=\"data:image\/gif;base64,R0lGODlhAQABAIAAAP\/\/\/\/\/\/\/yH5BAEKAAEALAAAAAABAAEAAAICTAEAOw==\" tabindex=\"-1\" title=\"_MG_4604_bear\" width=\"640\" data-caption=\"\" data-envira-gallery-id=\"804\" data-envira-index=\"2\" data-envira-item-id=\"807\" data-envira-src=\"http:\/\/www.deroesterreichischefriseur.at\/wp-content\/uploads\/2023\/10\/MG_4604_bear-1024x683.jpg\" data-envira-srcset=\"http:\/\/www.deroesterreichischefriseur.at\/wp-content\/uploads\/2023\/10\/MG_4604_bear-1024x683.jpg 400w, http:\/\/www.deroesterreichischefriseur.at\/wp-content\/uploads\/2023\/10\/MG_4604_bear-1024x683.jpg 2x\" data-title=\"_MG_4604_bear\" itemprop=\"thumbnailUrl\"  data-envirabox=\"804\" data-automatic-caption=\"_MG_4604_bear\" data-envira-height=\"200\" data-envira-width=\"300\" \/><\/a><\/div><\/div><div id=\"envira-gallery-item-808\" class=\"envira-gallery-item envira-gallery-item-4 envira-lazy-load\" style=\"padding-left: 1px; padding-bottom: 1px; padding-right: 1px;\"  itemscope itemtype=\"https:\/\/schema.org\/ImageObject\"><div class=\"envira-gallery-item-inner\"><div class=\"envira-gallery-position-overlay envira-gallery-top-left\"><\/div><div class=\"envira-gallery-position-overlay envira-gallery-top-right\"><\/div><div class=\"envira-gallery-position-overlay envira-gallery-bottom-left\"><\/div><div class=\"envira-gallery-position-overlay envira-gallery-bottom-right\"><\/div><a class=\"envira-gallery-804 envira-gallery-link\" href=\"http:\/\/212.236.20.45\/wp-content\/uploads\/2023\/10\/MG_4609_bear-scaled.jpg\" title=\"_MG_4609_bear\" data-caption=\"\" data-envira-item-id=\"808\" data-envira-retina=\"http:\/\/www.deroesterreichischefriseur.at\/wp-content\/uploads\/2023\/10\/MG_4609_bear-scaled.jpg\" data-thumb=\"http:\/\/212.236.20.45\/wp-content\/uploads\/2023\/10\/MG_4609_bear-scaled-75x50_c.jpg\" data-title=\"_MG_4609_bear\" data-envirabox='804' itemprop=\"contentUrl\"><img loading=\"lazy\" decoding=\"async\" src=\"http:\/\/www.deroesterreichischefriseur.at\/wp-content\/uploads\/2023\/10\/MG_4609_bear-1024x683.jpg\" alt=\"\" class=\"envira-gallery-image envira-gallery-image-4    envira-lazy\" height=\"480\" id=\"envira-gallery-image-808\" srcset=\"data:image\/gif;base64,R0lGODlhAQABAIAAAP\/\/\/\/\/\/\/yH5BAEKAAEALAAAAAABAAEAAAICTAEAOw==\" tabindex=\"-1\" title=\"_MG_4609_bear\" width=\"640\" data-caption=\"\" data-envira-gallery-id=\"804\" data-envira-index=\"3\" data-envira-item-id=\"808\" data-envira-src=\"http:\/\/www.deroesterreichischefriseur.at\/wp-content\/uploads\/2023\/10\/MG_4609_bear-1024x683.jpg\" data-envira-srcset=\"http:\/\/www.deroesterreichischefriseur.at\/wp-content\/uploads\/2023\/10\/MG_4609_bear-1024x683.jpg 400w, http:\/\/www.deroesterreichischefriseur.at\/wp-content\/uploads\/2023\/10\/MG_4609_bear-1024x683.jpg 2x\" data-title=\"_MG_4609_bear\" itemprop=\"thumbnailUrl\"  data-envirabox=\"804\" data-automatic-caption=\"_MG_4609_bear\" data-envira-height=\"200\" data-envira-width=\"300\" \/><\/a><\/div><\/div><div id=\"envira-gallery-item-809\" class=\"envira-gallery-item envira-gallery-item-5 envira-lazy-load\" style=\"padding-left: 1px; padding-bottom: 1px; padding-right: 1px;\"  itemscope itemtype=\"https:\/\/schema.org\/ImageObject\"><div class=\"envira-gallery-item-inner\"><div class=\"envira-gallery-position-overlay envira-gallery-top-left\"><\/div><div class=\"envira-gallery-position-overlay envira-gallery-top-right\"><\/div><div class=\"envira-gallery-position-overlay envira-gallery-bottom-left\"><\/div><div class=\"envira-gallery-position-overlay envira-gallery-bottom-right\"><\/div><a class=\"envira-gallery-804 envira-gallery-link\" href=\"http:\/\/212.236.20.45\/wp-content\/uploads\/2023\/10\/MG_4627_bear-scaled.jpg\" title=\"_MG_4627_bear\" data-caption=\"\" data-envira-item-id=\"809\" data-envira-retina=\"http:\/\/www.deroesterreichischefriseur.at\/wp-content\/uploads\/2023\/10\/MG_4627_bear-scaled.jpg\" data-thumb=\"http:\/\/212.236.20.45\/wp-content\/uploads\/2023\/10\/MG_4627_bear-scaled-75x50_c.jpg\" data-title=\"_MG_4627_bear\" data-envirabox='804' itemprop=\"contentUrl\"><img loading=\"lazy\" decoding=\"async\" src=\"http:\/\/www.deroesterreichischefriseur.at\/wp-content\/uploads\/2023\/10\/MG_4627_bear-1024x683.jpg\" alt=\"\" class=\"envira-gallery-image envira-gallery-image-5    envira-lazy\" height=\"480\" id=\"envira-gallery-image-809\" srcset=\"data:image\/gif;base64,R0lGODlhAQABAIAAAP\/\/\/\/\/\/\/yH5BAEKAAEALAAAAAABAAEAAAICTAEAOw==\" tabindex=\"-1\" title=\"_MG_4627_bear\" width=\"640\" data-caption=\"\" data-envira-gallery-id=\"804\" data-envira-index=\"4\" data-envira-item-id=\"809\" data-envira-src=\"http:\/\/www.deroesterreichischefriseur.at\/wp-content\/uploads\/2023\/10\/MG_4627_bear-1024x683.jpg\" data-envira-srcset=\"http:\/\/www.deroesterreichischefriseur.at\/wp-content\/uploads\/2023\/10\/MG_4627_bear-1024x683.jpg 400w, http:\/\/www.deroesterreichischefriseur.at\/wp-content\/uploads\/2023\/10\/MG_4627_bear-1024x683.jpg 2x\" data-title=\"_MG_4627_bear\" itemprop=\"thumbnailUrl\"  data-envirabox=\"804\" data-automatic-caption=\"_MG_4627_bear\" data-envira-height=\"200\" data-envira-width=\"300\" \/><\/a><\/div><\/div><div id=\"envira-gallery-item-810\" class=\"envira-gallery-item envira-gallery-item-6 envira-lazy-load\" style=\"padding-left: 1px; padding-bottom: 1px; padding-right: 1px;\"  itemscope itemtype=\"https:\/\/schema.org\/ImageObject\"><div class=\"envira-gallery-item-inner\"><div class=\"envira-gallery-position-overlay envira-gallery-top-left\"><\/div><div class=\"envira-gallery-position-overlay envira-gallery-top-right\"><\/div><div class=\"envira-gallery-position-overlay envira-gallery-bottom-left\"><\/div><div class=\"envira-gallery-position-overlay envira-gallery-bottom-right\"><\/div><a class=\"envira-gallery-804 envira-gallery-link\" href=\"http:\/\/212.236.20.45\/wp-content\/uploads\/2023\/10\/MG_4636_bear-scaled.jpg\" title=\"_MG_4636_bear\" data-caption=\"\" data-envira-item-id=\"810\" data-envira-retina=\"http:\/\/www.deroesterreichischefriseur.at\/wp-content\/uploads\/2023\/10\/MG_4636_bear-scaled.jpg\" data-thumb=\"http:\/\/212.236.20.45\/wp-content\/uploads\/2023\/10\/MG_4636_bear-scaled-75x50_c.jpg\" data-title=\"_MG_4636_bear\" data-envirabox='804' itemprop=\"contentUrl\"><img loading=\"lazy\" decoding=\"async\" src=\"http:\/\/www.deroesterreichischefriseur.at\/wp-content\/uploads\/2023\/10\/MG_4636_bear-1024x683.jpg\" alt=\"\" class=\"envira-gallery-image envira-gallery-image-6    envira-lazy\" height=\"480\" id=\"envira-gallery-image-810\" srcset=\"data:image\/gif;base64,R0lGODlhAQABAIAAAP\/\/\/\/\/\/\/yH5BAEKAAEALAAAAAABAAEAAAICTAEAOw==\" tabindex=\"-1\" title=\"_MG_4636_bear\" width=\"640\" data-caption=\"\" data-envira-gallery-id=\"804\" data-envira-index=\"5\" data-envira-item-id=\"810\" data-envira-src=\"http:\/\/www.deroesterreichischefriseur.at\/wp-content\/uploads\/2023\/10\/MG_4636_bear-1024x683.jpg\" data-envira-srcset=\"http:\/\/www.deroesterreichischefriseur.at\/wp-content\/uploads\/2023\/10\/MG_4636_bear-1024x683.jpg 400w, http:\/\/www.deroesterreichischefriseur.at\/wp-content\/uploads\/2023\/10\/MG_4636_bear-1024x683.jpg 2x\" data-title=\"_MG_4636_bear\" itemprop=\"thumbnailUrl\"  data-envirabox=\"804\" data-automatic-caption=\"_MG_4636_bear\" data-envira-height=\"200\" data-envira-width=\"300\" \/><\/a><\/div><\/div><div id=\"envira-gallery-item-811\" class=\"envira-gallery-item envira-gallery-item-7 envira-lazy-load\" style=\"padding-left: 1px; padding-bottom: 1px; padding-right: 1px;\"  itemscope itemtype=\"https:\/\/schema.org\/ImageObject\"><div class=\"envira-gallery-item-inner\"><div class=\"envira-gallery-position-overlay envira-gallery-top-left\"><\/div><div class=\"envira-gallery-position-overlay envira-gallery-top-right\"><\/div><div class=\"envira-gallery-position-overlay envira-gallery-bottom-left\"><\/div><div class=\"envira-gallery-position-overlay envira-gallery-bottom-right\"><\/div><a class=\"envira-gallery-804 envira-gallery-link\" href=\"http:\/\/212.236.20.45\/wp-content\/uploads\/2023\/10\/MG_4721_bear-scaled.jpg\" title=\"_MG_4721_bear\" data-caption=\"\" data-envira-item-id=\"811\" data-envira-retina=\"http:\/\/www.deroesterreichischefriseur.at\/wp-content\/uploads\/2023\/10\/MG_4721_bear-scaled.jpg\" data-thumb=\"http:\/\/212.236.20.45\/wp-content\/uploads\/2023\/10\/MG_4721_bear-scaled-75x50_c.jpg\" data-title=\"_MG_4721_bear\" data-envirabox='804' itemprop=\"contentUrl\"><img loading=\"lazy\" decoding=\"async\" src=\"http:\/\/www.deroesterreichischefriseur.at\/wp-content\/uploads\/2023\/10\/MG_4721_bear-1024x683.jpg\" alt=\"\" class=\"envira-gallery-image envira-gallery-image-7    envira-lazy\" height=\"480\" id=\"envira-gallery-image-811\" srcset=\"data:image\/gif;base64,R0lGODlhAQABAIAAAP\/\/\/\/\/\/\/yH5BAEKAAEALAAAAAABAAEAAAICTAEAOw==\" tabindex=\"-1\" title=\"_MG_4721_bear\" width=\"640\" data-caption=\"\" data-envira-gallery-id=\"804\" data-envira-index=\"6\" data-envira-item-id=\"811\" data-envira-src=\"http:\/\/www.deroesterreichischefriseur.at\/wp-content\/uploads\/2023\/10\/MG_4721_bear-1024x683.jpg\" data-envira-srcset=\"http:\/\/www.deroesterreichischefriseur.at\/wp-content\/uploads\/2023\/10\/MG_4721_bear-1024x683.jpg 400w, http:\/\/www.deroesterreichischefriseur.at\/wp-content\/uploads\/2023\/10\/MG_4721_bear-1024x683.jpg 2x\" data-title=\"_MG_4721_bear\" itemprop=\"thumbnailUrl\"  data-envirabox=\"804\" data-automatic-caption=\"_MG_4721_bear\" data-envira-height=\"200\" data-envira-width=\"300\" \/><\/a><\/div><\/div><div id=\"envira-gallery-item-812\" class=\"envira-gallery-item envira-gallery-item-8 envira-lazy-load\" style=\"padding-left: 1px; padding-bottom: 1px; padding-right: 1px;\"  itemscope itemtype=\"https:\/\/schema.org\/ImageObject\"><div class=\"envira-gallery-item-inner\"><div class=\"envira-gallery-position-overlay envira-gallery-top-left\"><\/div><div class=\"envira-gallery-position-overlay envira-gallery-top-right\"><\/div><div class=\"envira-gallery-position-overlay envira-gallery-bottom-left\"><\/div><div class=\"envira-gallery-position-overlay envira-gallery-bottom-right\"><\/div><a class=\"envira-gallery-804 envira-gallery-link\" href=\"http:\/\/212.236.20.45\/wp-content\/uploads\/2023\/10\/Hairclub_Portrait_001-scaled.jpg\" title=\"Hairclub_Portrait_001\" data-caption=\"\" data-envira-item-id=\"812\" data-envira-retina=\"http:\/\/www.deroesterreichischefriseur.at\/wp-content\/uploads\/2023\/10\/Hairclub_Portrait_001-scaled.jpg\" data-thumb=\"http:\/\/212.236.20.45\/wp-content\/uploads\/2023\/10\/Hairclub_Portrait_001-scaled-75x50_c.jpg\" data-title=\"Hairclub_Portrait_001\" data-envirabox='804' itemprop=\"contentUrl\"><img loading=\"lazy\" decoding=\"async\" src=\"http:\/\/www.deroesterreichischefriseur.at\/wp-content\/uploads\/2023\/10\/Hairclub_Portrait_001-683x1024.jpg\" alt=\"\" class=\"envira-gallery-image envira-gallery-image-8    envira-lazy\" height=\"480\" id=\"envira-gallery-image-812\" srcset=\"data:image\/gif;base64,R0lGODlhAQABAIAAAP\/\/\/\/\/\/\/yH5BAEKAAEALAAAAAABAAEAAAICTAEAOw==\" tabindex=\"-1\" title=\"Hairclub_Portrait_001\" width=\"640\" data-caption=\"\" data-envira-gallery-id=\"804\" data-envira-index=\"7\" data-envira-item-id=\"812\" data-envira-src=\"http:\/\/www.deroesterreichischefriseur.at\/wp-content\/uploads\/2023\/10\/Hairclub_Portrait_001-683x1024.jpg\" data-envira-srcset=\"http:\/\/www.deroesterreichischefriseur.at\/wp-content\/uploads\/2023\/10\/Hairclub_Portrait_001-683x1024.jpg 400w, http:\/\/www.deroesterreichischefriseur.at\/wp-content\/uploads\/2023\/10\/Hairclub_Portrait_001-683x1024.jpg 2x\" data-title=\"Hairclub_Portrait_001\" itemprop=\"thumbnailUrl\"  data-envirabox=\"804\" data-automatic-caption=\"Hairclub_Portrait_001\" data-envira-height=\"300\" data-envira-width=\"200\" \/><\/a><\/div><\/div><\/div><\/div><noscript><img src='http:\/\/212.236.20.45\/wp-content\/uploads\/2023\/10\/MG_4555_bear-scaled.jpg' alt='' class='envira_noscript_images ' \/><img src='http:\/\/212.236.20.45\/wp-content\/uploads\/2023\/10\/MG_4573_bear-scaled.jpg' alt='' class='envira_noscript_images ' \/><img src='http:\/\/212.236.20.45\/wp-content\/uploads\/2023\/10\/MG_4604_bear-scaled.jpg' alt='' class='envira_noscript_images ' \/><img src='http:\/\/212.236.20.45\/wp-content\/uploads\/2023\/10\/MG_4609_bear-scaled.jpg' alt='' class='envira_noscript_images ' \/><img src='http:\/\/212.236.20.45\/wp-content\/uploads\/2023\/10\/MG_4627_bear-scaled.jpg' alt='' class='envira_noscript_images ' \/><img src='http:\/\/212.236.20.45\/wp-content\/uploads\/2023\/10\/MG_4636_bear-scaled.jpg' alt='' class='envira_noscript_images ' \/><img src='http:\/\/212.236.20.45\/wp-content\/uploads\/2023\/10\/MG_4721_bear-scaled.jpg' alt='' class='envira_noscript_images ' \/><img src='http:\/\/212.236.20.45\/wp-content\/uploads\/2023\/10\/Hairclub_Portrait_001-scaled.jpg' alt='' class='envira_noscript_images ' \/><\/noscript><\/div>\n\n\n\n<p><\/p>\n","protected":false},"excerpt":{"rendered":"<p>\u201eWir wollten ein besonderes Design,\u00a0das uns und die Marke Paul Mitchell\u00ae\u00a0verk\u00f6rpert\u201c,\u00a0sagt Matthias D\u00fcbbelde \u00fcber die Renovierung seines Salons\u00a0Hair Club, your own Style. Mit seinem besten Freund Mike Niemeyer er\u00f6ffnete Matthias 2011 den ersten eigenen Salon. Damals mit wenig Geld, aber viel Herzblut. Zw\u00f6lf Jahre sp\u00e4ter erf\u00fcllten sich die Freunde und Gesch\u00e4ftspartner ihren zweiten Traum: Eine hochwertige und stylische Einrichtung, die ihre Arbeit und ihre Pers\u00f6nlichkeit widerspiegelt. Nicht nur ein (Hair)&hellip;<\/p>\n","protected":false},"author":1,"featured_media":812,"comment_status":"closed","ping_status":"open","sticky":false,"template":"","format":"standard","meta":{"footnotes":""},"categories":[12,1],"tags":[],"class_list":["post-802","post","type-post","status-publish","format-standard","has-post-thumbnail","hentry","category-magazin","category-uncategorized"],"_links":{"self":[{"href":"http:\/\/www.deroesterreichischefriseur.at\/index.php?rest_route=\/wp\/v2\/posts\/802","targetHints":{"allow":["GET"]}}],"collection":[{"href":"http:\/\/www.deroesterreichischefriseur.at\/index.php?rest_route=\/wp\/v2\/posts"}],"about":[{"href":"http:\/\/www.deroesterreichischefriseur.at\/index.php?rest_route=\/wp\/v2\/types\/post"}],"author":[{"embeddable":true,"href":"http:\/\/www.deroesterreichischefriseur.at\/index.php?rest_route=\/wp\/v2\/users\/1"}],"replies":[{"embeddable":true,"href":"http:\/\/www.deroesterreichischefriseur.at\/index.php?rest_route=%2Fwp%2Fv2%2Fcomments&post=802"}],"version-history":[{"count":2,"href":"http:\/\/www.deroesterreichischefriseur.at\/index.php?rest_route=\/wp\/v2\/posts\/802\/revisions"}],"predecessor-version":[{"id":814,"href":"http:\/\/www.deroesterreichischefriseur.at\/index.php?rest_route=\/wp\/v2\/posts\/802\/revisions\/814"}],"wp:featuredmedia":[{"embeddable":true,"href":"http:\/\/www.deroesterreichischefriseur.at\/index.php?rest_route=\/wp\/v2\/media\/812"}],"wp:attachment":[{"href":"http:\/\/www.deroesterreichischefriseur.at\/index.php?rest_route=%2Fwp%2Fv2%2Fmedia&parent=802"}],"wp:term":[{"taxonomy":"category","embeddable":true,"href":"http:\/\/www.deroesterreichischefriseur.at\/index.php?rest_route=%2Fwp%2Fv2%2Fcategories&post=802"},{"taxonomy":"post_tag","embeddable":true,"href":"http:\/\/www.deroesterreichischefriseur.at\/index.php?rest_route=%2Fwp%2Fv2%2Ftags&post=802"}],"curies":[{"name":"wp","href":"https:\/\/api.w.org\/{rel}","templated":true}]}}