{"id":494,"date":"2023-05-07T23:34:30","date_gmt":"2023-05-07T21:34:30","guid":{"rendered":"http:\/\/212.236.20.45\/?p=494"},"modified":"2023-05-08T15:48:10","modified_gmt":"2023-05-08T13:48:10","slug":"wiener-landesmeisterschaft-2023-der-wiener-nachwuchs-zeigt-sein-koennen","status":"publish","type":"post","link":"http:\/\/www.deroesterreichischefriseur.at\/?p=494","title":{"rendered":"Wiener Landesmeisterschaft 2023 &#8211; Der Wiener Nachwuchs zeigt sein k\u00f6nnen"},"content":{"rendered":"\t\t<div data-elementor-type=\"wp-post\" data-elementor-id=\"494\" class=\"elementor elementor-494\" data-elementor-post-type=\"post\">\n\t\t\t\t\t\t<section class=\"elementor-section elementor-top-section elementor-element elementor-element-68db1d0f elementor-section-boxed elementor-section-height-default elementor-section-height-default\" data-id=\"68db1d0f\" data-element_type=\"section\" data-e-type=\"section\">\n\t\t\t\t\t\t<div class=\"elementor-container elementor-column-gap-default\">\n\t\t\t\t\t<div class=\"elementor-column elementor-col-100 elementor-top-column elementor-element elementor-element-2b29fe71\" data-id=\"2b29fe71\" data-element_type=\"column\" data-e-type=\"column\">\n\t\t\t<div class=\"elementor-widget-wrap elementor-element-populated\">\n\t\t\t\t\t\t<div class=\"elementor-element elementor-element-17764d86 elementor-widget elementor-widget-text-editor\" data-id=\"17764d86\" data-element_type=\"widget\" data-e-type=\"widget\" data-widget_type=\"text-editor.default\">\n\t\t\t\t<div class=\"elementor-widget-container\">\n\t\t\t\t\t\t\t\t\t\n<p>Die auf April verschobene Wiener Landesmeisterschaft 2023 fand am Montag, den 24. April 2023 unter dem Motto \u201eIch.Mach.Mit\u201cin der Berufsschule Goldschlagstra\u00dfe im vierzehnten Wiener Gemeindebezirk statt. Motivierte Wiener Lehrlinge stellten sich erstmals wieder nach Corona der Herausforderung und k\u00e4mpften mit viel Energie und Herzblut um den begehrten Titel der Bundeshauptstadt.<\/p>\n\n\n\n<p>Dank der tollen Organisation von Thomas Maresch, selbst auch Berufsschullehrer an der BS Goldschlagstra\u00dfe, in Verbindung mit der guten Zusammenarbeit mit dem Hausherren, Berufsschuldirektor Robert Kugler, wurde die erste Landesmeisterschaft nach Corona in einer sehr positiven und engagierten Stimmung erfolgreich ausgerichtet.<\/p>\n\n\n\n<p>LIM Mst. Marcus Eisinger:\u201c <em>Ich freue mich, dass im ersten Jahr nach Covid der Wiener Nachwuchs beachtliche Leistungen zeigen konnte. Trotz der Startschwierigkeiten (Verschiebung des Landeslehrlingswettbewerbes) freut es mich, dass wir tolle Frisuren von engagierten Jugendlichen unserer Branche sehen konnten<\/em>.\u201c<\/p>\n\n\n\n<p>Organisator Thomas Maresch: \u201e<em>Sch\u00f6n, dass es wieder eine Landesmeisterschaft gibt: Der Tag zeigt vor allem, wie motiviert unsere Lehrlinge sind. Gerade in Zeiten des Fachkr\u00e4ftemangels ist es sch\u00f6n zu sehen, was doch m\u00f6glich ist.\u201c<\/em><\/p>\n\n\n\n<\/div><\/div><\/div><\/div><\/div><\/section><\/div> <a href=\"http:\/\/www.deroesterreichischefriseur.at\/?p=494#more-494\" class=\"more-link elementor-more-link\"><span aria-label=\"Continue reading Wiener Landesmeisterschaft 2023 &#8211; Der Wiener Nachwuchs zeigt sein k\u00f6nnen\">(more&hellip;)<\/span><\/a>","protected":false},"excerpt":{"rendered":"<p>Die auf April verschobene Wiener Landesmeisterschaft 2023 fand am Montag, den 24. April 2023 unter dem Motto \u201eIch.Mach.Mit\u201cin der Berufsschule Goldschlagstra\u00dfe im vierzehnten Wiener Gemeindebezirk statt. Motivierte Wiener Lehrlinge stellten sich erstmals wieder nach Corona der Herausforderung und k\u00e4mpften mit viel Energie und Herzblut um den begehrten Titel der Bundeshauptstadt. Dank der tollen Organisation von Thomas Maresch, selbst auch Berufsschullehrer an der BS Goldschlagstra\u00dfe, in Verbindung mit der guten Zusammenarbeit&hellip;<\/p>\n","protected":false},"author":1,"featured_media":580,"comment_status":"closed","ping_status":"open","sticky":false,"template":"","format":"standard","meta":{"footnotes":""},"categories":[16],"tags":[],"class_list":["post-494","post","type-post","status-publish","format-standard","has-post-thumbnail","hentry","category-event"],"_links":{"self":[{"href":"http:\/\/www.deroesterreichischefriseur.at\/index.php?rest_route=\/wp\/v2\/posts\/494","targetHints":{"allow":["GET"]}}],"collection":[{"href":"http:\/\/www.deroesterreichischefriseur.at\/index.php?rest_route=\/wp\/v2\/posts"}],"about":[{"href":"http:\/\/www.deroesterreichischefriseur.at\/index.php?rest_route=\/wp\/v2\/types\/post"}],"author":[{"embeddable":true,"href":"http:\/\/www.deroesterreichischefriseur.at\/index.php?rest_route=\/wp\/v2\/users\/1"}],"replies":[{"embeddable":true,"href":"http:\/\/www.deroesterreichischefriseur.at\/index.php?rest_route=%2Fwp%2Fv2%2Fcomments&post=494"}],"version-history":[{"count":11,"href":"http:\/\/www.deroesterreichischefriseur.at\/index.php?rest_route=\/wp\/v2\/posts\/494\/revisions"}],"predecessor-version":[{"id":618,"href":"http:\/\/www.deroesterreichischefriseur.at\/index.php?rest_route=\/wp\/v2\/posts\/494\/revisions\/618"}],"wp:featuredmedia":[{"embeddable":true,"href":"http:\/\/www.deroesterreichischefriseur.at\/index.php?rest_route=\/wp\/v2\/media\/580"}],"wp:attachment":[{"href":"http:\/\/www.deroesterreichischefriseur.at\/index.php?rest_route=%2Fwp%2Fv2%2Fmedia&parent=494"}],"wp:term":[{"taxonomy":"category","embeddable":true,"href":"http:\/\/www.deroesterreichischefriseur.at\/index.php?rest_route=%2Fwp%2Fv2%2Fcategories&post=494"},{"taxonomy":"post_tag","embeddable":true,"href":"http:\/\/www.deroesterreichischefriseur.at\/index.php?rest_route=%2Fwp%2Fv2%2Ftags&post=494"}],"curies":[{"name":"wp","href":"https:\/\/api.w.org\/{rel}","templated":true}]}}