{"id":247,"date":"2022-09-07T10:11:58","date_gmt":"2022-09-07T08:11:58","guid":{"rendered":"http:\/\/212.236.20.45\/?p=247"},"modified":"2022-09-07T10:11:58","modified_gmt":"2022-09-07T08:11:58","slug":"die-beste-reisebegleitung-immer-und-ueberall-marlies-moeller-beauty-haircare-reisegroessen-fuer-den-perfekten-urlaub","status":"publish","type":"post","link":"http:\/\/www.deroesterreichischefriseur.at\/?p=247","title":{"rendered":"Die beste Reisebegleitung immer und \u00fcberall: MARLIES M\u00d6LLER beauty haircare Reisegr\u00f6\u00dfen f\u00fcr den perfekten Urlaub"},"content":{"rendered":"\n<p><strong>Spr\u00f6des und beanspruchtes Haar im Sommerurlaub? \u2013 Nicht mehr! Die MARLIES M\u00d6LLER Reisegr\u00f6\u00dfen f\u00fcr jegliche Bed\u00fcrfnisse sind das Must Have f\u00fcr diesen Sommer, um das Haar hochintensiv zu pflegen.Mission Koffer packen: MARLIES M\u00d6LLER Reiseprodukte machen es so einfach wie noch nie<\/strong><\/p>\n\n\n\n<p>Wer kennt es nicht \u2013 der Koffer ist gepackt, aber unsere liebsten Haarpflege und -stylingprodukte nehmen zu viel Platz in Anspruch. Die MARLIES M\u00d6LLER Reisegr\u00f6\u00dfen finden selbst im Handgep\u00e4ck ihr Pl\u00e4tzchen. Die Produkte bestehen aus hochwertigen Extrakten und kostbaren \u00d6len, die unser Haar im Urlaub mit wichtigen N\u00e4hrstoffen versorgen. Diese Extraportion Pflege, bietet somit nicht nur uns, son- dern auch unseren Haaren eine Auszeit!Zur Auswahl stehen acht verschiedene Produkte, die keine W\u00fcnsche unerf\u00fcllt lassen: Drei verschiedene Shampoos halten f\u00fcr jeden An- spruch und Urlaub die passende Reinigung bereit.Die Extraportion Pflege und zus\u00e4tzliches Volumen bekommt das Haar mit dem Lift Up Volume Conditioner und dem Liquid Hair Repair Mousse. F\u00fcr besonders hohe Pflegeanspr\u00fcche empfiehlt MARLIES M\u00d6LLER die intensive Overnight Hair Mask. Das anschlie\u00dfende Styling wird wahlweise mit dem Strong Styling Foam oder dem Crystal Shine Hair Lacquer perfektioniert. Die Reisegr\u00f6\u00dfen von MARLIES M\u00d6LLER beauty haircare sind in aus- gew\u00e4hlten Parf\u00fcmerien sowie in den Kosmetikabteilungen f\u00fchrender Kaufh\u00e4user erh\u00e4ltlich.<\/p>\n","protected":false},"excerpt":{"rendered":"<p>Spr\u00f6des und beanspruchtes Haar im Sommerurlaub? \u2013 Nicht mehr! Die MARLIES M\u00d6LLER Reisegr\u00f6\u00dfen f\u00fcr jegliche Bed\u00fcrfnisse sind das Must Have f\u00fcr diesen Sommer, um das Haar hochintensiv zu pflegen.Mission Koffer packen: MARLIES M\u00d6LLER Reiseprodukte machen es so einfach wie noch nie Wer kennt es nicht \u2013 der Koffer ist gepackt, aber unsere liebsten Haarpflege und -stylingprodukte nehmen zu viel Platz in Anspruch. Die MARLIES M\u00d6LLER Reisegr\u00f6\u00dfen finden selbst im Handgep\u00e4ck&hellip;<\/p>\n","protected":false},"author":2,"featured_media":248,"comment_status":"closed","ping_status":"closed","sticky":false,"template":"","format":"standard","meta":{"footnotes":""},"categories":[15],"tags":[],"class_list":["post-247","post","type-post","status-publish","format-standard","has-post-thumbnail","hentry","category-firmennews"],"_links":{"self":[{"href":"http:\/\/www.deroesterreichischefriseur.at\/index.php?rest_route=\/wp\/v2\/posts\/247","targetHints":{"allow":["GET"]}}],"collection":[{"href":"http:\/\/www.deroesterreichischefriseur.at\/index.php?rest_route=\/wp\/v2\/posts"}],"about":[{"href":"http:\/\/www.deroesterreichischefriseur.at\/index.php?rest_route=\/wp\/v2\/types\/post"}],"author":[{"embeddable":true,"href":"http:\/\/www.deroesterreichischefriseur.at\/index.php?rest_route=\/wp\/v2\/users\/2"}],"replies":[{"embeddable":true,"href":"http:\/\/www.deroesterreichischefriseur.at\/index.php?rest_route=%2Fwp%2Fv2%2Fcomments&post=247"}],"version-history":[{"count":1,"href":"http:\/\/www.deroesterreichischefriseur.at\/index.php?rest_route=\/wp\/v2\/posts\/247\/revisions"}],"predecessor-version":[{"id":249,"href":"http:\/\/www.deroesterreichischefriseur.at\/index.php?rest_route=\/wp\/v2\/posts\/247\/revisions\/249"}],"wp:featuredmedia":[{"embeddable":true,"href":"http:\/\/www.deroesterreichischefriseur.at\/index.php?rest_route=\/wp\/v2\/media\/248"}],"wp:attachment":[{"href":"http:\/\/www.deroesterreichischefriseur.at\/index.php?rest_route=%2Fwp%2Fv2%2Fmedia&parent=247"}],"wp:term":[{"taxonomy":"category","embeddable":true,"href":"http:\/\/www.deroesterreichischefriseur.at\/index.php?rest_route=%2Fwp%2Fv2%2Fcategories&post=247"},{"taxonomy":"post_tag","embeddable":true,"href":"http:\/\/www.deroesterreichischefriseur.at\/index.php?rest_route=%2Fwp%2Fv2%2Ftags&post=247"}],"curies":[{"name":"wp","href":"https:\/\/api.w.org\/{rel}","templated":true}]}}