{"id":2455,"date":"2025-10-25T15:11:36","date_gmt":"2025-10-25T13:11:36","guid":{"rendered":"http:\/\/www.deroesterreichischefriseur.at\/?p=2455"},"modified":"2025-10-25T15:13:16","modified_gmt":"2025-10-25T13:13:16","slug":"hair-run-erste-bank-vienna-night-run-2025-laufen-fuer-den-guten-zweck","status":"publish","type":"post","link":"http:\/\/www.deroesterreichischefriseur.at\/?p=2455","title":{"rendered":"HAIR.RUN! Erste Bank Vienna Night Run 2025 \u2013  Laufen f\u00fcr den guten Zweck"},"content":{"rendered":"\t\t<div data-elementor-type=\"wp-post\" data-elementor-id=\"2455\" class=\"elementor elementor-2455\" data-elementor-post-type=\"post\">\n\t\t\t\t<div class=\"elementor-element elementor-element-8f00f26 e-flex e-con-boxed e-con e-parent\" data-id=\"8f00f26\" data-element_type=\"container\" data-e-type=\"container\">\n\t\t\t\t\t<div class=\"e-con-inner\">\n\t\t\t\t<div class=\"elementor-element elementor-element-3715285 elementor-widget elementor-widget-image\" data-id=\"3715285\" data-element_type=\"widget\" data-e-type=\"widget\" data-widget_type=\"image.default\">\n\t\t\t\t<div class=\"elementor-widget-container\">\n\t\t\t\t\t\t\t\t\t\t\t\t\t\t\t<img fetchpriority=\"high\" decoding=\"async\" width=\"640\" height=\"426\" src=\"http:\/\/www.deroesterreichischefriseur.at\/wp-content\/uploads\/2025\/10\/Hairrun2025_18-1024x682.jpg\" class=\"attachment-large size-large wp-image-2473\" alt=\"\" srcset=\"http:\/\/www.deroesterreichischefriseur.at\/wp-content\/uploads\/2025\/10\/Hairrun2025_18-1024x682.jpg 1024w, http:\/\/www.deroesterreichischefriseur.at\/wp-content\/uploads\/2025\/10\/Hairrun2025_18-300x200.jpg 300w, http:\/\/www.deroesterreichischefriseur.at\/wp-content\/uploads\/2025\/10\/Hairrun2025_18-768x511.jpg 768w, http:\/\/www.deroesterreichischefriseur.at\/wp-content\/uploads\/2025\/10\/Hairrun2025_18-1536x1022.jpg 1536w, http:\/\/www.deroesterreichischefriseur.at\/wp-content\/uploads\/2025\/10\/Hairrun2025_18-2048x1363.jpg 2048w, http:\/\/www.deroesterreichischefriseur.at\/wp-content\/uploads\/2025\/10\/Hairrun2025_18-150x100.jpg 150w\" sizes=\"(max-width: 640px) 100vw, 640px\" \/>\t\t\t\t\t\t\t\t\t\t\t\t\t\t\t<\/div>\n\t\t\t\t<\/div>\n\t\t\t\t<div class=\"elementor-element elementor-element-b548cd5 elementor-widget elementor-widget-text-editor\" data-id=\"b548cd5\" data-element_type=\"widget\" data-e-type=\"widget\" data-widget_type=\"text-editor.default\">\n\t\t\t\t<div class=\"elementor-widget-container\">\n\t\t\t\t\t\t\t\t\t<p>\u00dcber 60 Friseur:innen und Vertreter:innen der Industrie machten den Night Run zum Hair Run. Die Teilnehmer:innen bewiesen, dass sie nicht nur mit Schere und Farbe, sondern auch auf der Laufstrecke Tempo machen k\u00f6nnen. Mit voller Energie lief die Friseur-Community organisiert vom <i>Haarnetzwerk<\/i> f\u00fcr Zusammenhalt, Sichtbarkeit und St\u00e4rke der Branche.<\/p><p>Am 25. September 2025 verwandelt sich die Wiener Ringstra\u00dfe erneut in eine spektakul\u00e4r beleuchtete Laufstrecke. Der Erste Bank Vienna Night Run z\u00e4hlt zu den gr\u00f6\u00dften und stimmungsvollsten Laufevents \u00d6sterreichs. Mehr als 20.000 L\u00e4ufer:innen werden erwartet, um die f\u00fcnf Kilometer lange Runde um den Wiener Ring zu absolvieren.<\/p><p>Im Mittelpunkt steht nicht nur der sportliche Ehrgeiz, sondern das gemeinsame Erlebnis und der soziale Gedanke. Ein Teil der Startgeb\u00fchren wird j\u00e4hrlich karitativen Projekten gewidmet. Zudem wird im Rahmen des Nachhaltigkeitskonzepts f\u00fcr jede Anmeldung ein Mangrovenbaum zur CO2-Kompensation gepflanzt.<\/p><p>Der Start erfolgt traditionell am Burgring, das Ziel befindet sich am Opernring auf H\u00f6he des Goethe-Denkmals. Entlang der Strecke sorgen Musik, Lichtinstallationen und zahlreiche Zuschauer:innen f\u00fcr eine unvergleichliche Atmosph\u00e4re, die den Lauf zu einem besonderen Erlebnis macht.<\/p><p>Mit der Verbindung aus Sport, Gemeinschaft und sozialem Engagement steht der Erste Bank Vienna Night Run f\u00fcr ein modernes, verantwortungsbewusstes Event \u2013 mitten im Herzen Wiens.<\/p>\t\t\t\t\t\t\t\t<\/div>\n\t\t\t\t<\/div>\n\t\t\t\t\t<\/div>\n\t\t\t\t<\/div>\n\t\t<div class=\"elementor-element elementor-element-8ae3afb e-flex e-con-boxed e-con e-parent\" data-id=\"8ae3afb\" data-element_type=\"container\" data-e-type=\"container\">\n\t\t\t\t\t<div class=\"e-con-inner\">\n\t\t\t\t<div class=\"elementor-element elementor-element-c079152 elementor-widget elementor-widget-gallery\" data-id=\"c079152\" data-element_type=\"widget\" data-e-type=\"widget\" data-settings=\"{&quot;gallery_layout&quot;:&quot;masonry&quot;,&quot;lazyload&quot;:&quot;yes&quot;,&quot;columns&quot;:4,&quot;columns_tablet&quot;:2,&quot;columns_mobile&quot;:1,&quot;gap&quot;:{&quot;unit&quot;:&quot;px&quot;,&quot;size&quot;:10,&quot;sizes&quot;:[]},&quot;gap_tablet&quot;:{&quot;unit&quot;:&quot;px&quot;,&quot;size&quot;:10,&quot;sizes&quot;:[]},&quot;gap_mobile&quot;:{&quot;unit&quot;:&quot;px&quot;,&quot;size&quot;:10,&quot;sizes&quot;:[]},&quot;link_to&quot;:&quot;file&quot;,&quot;overlay_background&quot;:&quot;yes&quot;,&quot;content_hover_animation&quot;:&quot;fade-in&quot;}\" data-widget_type=\"gallery.default\">\n\t\t\t\t<div class=\"elementor-widget-container\">\n\t\t\t\t\t\t\t<div class=\"elementor-gallery__container\">\n\t\t\t\t\t\t\t<a class=\"e-gallery-item elementor-gallery-item elementor-animated-content\" href=\"http:\/\/www.deroesterreichischefriseur.at\/wp-content\/uploads\/2025\/10\/Hairrun2025_15-scaled.jpg\" data-elementor-open-lightbox=\"yes\" data-elementor-lightbox-slideshow=\"c079152\" data-elementor-lightbox-title=\"Hairrun2025_15\" data-e-action-hash=\"#elementor-action%3Aaction%3Dlightbox%26settings%3DeyJpZCI6MjQ2NSwidXJsIjoiaHR0cDpcL1wvd3d3LmRlcm9lc3RlcnJlaWNoaXNjaGVmcmlzZXVyLmF0XC93cC1jb250ZW50XC91cGxvYWRzXC8yMDI1XC8xMFwvSGFpcnJ1bjIwMjVfMTUtc2NhbGVkLmpwZyIsInNsaWRlc2hvdyI6ImMwNzkxNTIifQ%3D%3D\">\n\t\t\t\t\t<div class=\"e-gallery-image elementor-gallery-item__image\" data-thumbnail=\"http:\/\/www.deroesterreichischefriseur.at\/wp-content\/uploads\/2025\/10\/Hairrun2025_15-scaled.jpg\" data-width=\"2560\" data-height=\"1704\" aria-label=\"\" role=\"img\" ><\/div>\n\t\t\t\t\t\t\t\t\t\t\t<div class=\"elementor-gallery-item__overlay\"><\/div>\n\t\t\t\t\t\t\t\t\t\t\t\t\t\t<\/a>\n\t\t\t\t\t\t\t<a class=\"e-gallery-item elementor-gallery-item elementor-animated-content\" href=\"http:\/\/www.deroesterreichischefriseur.at\/wp-content\/uploads\/2025\/10\/IMG_7369-scaled.jpeg\" data-elementor-open-lightbox=\"yes\" data-elementor-lightbox-slideshow=\"c079152\" data-elementor-lightbox-title=\"IMG_7369\" data-e-action-hash=\"#elementor-action%3Aaction%3Dlightbox%26settings%3DeyJpZCI6MjQ2NCwidXJsIjoiaHR0cDpcL1wvd3d3LmRlcm9lc3RlcnJlaWNoaXNjaGVmcmlzZXVyLmF0XC93cC1jb250ZW50XC91cGxvYWRzXC8yMDI1XC8xMFwvSU1HXzczNjktc2NhbGVkLmpwZWciLCJzbGlkZXNob3ciOiJjMDc5MTUyIn0%3D\">\n\t\t\t\t\t<div class=\"e-gallery-image elementor-gallery-item__image\" data-thumbnail=\"http:\/\/www.deroesterreichischefriseur.at\/wp-content\/uploads\/2025\/10\/IMG_7369-scaled.jpeg\" data-width=\"1920\" data-height=\"2560\" aria-label=\"\" role=\"img\" ><\/div>\n\t\t\t\t\t\t\t\t\t\t\t<div class=\"elementor-gallery-item__overlay\"><\/div>\n\t\t\t\t\t\t\t\t\t\t\t\t\t\t<\/a>\n\t\t\t\t\t\t\t<a class=\"e-gallery-item elementor-gallery-item elementor-animated-content\" href=\"http:\/\/www.deroesterreichischefriseur.at\/wp-content\/uploads\/2025\/10\/Hairrun2025_13-scaled.jpg\" data-elementor-open-lightbox=\"yes\" data-elementor-lightbox-slideshow=\"c079152\" data-elementor-lightbox-title=\"Hairrun2025_13\" data-e-action-hash=\"#elementor-action%3Aaction%3Dlightbox%26settings%3DeyJpZCI6MjQ2NywidXJsIjoiaHR0cDpcL1wvd3d3LmRlcm9lc3RlcnJlaWNoaXNjaGVmcmlzZXVyLmF0XC93cC1jb250ZW50XC91cGxvYWRzXC8yMDI1XC8xMFwvSGFpcnJ1bjIwMjVfMTMtc2NhbGVkLmpwZyIsInNsaWRlc2hvdyI6ImMwNzkxNTIifQ%3D%3D\">\n\t\t\t\t\t<div class=\"e-gallery-image elementor-gallery-item__image\" data-thumbnail=\"http:\/\/www.deroesterreichischefriseur.at\/wp-content\/uploads\/2025\/10\/Hairrun2025_13-scaled.jpg\" data-width=\"2560\" data-height=\"1704\" aria-label=\"\" role=\"img\" ><\/div>\n\t\t\t\t\t\t\t\t\t\t\t<div class=\"elementor-gallery-item__overlay\"><\/div>\n\t\t\t\t\t\t\t\t\t\t\t\t\t\t<\/a>\n\t\t\t\t\t\t\t<a class=\"e-gallery-item elementor-gallery-item elementor-animated-content\" href=\"http:\/\/www.deroesterreichischefriseur.at\/wp-content\/uploads\/2025\/10\/Hairrun2025_12-scaled.jpg\" data-elementor-open-lightbox=\"yes\" data-elementor-lightbox-slideshow=\"c079152\" data-elementor-lightbox-title=\"Hairrun2025_12\" data-e-action-hash=\"#elementor-action%3Aaction%3Dlightbox%26settings%3DeyJpZCI6MjQ3MiwidXJsIjoiaHR0cDpcL1wvd3d3LmRlcm9lc3RlcnJlaWNoaXNjaGVmcmlzZXVyLmF0XC93cC1jb250ZW50XC91cGxvYWRzXC8yMDI1XC8xMFwvSGFpcnJ1bjIwMjVfMTItc2NhbGVkLmpwZyIsInNsaWRlc2hvdyI6ImMwNzkxNTIifQ%3D%3D\">\n\t\t\t\t\t<div class=\"e-gallery-image elementor-gallery-item__image\" data-thumbnail=\"http:\/\/www.deroesterreichischefriseur.at\/wp-content\/uploads\/2025\/10\/Hairrun2025_12-scaled.jpg\" data-width=\"2560\" data-height=\"1704\" aria-label=\"\" role=\"img\" ><\/div>\n\t\t\t\t\t\t\t\t\t\t\t<div class=\"elementor-gallery-item__overlay\"><\/div>\n\t\t\t\t\t\t\t\t\t\t\t\t\t\t<\/a>\n\t\t\t\t\t\t\t<a class=\"e-gallery-item elementor-gallery-item elementor-animated-content\" href=\"http:\/\/www.deroesterreichischefriseur.at\/wp-content\/uploads\/2025\/10\/Hairrun2025_14-scaled.jpg\" data-elementor-open-lightbox=\"yes\" data-elementor-lightbox-slideshow=\"c079152\" data-elementor-lightbox-title=\"Hairrun2025_14\" data-e-action-hash=\"#elementor-action%3Aaction%3Dlightbox%26settings%3DeyJpZCI6MjQ1NywidXJsIjoiaHR0cDpcL1wvd3d3LmRlcm9lc3RlcnJlaWNoaXNjaGVmcmlzZXVyLmF0XC93cC1jb250ZW50XC91cGxvYWRzXC8yMDI1XC8xMFwvSGFpcnJ1bjIwMjVfMTQtc2NhbGVkLmpwZyIsInNsaWRlc2hvdyI6ImMwNzkxNTIifQ%3D%3D\">\n\t\t\t\t\t<div class=\"e-gallery-image elementor-gallery-item__image\" data-thumbnail=\"http:\/\/www.deroesterreichischefriseur.at\/wp-content\/uploads\/2025\/10\/Hairrun2025_14-scaled.jpg\" data-width=\"2560\" data-height=\"1704\" aria-label=\"\" role=\"img\" ><\/div>\n\t\t\t\t\t\t\t\t\t\t\t<div class=\"elementor-gallery-item__overlay\"><\/div>\n\t\t\t\t\t\t\t\t\t\t\t\t\t\t<\/a>\n\t\t\t\t\t\t\t<a class=\"e-gallery-item elementor-gallery-item elementor-animated-content\" href=\"http:\/\/www.deroesterreichischefriseur.at\/wp-content\/uploads\/2025\/10\/Hairrun2025_02-scaled.jpg\" data-elementor-open-lightbox=\"yes\" data-elementor-lightbox-slideshow=\"c079152\" data-elementor-lightbox-title=\"Hairrun2025_02\" data-e-action-hash=\"#elementor-action%3Aaction%3Dlightbox%26settings%3DeyJpZCI6MjQ3MSwidXJsIjoiaHR0cDpcL1wvd3d3LmRlcm9lc3RlcnJlaWNoaXNjaGVmcmlzZXVyLmF0XC93cC1jb250ZW50XC91cGxvYWRzXC8yMDI1XC8xMFwvSGFpcnJ1bjIwMjVfMDItc2NhbGVkLmpwZyIsInNsaWRlc2hvdyI6ImMwNzkxNTIifQ%3D%3D\">\n\t\t\t\t\t<div class=\"e-gallery-image elementor-gallery-item__image\" data-thumbnail=\"http:\/\/www.deroesterreichischefriseur.at\/wp-content\/uploads\/2025\/10\/Hairrun2025_02-scaled.jpg\" data-width=\"2560\" data-height=\"2249\" aria-label=\"\" role=\"img\" ><\/div>\n\t\t\t\t\t\t\t\t\t\t\t<div class=\"elementor-gallery-item__overlay\"><\/div>\n\t\t\t\t\t\t\t\t\t\t\t\t\t\t<\/a>\n\t\t\t\t\t\t\t<a class=\"e-gallery-item elementor-gallery-item elementor-animated-content\" href=\"http:\/\/www.deroesterreichischefriseur.at\/wp-content\/uploads\/2025\/10\/Hairrun2025_03-scaled.jpg\" data-elementor-open-lightbox=\"yes\" data-elementor-lightbox-slideshow=\"c079152\" data-elementor-lightbox-title=\"Hairrun2025_03\" data-e-action-hash=\"#elementor-action%3Aaction%3Dlightbox%26settings%3DeyJpZCI6MjQ2MSwidXJsIjoiaHR0cDpcL1wvd3d3LmRlcm9lc3RlcnJlaWNoaXNjaGVmcmlzZXVyLmF0XC93cC1jb250ZW50XC91cGxvYWRzXC8yMDI1XC8xMFwvSGFpcnJ1bjIwMjVfMDMtc2NhbGVkLmpwZyIsInNsaWRlc2hvdyI6ImMwNzkxNTIifQ%3D%3D\">\n\t\t\t\t\t<div class=\"e-gallery-image elementor-gallery-item__image\" data-thumbnail=\"http:\/\/www.deroesterreichischefriseur.at\/wp-content\/uploads\/2025\/10\/Hairrun2025_03-scaled.jpg\" data-width=\"2560\" data-height=\"1605\" aria-label=\"\" role=\"img\" ><\/div>\n\t\t\t\t\t\t\t\t\t\t\t<div class=\"elementor-gallery-item__overlay\"><\/div>\n\t\t\t\t\t\t\t\t\t\t\t\t\t\t<\/a>\n\t\t\t\t\t\t\t<a class=\"e-gallery-item elementor-gallery-item elementor-animated-content\" href=\"http:\/\/www.deroesterreichischefriseur.at\/wp-content\/uploads\/2025\/10\/Hairrun2025_05-scaled.jpg\" data-elementor-open-lightbox=\"yes\" data-elementor-lightbox-slideshow=\"c079152\" data-elementor-lightbox-title=\"Hairrun2025_05\" data-e-action-hash=\"#elementor-action%3Aaction%3Dlightbox%26settings%3DeyJpZCI6MjQ2NiwidXJsIjoiaHR0cDpcL1wvd3d3LmRlcm9lc3RlcnJlaWNoaXNjaGVmcmlzZXVyLmF0XC93cC1jb250ZW50XC91cGxvYWRzXC8yMDI1XC8xMFwvSGFpcnJ1bjIwMjVfMDUtc2NhbGVkLmpwZyIsInNsaWRlc2hvdyI6ImMwNzkxNTIifQ%3D%3D\">\n\t\t\t\t\t<div class=\"e-gallery-image elementor-gallery-item__image\" data-thumbnail=\"http:\/\/www.deroesterreichischefriseur.at\/wp-content\/uploads\/2025\/10\/Hairrun2025_05-scaled.jpg\" data-width=\"2560\" data-height=\"1704\" aria-label=\"\" role=\"img\" ><\/div>\n\t\t\t\t\t\t\t\t\t\t\t<div class=\"elementor-gallery-item__overlay\"><\/div>\n\t\t\t\t\t\t\t\t\t\t\t\t\t\t<\/a>\n\t\t\t\t\t\t\t<a class=\"e-gallery-item elementor-gallery-item elementor-animated-content\" href=\"http:\/\/www.deroesterreichischefriseur.at\/wp-content\/uploads\/2025\/10\/Hairrun2025_04-scaled.jpg\" data-elementor-open-lightbox=\"yes\" data-elementor-lightbox-slideshow=\"c079152\" data-elementor-lightbox-title=\"Hairrun2025_04\" data-e-action-hash=\"#elementor-action%3Aaction%3Dlightbox%26settings%3DeyJpZCI6MjQ3NCwidXJsIjoiaHR0cDpcL1wvd3d3LmRlcm9lc3RlcnJlaWNoaXNjaGVmcmlzZXVyLmF0XC93cC1jb250ZW50XC91cGxvYWRzXC8yMDI1XC8xMFwvSGFpcnJ1bjIwMjVfMDQtc2NhbGVkLmpwZyIsInNsaWRlc2hvdyI6ImMwNzkxNTIifQ%3D%3D\">\n\t\t\t\t\t<div class=\"e-gallery-image elementor-gallery-item__image\" data-thumbnail=\"http:\/\/www.deroesterreichischefriseur.at\/wp-content\/uploads\/2025\/10\/Hairrun2025_04-scaled.jpg\" data-width=\"2560\" data-height=\"1649\" aria-label=\"\" role=\"img\" ><\/div>\n\t\t\t\t\t\t\t\t\t\t\t<div class=\"elementor-gallery-item__overlay\"><\/div>\n\t\t\t\t\t\t\t\t\t\t\t\t\t\t<\/a>\n\t\t\t\t\t\t\t<a class=\"e-gallery-item elementor-gallery-item elementor-animated-content\" href=\"http:\/\/www.deroesterreichischefriseur.at\/wp-content\/uploads\/2025\/10\/Hairrun2025_06-scaled.jpg\" data-elementor-open-lightbox=\"yes\" data-elementor-lightbox-slideshow=\"c079152\" data-elementor-lightbox-title=\"Hairrun2025_06\" data-e-action-hash=\"#elementor-action%3Aaction%3Dlightbox%26settings%3DeyJpZCI6MjQ1OSwidXJsIjoiaHR0cDpcL1wvd3d3LmRlcm9lc3RlcnJlaWNoaXNjaGVmcmlzZXVyLmF0XC93cC1jb250ZW50XC91cGxvYWRzXC8yMDI1XC8xMFwvSGFpcnJ1bjIwMjVfMDYtc2NhbGVkLmpwZyIsInNsaWRlc2hvdyI6ImMwNzkxNTIifQ%3D%3D\">\n\t\t\t\t\t<div class=\"e-gallery-image elementor-gallery-item__image\" data-thumbnail=\"http:\/\/www.deroesterreichischefriseur.at\/wp-content\/uploads\/2025\/10\/Hairrun2025_06-scaled.jpg\" data-width=\"2560\" data-height=\"1718\" aria-label=\"\" role=\"img\" ><\/div>\n\t\t\t\t\t\t\t\t\t\t\t<div class=\"elementor-gallery-item__overlay\"><\/div>\n\t\t\t\t\t\t\t\t\t\t\t\t\t\t<\/a>\n\t\t\t\t\t\t\t<a class=\"e-gallery-item elementor-gallery-item elementor-animated-content\" href=\"http:\/\/www.deroesterreichischefriseur.at\/wp-content\/uploads\/2025\/10\/Hairrun2025_09-scaled.jpg\" data-elementor-open-lightbox=\"yes\" data-elementor-lightbox-slideshow=\"c079152\" data-elementor-lightbox-title=\"Hairrun2025_09\" data-e-action-hash=\"#elementor-action%3Aaction%3Dlightbox%26settings%3DeyJpZCI6MjQ2MywidXJsIjoiaHR0cDpcL1wvd3d3LmRlcm9lc3RlcnJlaWNoaXNjaGVmcmlzZXVyLmF0XC93cC1jb250ZW50XC91cGxvYWRzXC8yMDI1XC8xMFwvSGFpcnJ1bjIwMjVfMDktc2NhbGVkLmpwZyIsInNsaWRlc2hvdyI6ImMwNzkxNTIifQ%3D%3D\">\n\t\t\t\t\t<div class=\"e-gallery-image elementor-gallery-item__image\" data-thumbnail=\"http:\/\/www.deroesterreichischefriseur.at\/wp-content\/uploads\/2025\/10\/Hairrun2025_09-scaled.jpg\" data-width=\"2043\" data-height=\"2560\" aria-label=\"\" role=\"img\" ><\/div>\n\t\t\t\t\t\t\t\t\t\t\t<div class=\"elementor-gallery-item__overlay\"><\/div>\n\t\t\t\t\t\t\t\t\t\t\t\t\t\t<\/a>\n\t\t\t\t\t\t\t<a class=\"e-gallery-item elementor-gallery-item elementor-animated-content\" href=\"http:\/\/www.deroesterreichischefriseur.at\/wp-content\/uploads\/2025\/10\/Hairrun2025_10-scaled.jpg\" data-elementor-open-lightbox=\"yes\" data-elementor-lightbox-slideshow=\"c079152\" data-elementor-lightbox-title=\"Hairrun2025_10\" data-e-action-hash=\"#elementor-action%3Aaction%3Dlightbox%26settings%3DeyJpZCI6MjQ2MiwidXJsIjoiaHR0cDpcL1wvd3d3LmRlcm9lc3RlcnJlaWNoaXNjaGVmcmlzZXVyLmF0XC93cC1jb250ZW50XC91cGxvYWRzXC8yMDI1XC8xMFwvSGFpcnJ1bjIwMjVfMTAtc2NhbGVkLmpwZyIsInNsaWRlc2hvdyI6ImMwNzkxNTIifQ%3D%3D\">\n\t\t\t\t\t<div class=\"e-gallery-image elementor-gallery-item__image\" data-thumbnail=\"http:\/\/www.deroesterreichischefriseur.at\/wp-content\/uploads\/2025\/10\/Hairrun2025_10-scaled.jpg\" data-width=\"2560\" data-height=\"1520\" aria-label=\"\" role=\"img\" ><\/div>\n\t\t\t\t\t\t\t\t\t\t\t<div class=\"elementor-gallery-item__overlay\"><\/div>\n\t\t\t\t\t\t\t\t\t\t\t\t\t\t<\/a>\n\t\t\t\t\t\t\t<a class=\"e-gallery-item elementor-gallery-item elementor-animated-content\" href=\"http:\/\/www.deroesterreichischefriseur.at\/wp-content\/uploads\/2025\/10\/Hairrun2025_18-scaled.jpg\" data-elementor-open-lightbox=\"yes\" data-elementor-lightbox-slideshow=\"c079152\" data-elementor-lightbox-title=\"Hairrun2025_18\" data-e-action-hash=\"#elementor-action%3Aaction%3Dlightbox%26settings%3DeyJpZCI6MjQ3MywidXJsIjoiaHR0cDpcL1wvd3d3LmRlcm9lc3RlcnJlaWNoaXNjaGVmcmlzZXVyLmF0XC93cC1jb250ZW50XC91cGxvYWRzXC8yMDI1XC8xMFwvSGFpcnJ1bjIwMjVfMTgtc2NhbGVkLmpwZyIsInNsaWRlc2hvdyI6ImMwNzkxNTIifQ%3D%3D\">\n\t\t\t\t\t<div class=\"e-gallery-image elementor-gallery-item__image\" data-thumbnail=\"http:\/\/www.deroesterreichischefriseur.at\/wp-content\/uploads\/2025\/10\/Hairrun2025_18-scaled.jpg\" data-width=\"2560\" data-height=\"1704\" aria-label=\"\" role=\"img\" ><\/div>\n\t\t\t\t\t\t\t\t\t\t\t<div class=\"elementor-gallery-item__overlay\"><\/div>\n\t\t\t\t\t\t\t\t\t\t\t\t\t\t<\/a>\n\t\t\t\t\t\t\t<a class=\"e-gallery-item elementor-gallery-item elementor-animated-content\" href=\"http:\/\/www.deroesterreichischefriseur.at\/wp-content\/uploads\/2025\/10\/Hairrun2025_15-1-scaled.jpg\" data-elementor-open-lightbox=\"yes\" data-elementor-lightbox-slideshow=\"c079152\" data-elementor-lightbox-title=\"Hairrun2025_15\" data-e-action-hash=\"#elementor-action%3Aaction%3Dlightbox%26settings%3DeyJpZCI6MjQ2OSwidXJsIjoiaHR0cDpcL1wvd3d3LmRlcm9lc3RlcnJlaWNoaXNjaGVmcmlzZXVyLmF0XC93cC1jb250ZW50XC91cGxvYWRzXC8yMDI1XC8xMFwvSGFpcnJ1bjIwMjVfMTUtMS1zY2FsZWQuanBnIiwic2xpZGVzaG93IjoiYzA3OTE1MiJ9\">\n\t\t\t\t\t<div class=\"e-gallery-image elementor-gallery-item__image\" data-thumbnail=\"http:\/\/www.deroesterreichischefriseur.at\/wp-content\/uploads\/2025\/10\/Hairrun2025_15-1-scaled.jpg\" data-width=\"2560\" data-height=\"1704\" aria-label=\"\" role=\"img\" ><\/div>\n\t\t\t\t\t\t\t\t\t\t\t<div class=\"elementor-gallery-item__overlay\"><\/div>\n\t\t\t\t\t\t\t\t\t\t\t\t\t\t<\/a>\n\t\t\t\t\t\t\t<a class=\"e-gallery-item elementor-gallery-item elementor-animated-content\" href=\"http:\/\/www.deroesterreichischefriseur.at\/wp-content\/uploads\/2025\/10\/Hairrun2025_11-scaled.jpg\" data-elementor-open-lightbox=\"yes\" data-elementor-lightbox-slideshow=\"c079152\" data-elementor-lightbox-title=\"Hairrun2025_11\" data-e-action-hash=\"#elementor-action%3Aaction%3Dlightbox%26settings%3DeyJpZCI6MjQ2MCwidXJsIjoiaHR0cDpcL1wvd3d3LmRlcm9lc3RlcnJlaWNoaXNjaGVmcmlzZXVyLmF0XC93cC1jb250ZW50XC91cGxvYWRzXC8yMDI1XC8xMFwvSGFpcnJ1bjIwMjVfMTEtc2NhbGVkLmpwZyIsInNsaWRlc2hvdyI6ImMwNzkxNTIifQ%3D%3D\">\n\t\t\t\t\t<div class=\"e-gallery-image elementor-gallery-item__image\" data-thumbnail=\"http:\/\/www.deroesterreichischefriseur.at\/wp-content\/uploads\/2025\/10\/Hairrun2025_11-scaled.jpg\" data-width=\"2560\" data-height=\"1704\" aria-label=\"\" role=\"img\" ><\/div>\n\t\t\t\t\t\t\t\t\t\t\t<div class=\"elementor-gallery-item__overlay\"><\/div>\n\t\t\t\t\t\t\t\t\t\t\t\t\t\t<\/a>\n\t\t\t\t\t\t\t<a class=\"e-gallery-item elementor-gallery-item elementor-animated-content\" href=\"http:\/\/www.deroesterreichischefriseur.at\/wp-content\/uploads\/2025\/10\/Hairrun2025_17-scaled.jpg\" data-elementor-open-lightbox=\"yes\" data-elementor-lightbox-slideshow=\"c079152\" data-elementor-lightbox-title=\"Hairrun2025_17\" data-e-action-hash=\"#elementor-action%3Aaction%3Dlightbox%26settings%3DeyJpZCI6MjQ3NSwidXJsIjoiaHR0cDpcL1wvd3d3LmRlcm9lc3RlcnJlaWNoaXNjaGVmcmlzZXVyLmF0XC93cC1jb250ZW50XC91cGxvYWRzXC8yMDI1XC8xMFwvSGFpcnJ1bjIwMjVfMTctc2NhbGVkLmpwZyIsInNsaWRlc2hvdyI6ImMwNzkxNTIifQ%3D%3D\">\n\t\t\t\t\t<div class=\"e-gallery-image elementor-gallery-item__image\" data-thumbnail=\"http:\/\/www.deroesterreichischefriseur.at\/wp-content\/uploads\/2025\/10\/Hairrun2025_17-scaled.jpg\" data-width=\"2560\" data-height=\"1704\" aria-label=\"\" role=\"img\" ><\/div>\n\t\t\t\t\t\t\t\t\t\t\t<div class=\"elementor-gallery-item__overlay\"><\/div>\n\t\t\t\t\t\t\t\t\t\t\t\t\t\t<\/a>\n\t\t\t\t\t\t\t<a class=\"e-gallery-item elementor-gallery-item elementor-animated-content\" href=\"http:\/\/www.deroesterreichischefriseur.at\/wp-content\/uploads\/2025\/10\/Hairrun2025_16-scaled.jpg\" data-elementor-open-lightbox=\"yes\" data-elementor-lightbox-slideshow=\"c079152\" data-elementor-lightbox-title=\"Hairrun2025_16\" data-e-action-hash=\"#elementor-action%3Aaction%3Dlightbox%26settings%3DeyJpZCI6MjQ3MCwidXJsIjoiaHR0cDpcL1wvd3d3LmRlcm9lc3RlcnJlaWNoaXNjaGVmcmlzZXVyLmF0XC93cC1jb250ZW50XC91cGxvYWRzXC8yMDI1XC8xMFwvSGFpcnJ1bjIwMjVfMTYtc2NhbGVkLmpwZyIsInNsaWRlc2hvdyI6ImMwNzkxNTIifQ%3D%3D\">\n\t\t\t\t\t<div class=\"e-gallery-image elementor-gallery-item__image\" data-thumbnail=\"http:\/\/www.deroesterreichischefriseur.at\/wp-content\/uploads\/2025\/10\/Hairrun2025_16-scaled.jpg\" data-width=\"2560\" data-height=\"1704\" aria-label=\"\" role=\"img\" ><\/div>\n\t\t\t\t\t\t\t\t\t\t\t<div class=\"elementor-gallery-item__overlay\"><\/div>\n\t\t\t\t\t\t\t\t\t\t\t\t\t\t<\/a>\n\t\t\t\t\t\t\t<a class=\"e-gallery-item elementor-gallery-item elementor-animated-content\" href=\"http:\/\/www.deroesterreichischefriseur.at\/wp-content\/uploads\/2025\/10\/Hairrun2025_01.jpg\" data-elementor-open-lightbox=\"yes\" data-elementor-lightbox-slideshow=\"c079152\" data-elementor-lightbox-title=\"Hairrun2025_01\" data-e-action-hash=\"#elementor-action%3Aaction%3Dlightbox%26settings%3DeyJpZCI6MjQ1OCwidXJsIjoiaHR0cDpcL1wvd3d3LmRlcm9lc3RlcnJlaWNoaXNjaGVmcmlzZXVyLmF0XC93cC1jb250ZW50XC91cGxvYWRzXC8yMDI1XC8xMFwvSGFpcnJ1bjIwMjVfMDEuanBnIiwic2xpZGVzaG93IjoiYzA3OTE1MiJ9\">\n\t\t\t\t\t<div class=\"e-gallery-image elementor-gallery-item__image\" data-thumbnail=\"http:\/\/www.deroesterreichischefriseur.at\/wp-content\/uploads\/2025\/10\/Hairrun2025_01.jpg\" data-width=\"2033\" data-height=\"2470\" aria-label=\"\" role=\"img\" ><\/div>\n\t\t\t\t\t\t\t\t\t\t\t<div class=\"elementor-gallery-item__overlay\"><\/div>\n\t\t\t\t\t\t\t\t\t\t\t\t\t\t<\/a>\n\t\t\t\t\t<\/div>\n\t\t\t\t\t<\/div>\n\t\t\t\t<\/div>\n\t\t\t\t\t<\/div>\n\t\t\t\t<\/div>\n\t\t\t\t<\/div>\n\t\t","protected":false},"excerpt":{"rendered":"<p>\u00dcber 60 Friseur:innen und Vertreter:innen der Industrie machten den Night Run zum Hair Run. Die Teilnehmer:innen bewiesen, dass sie nicht nur mit Schere und Farbe, sondern auch auf der Laufstrecke Tempo machen k\u00f6nnen. Mit voller Energie lief die Friseur-Community organisiert vom Haarnetzwerk f\u00fcr Zusammenhalt, Sichtbarkeit und St\u00e4rke der Branche. Am 25. September 2025 verwandelt sich die Wiener Ringstra\u00dfe erneut in eine spektakul\u00e4r beleuchtete Laufstrecke. Der Erste Bank Vienna Night Run&hellip;<\/p>\n","protected":false},"author":1,"featured_media":2474,"comment_status":"closed","ping_status":"open","sticky":false,"template":"","format":"standard","meta":{"footnotes":""},"categories":[16],"tags":[],"class_list":["post-2455","post","type-post","status-publish","format-standard","has-post-thumbnail","hentry","category-event"],"_links":{"self":[{"href":"http:\/\/www.deroesterreichischefriseur.at\/index.php?rest_route=\/wp\/v2\/posts\/2455","targetHints":{"allow":["GET"]}}],"collection":[{"href":"http:\/\/www.deroesterreichischefriseur.at\/index.php?rest_route=\/wp\/v2\/posts"}],"about":[{"href":"http:\/\/www.deroesterreichischefriseur.at\/index.php?rest_route=\/wp\/v2\/types\/post"}],"author":[{"embeddable":true,"href":"http:\/\/www.deroesterreichischefriseur.at\/index.php?rest_route=\/wp\/v2\/users\/1"}],"replies":[{"embeddable":true,"href":"http:\/\/www.deroesterreichischefriseur.at\/index.php?rest_route=%2Fwp%2Fv2%2Fcomments&post=2455"}],"version-history":[{"count":4,"href":"http:\/\/www.deroesterreichischefriseur.at\/index.php?rest_route=\/wp\/v2\/posts\/2455\/revisions"}],"predecessor-version":[{"id":2478,"href":"http:\/\/www.deroesterreichischefriseur.at\/index.php?rest_route=\/wp\/v2\/posts\/2455\/revisions\/2478"}],"wp:featuredmedia":[{"embeddable":true,"href":"http:\/\/www.deroesterreichischefriseur.at\/index.php?rest_route=\/wp\/v2\/media\/2474"}],"wp:attachment":[{"href":"http:\/\/www.deroesterreichischefriseur.at\/index.php?rest_route=%2Fwp%2Fv2%2Fmedia&parent=2455"}],"wp:term":[{"taxonomy":"category","embeddable":true,"href":"http:\/\/www.deroesterreichischefriseur.at\/index.php?rest_route=%2Fwp%2Fv2%2Fcategories&post=2455"},{"taxonomy":"post_tag","embeddable":true,"href":"http:\/\/www.deroesterreichischefriseur.at\/index.php?rest_route=%2Fwp%2Fv2%2Ftags&post=2455"}],"curies":[{"name":"wp","href":"https:\/\/api.w.org\/{rel}","templated":true}]}}