{"id":244,"date":"2022-09-07T10:07:11","date_gmt":"2022-09-07T08:07:11","guid":{"rendered":"http:\/\/212.236.20.45\/?p=244"},"modified":"2022-09-07T10:07:11","modified_gmt":"2022-09-07T08:07:11","slug":"color-protection","status":"publish","type":"post","link":"http:\/\/www.deroesterreichischefriseur.at\/?p=244","title":{"rendered":"Color Protection"},"content":{"rendered":"\n<p><strong>Mit\u00a0Colour Protection\u00a0bietet\u00a0La Biosth\u00e9tique\u00a0farbbehandeltem Haar Pflege und Schutz f\u00fcr langfristig brillante Ergebnisse.<\/strong><\/p>\n\n\n\n<p><\/p>\n\n\n\n<p>Farbliebe, die lange w\u00e4hrt<\/p>\n\n\n\n<p>Zwei ma\u00dfgeschneiderte Wirkkonzepte regenerieren und st\u00e4rken coloriertes und chemisch behandeltes Haar in seiner Struktur, bieten pflegenden Schutz vor negativen Umwelteinfl\u00fcssen und bewahren die Leuchtkraft und den Glanz der Haarfarbe. Studien belegen die wissenschaftlich nachgewiesene Aktivit\u00e4t der Inhaltsstoffe in den Produkten. Was man liebt, verdient besondere Zuwendung. Das gilt auch f\u00fcr eine sch\u00f6ne Haarfarbe, die m\u00f6glichst lange so lebendig und voller Reflexe bleiben soll wie am ersten Tag. Colour Protection von La Biost\u00e9tique ist Sch\u00f6nheitspflege f\u00fcr die Haarfarbe. Optimal auf farbbehandeltes Haar abgestimmte, mehrfach wirksame Pflege und umfassender Schutz gew\u00e4hrleisten langfristige, brillante Ergebnisse. Shine Restoring und Structure Restoring hei\u00dfen die beiden Wirkkonzepte, die mit extrem schonenden und effektiven Formeln daf\u00fcr sorgen, dass die Liebe zur Haarfarbe lange nicht verblasst.<\/p>\n","protected":false},"excerpt":{"rendered":"<p>Mit\u00a0Colour Protection\u00a0bietet\u00a0La Biosth\u00e9tique\u00a0farbbehandeltem Haar Pflege und Schutz f\u00fcr langfristig brillante Ergebnisse. Farbliebe, die lange w\u00e4hrt Zwei ma\u00dfgeschneiderte Wirkkonzepte regenerieren und st\u00e4rken coloriertes und chemisch behandeltes Haar in seiner Struktur, bieten pflegenden Schutz vor negativen Umwelteinfl\u00fcssen und bewahren die Leuchtkraft und den Glanz der Haarfarbe. Studien belegen die wissenschaftlich nachgewiesene Aktivit\u00e4t der Inhaltsstoffe in den Produkten. Was man liebt, verdient besondere Zuwendung. Das gilt auch f\u00fcr eine sch\u00f6ne Haarfarbe, die m\u00f6glichst&hellip;<\/p>\n","protected":false},"author":2,"featured_media":245,"comment_status":"closed","ping_status":"closed","sticky":false,"template":"","format":"standard","meta":{"footnotes":""},"categories":[15],"tags":[],"class_list":["post-244","post","type-post","status-publish","format-standard","has-post-thumbnail","hentry","category-firmennews"],"_links":{"self":[{"href":"http:\/\/www.deroesterreichischefriseur.at\/index.php?rest_route=\/wp\/v2\/posts\/244","targetHints":{"allow":["GET"]}}],"collection":[{"href":"http:\/\/www.deroesterreichischefriseur.at\/index.php?rest_route=\/wp\/v2\/posts"}],"about":[{"href":"http:\/\/www.deroesterreichischefriseur.at\/index.php?rest_route=\/wp\/v2\/types\/post"}],"author":[{"embeddable":true,"href":"http:\/\/www.deroesterreichischefriseur.at\/index.php?rest_route=\/wp\/v2\/users\/2"}],"replies":[{"embeddable":true,"href":"http:\/\/www.deroesterreichischefriseur.at\/index.php?rest_route=%2Fwp%2Fv2%2Fcomments&post=244"}],"version-history":[{"count":1,"href":"http:\/\/www.deroesterreichischefriseur.at\/index.php?rest_route=\/wp\/v2\/posts\/244\/revisions"}],"predecessor-version":[{"id":246,"href":"http:\/\/www.deroesterreichischefriseur.at\/index.php?rest_route=\/wp\/v2\/posts\/244\/revisions\/246"}],"wp:featuredmedia":[{"embeddable":true,"href":"http:\/\/www.deroesterreichischefriseur.at\/index.php?rest_route=\/wp\/v2\/media\/245"}],"wp:attachment":[{"href":"http:\/\/www.deroesterreichischefriseur.at\/index.php?rest_route=%2Fwp%2Fv2%2Fmedia&parent=244"}],"wp:term":[{"taxonomy":"category","embeddable":true,"href":"http:\/\/www.deroesterreichischefriseur.at\/index.php?rest_route=%2Fwp%2Fv2%2Fcategories&post=244"},{"taxonomy":"post_tag","embeddable":true,"href":"http:\/\/www.deroesterreichischefriseur.at\/index.php?rest_route=%2Fwp%2Fv2%2Ftags&post=244"}],"curies":[{"name":"wp","href":"https:\/\/api.w.org\/{rel}","templated":true}]}}