{"id":2428,"date":"2025-10-25T14:14:31","date_gmt":"2025-10-25T12:14:31","guid":{"rendered":"http:\/\/www.deroesterreichischefriseur.at\/?p=2428"},"modified":"2025-10-25T14:23:41","modified_gmt":"2025-10-25T12:23:41","slug":"goldwell-colorsphere-event-laesst-mailand-strahlen","status":"publish","type":"post","link":"http:\/\/www.deroesterreichischefriseur.at\/?p=2428","title":{"rendered":"Goldwell ColorSphere Event l\u00e4sst Mailand strahlen"},"content":{"rendered":"\t\t<div data-elementor-type=\"wp-post\" data-elementor-id=\"2428\" class=\"elementor elementor-2428\" data-elementor-post-type=\"post\">\n\t\t\t\t<div class=\"elementor-element elementor-element-8f00f26 e-flex e-con-boxed e-con e-parent\" data-id=\"8f00f26\" data-element_type=\"container\" data-e-type=\"container\">\n\t\t\t\t\t<div class=\"e-con-inner\">\n\t\t\t\t<div class=\"elementor-element elementor-element-3715285 elementor-widget elementor-widget-image\" data-id=\"3715285\" data-element_type=\"widget\" data-e-type=\"widget\" data-widget_type=\"image.default\">\n\t\t\t\t<div class=\"elementor-widget-container\">\n\t\t\t\t\t\t\t\t\t\t\t\t\t\t\t<img fetchpriority=\"high\" decoding=\"async\" width=\"640\" height=\"427\" src=\"http:\/\/www.deroesterreichischefriseur.at\/wp-content\/uploads\/2025\/10\/GW_CS_2025_0029-1024x683.jpg\" class=\"attachment-large size-large wp-image-2437\" alt=\"\" srcset=\"http:\/\/www.deroesterreichischefriseur.at\/wp-content\/uploads\/2025\/10\/GW_CS_2025_0029-1024x683.jpg 1024w, http:\/\/www.deroesterreichischefriseur.at\/wp-content\/uploads\/2025\/10\/GW_CS_2025_0029-300x200.jpg 300w, http:\/\/www.deroesterreichischefriseur.at\/wp-content\/uploads\/2025\/10\/GW_CS_2025_0029-768x512.jpg 768w, http:\/\/www.deroesterreichischefriseur.at\/wp-content\/uploads\/2025\/10\/GW_CS_2025_0029-1536x1025.jpg 1536w\" sizes=\"(max-width: 640px) 100vw, 640px\" \/>\t\t\t\t\t\t\t\t\t\t\t\t\t\t\t<\/div>\n\t\t\t\t<\/div>\n\t\t\t\t<div class=\"elementor-element elementor-element-b548cd5 elementor-widget elementor-widget-text-editor\" data-id=\"b548cd5\" data-element_type=\"widget\" data-e-type=\"widget\" data-widget_type=\"text-editor.default\">\n\t\t\t\t<div class=\"elementor-widget-container\">\n\t\t\t\t\t\t\t\t\t<p>Am 14. und 15. September verwandelte sich Mailand in ein pulsierendes Zentrum voller Kreativit\u00e4t und Leidenschaft f\u00fcr Stylist:innen aus aller Welt, die f\u00fcr das ColorSphere Event angereist waren, um Goldwells internationale Color-Community zu feiern. Mehr als 1.200 \u00a0Colorist:innen, Salon-Profis und Educator aus \u00fcber 30 L\u00e4ndern kamen zusammen, um Haarfarbe, Handwerkskunst und die Community zu zelebrieren. Die DACH L\u00e4nder waren mit einer 132-k\u00f6pfigen Delegation bestehend aus Salonpartner:innen und Kao Salon Mitarbeitenden angereist und hatten am Ende allen Grund zum Jubeln: Fiona Machaz\u00a0 und Vincenzo Cascio aus der Schweiz (beide MD Hair Atelier) r\u00e4umen mit einer Gold- sowie zwei Silberauszeichnung bei den Global Creative Awards f\u00fcr die DACH-Region ab.\u00a0<\/p><p><br \/><strong>EIN COMMUNITY-EVENT F\u00dcR WEITERENTWICKLUNG UND UPSKILLING<br \/><\/strong>Trendvortr\u00e4ge, interaktive Workshops, Masterclasses, Model-Pr\u00e4sentationen, Networking-Areas sowie das gro\u00dfe Finale mit der Runway-Show und den ikonischen Global Creative Awards machten die ColorSphere zu einem einzigartigen Erlebnis. Die Veranstaltung bot Inspiration und praxisnahe Education, die Kreativit\u00e4t im Salon sowie die Entwicklung des Salongesch\u00e4fts nachhaltig st\u00e4rkt.<\/p><p>\u00a0<\/p><p>\u201eDie Energie, die Kreativit\u00e4t und der Community-Spirit, die wir w\u00e4hrend der ColorSphere erleben durften, haben unsere Erwartungen weit \u00fcbertroffen\u201c, so Dominic Pratt, Pr\u00e4sident Kao Salon Division. \u201eUnd wo k\u00f6nnte man die transformative Kraft atemberaubender Haarfarbe besser erleben als in Italiens Modemetropole? Die treibenden Kr\u00e4fte im Hintergrund sind u.a.\u00a0 die Goldwell Teams, die Produkte und eine vision\u00e4re F\u00fchrungsst\u00e4rke f\u00fcr die Zukunft.\u201c<\/p><p>\u00a0<\/p><p>Die Teilnehmer:innen aus der ganzen Welt wurden auf eine multisensorische Reise der beruflichen Weiterentwicklung mitgenommen. Look-and-Learn-Sessions der weltweit renommiertesten Creative Artists und Educators vermittelten neue Techniken, die direkt im Salonalltag angewendet werden k\u00f6nnen. In kollaborativen Sessions arbeiteten die Teilnehmenden Seite an Seite mit den Educators, erhielten unmittelbares Feedback und individuelle Begleitung. Business Sessions boten Stylist:innen wertvolle Insights zu Themen wie Technologie, Innovation, KI und langfristigem Salonerfolg. Zu den Highlights z\u00e4hlten die Masterclasses von Seung Ki Baek und Kylie Bussing, Jessica Price und Ashley Hood, Marianne Jensen und Gianluca Spagnuolo, Nicci Welsh und Huub Eysink, Mio Sota und Didier Lachapelle, Sal McKinzie, KI-Experte Andi Alleman und vielen weiteren.<\/p><p>\u00a0<\/p><p><strong>DIE INTERNATIONALEN GEWINNER:INNEN DER GLOBAL CREATIVE AWARDS 2025<br \/><\/strong>Den kr\u00f6nenden Abschluss bildete eine unvergessliche Runway-Show im typischen Mail\u00e4nder Runway-Stil. Gefeiert wurden die internationalen Gewinner:innen der diesj\u00e4hrigen Global Creative Awards, Goldwells etablierter Farb-Wettbewerb und zugleich eine Hommage an Talente aus aller Welt, die live gegeneinander antraten und ihre trendsetzenden Arbeiten pr\u00e4sentierten.<\/p><p>\u00a0<\/p><p><strong>\u00a0<\/strong><\/p><p style=\"font-weight: 400;\"><strong>TECHNICAL CATEGORIES:<\/strong><\/p><p style=\"font-weight: 400;\"><strong>\/\/ new talent colorist of the year:<\/strong><\/p><p style=\"font-weight: 400;\">Talent und technisches K\u00f6nnen f\u00fcr Stylist:innen mit weniger als f\u00fcnf Jahren Erfahrung.\u00a0<\/p><p style=\"font-weight: 400;\">GOLD: Marcus Liow, 8 PLUS HAIR STUDIO, Malaysia<\/p><p style=\"font-weight: 400;\"><strong>SILBER: Vincenzo Cascio, MD Hair Atelier, Schweiz<\/strong><\/p><p style=\"font-weight: 400;\">BRONZE: Eve Chen, OHHO hair salon, Taiwan<\/p><p style=\"font-weight: 400;\"><strong>\/\/ creative colorist of the year:<\/strong><\/p><p style=\"font-weight: 400;\">Der ultimative Farb-Wettbewerb f\u00fcr alle Stylist:innen mit Leidenschaft und dem Ehrgeiz, in der Welt der Haarfarbe anzutreten.\u00a0<\/p><p style=\"font-weight: 400;\">GOLD: Svetlana Jouini, Studio S.Style, Norwegen<\/p><p style=\"font-weight: 400;\">SILBER: Rita Weng, OHHO hair salon, Taiwan<\/p><p style=\"font-weight: 400;\">BRONZE: Demelza Button, Sfumato Hair, Australien<\/p><p style=\"font-weight: 400;\"><strong>\/\/ creative hair cutter of the year:<\/strong><\/p><p style=\"font-weight: 400;\">Der Wettbewerb f\u00fcr pr\u00e4zises Schneiden und leidenschaftliche Schnittexperten.\u00a0<\/p><p style=\"font-weight: 400;\">GOLD: Alex Tant, The Upper Hand Salon, USA<\/p><p style=\"font-weight: 400;\"><strong>SILBER: Fiona Machaz, MD Hair Atelier, Schweiz <\/strong><\/p><p style=\"font-weight: 400;\">BRONZE: Emma Jones, New Wave Hair, Gro\u00dfbritannien<\/p><p style=\"font-weight: 400;\">\u00a0<\/p><p style=\"font-weight: 400;\"><strong>EDITORIAL CATEGORIES:\u00a0 <\/strong><\/p><p style=\"font-weight: 400;\"><strong>\u00a0<\/strong><strong>\/\/ men\u2019s hairstylist of the year:<\/strong><\/p><p style=\"font-weight: 400;\">Kreativit\u00e4t und Expertise im Herrenstyling, Barbering und Grooming.<\/p><p style=\"font-weight: 400;\"><strong>GOLD: Fiona Machaz, MD Hair Atelier, Schweiz<\/strong><\/p><p style=\"font-weight: 400;\">SILBER: Benson Ku, N.BORN, Taiwan<\/p><p style=\"font-weight: 400;\">BRONZE: Mira Pitk\u00e4nen, Hiusstudio Art, Finnland<\/p><p style=\"font-weight: 400;\"><strong>\/\/ avant garde stylist of the year:<\/strong><\/p><p style=\"font-weight: 400;\">Kreativit\u00e4t pur, die die Grenzen des konventionellen Haarstylings \u00fcberschreitet.\u00a0<\/p><p style=\"font-weight: 400;\">GOLD: Heng Meng Hui, Decrypt Hairdressing, Malaysia<\/p><p style=\"font-weight: 400;\">SILBER: Zoe O\u2019Day, The Upper Hand, USA<\/p><p style=\"font-weight: 400;\">BRONZE: Carlos Alvarez, Trademark Salon, USA<\/p><p style=\"font-weight: 400;\"><strong>\u00a0<\/strong><\/p>\t\t\t\t\t\t\t\t<\/div>\n\t\t\t\t<\/div>\n\t\t\t\t\t<\/div>\n\t\t\t\t<\/div>\n\t\t<div class=\"elementor-element elementor-element-8ae3afb e-flex e-con-boxed e-con e-parent\" data-id=\"8ae3afb\" data-element_type=\"container\" data-e-type=\"container\">\n\t\t\t\t\t<div class=\"e-con-inner\">\n\t\t\t\t<div class=\"elementor-element elementor-element-c079152 elementor-widget elementor-widget-gallery\" data-id=\"c079152\" data-element_type=\"widget\" data-e-type=\"widget\" data-settings=\"{&quot;gallery_layout&quot;:&quot;masonry&quot;,&quot;lazyload&quot;:&quot;yes&quot;,&quot;columns&quot;:4,&quot;columns_tablet&quot;:2,&quot;columns_mobile&quot;:1,&quot;gap&quot;:{&quot;unit&quot;:&quot;px&quot;,&quot;size&quot;:10,&quot;sizes&quot;:[]},&quot;gap_tablet&quot;:{&quot;unit&quot;:&quot;px&quot;,&quot;size&quot;:10,&quot;sizes&quot;:[]},&quot;gap_mobile&quot;:{&quot;unit&quot;:&quot;px&quot;,&quot;size&quot;:10,&quot;sizes&quot;:[]},&quot;link_to&quot;:&quot;file&quot;,&quot;overlay_background&quot;:&quot;yes&quot;,&quot;content_hover_animation&quot;:&quot;fade-in&quot;}\" data-widget_type=\"gallery.default\">\n\t\t\t\t<div class=\"elementor-widget-container\">\n\t\t\t\t\t\t\t<div class=\"elementor-gallery__container\">\n\t\t\t\t\t\t\t<a class=\"e-gallery-item elementor-gallery-item elementor-animated-content\" href=\"http:\/\/www.deroesterreichischefriseur.at\/wp-content\/uploads\/2025\/10\/GW_CS_2025_0002.jpg\" data-elementor-open-lightbox=\"yes\" data-elementor-lightbox-slideshow=\"c079152\" data-elementor-lightbox-title=\"GW_CS_2025_0002\" data-e-action-hash=\"#elementor-action%3Aaction%3Dlightbox%26settings%3DeyJpZCI6MjQzOCwidXJsIjoiaHR0cDpcL1wvd3d3LmRlcm9lc3RlcnJlaWNoaXNjaGVmcmlzZXVyLmF0XC93cC1jb250ZW50XC91cGxvYWRzXC8yMDI1XC8xMFwvR1dfQ1NfMjAyNV8wMDAyLmpwZyIsInNsaWRlc2hvdyI6ImMwNzkxNTIifQ%3D%3D\">\n\t\t\t\t\t<div class=\"e-gallery-image elementor-gallery-item__image\" data-thumbnail=\"http:\/\/www.deroesterreichischefriseur.at\/wp-content\/uploads\/2025\/10\/GW_CS_2025_0002.jpg\" data-width=\"8192\" data-height=\"5464\" aria-label=\"\" role=\"img\" ><\/div>\n\t\t\t\t\t\t\t\t\t\t\t<div class=\"elementor-gallery-item__overlay\"><\/div>\n\t\t\t\t\t\t\t\t\t\t\t\t\t\t<\/a>\n\t\t\t\t\t\t\t<a class=\"e-gallery-item elementor-gallery-item elementor-animated-content\" href=\"http:\/\/www.deroesterreichischefriseur.at\/wp-content\/uploads\/2025\/10\/creative-colorist_Svetlana-Jouini_norwegen-scaled.jpg\" data-elementor-open-lightbox=\"yes\" data-elementor-lightbox-slideshow=\"c079152\" data-elementor-lightbox-title=\"Evoto\" data-e-action-hash=\"#elementor-action%3Aaction%3Dlightbox%26settings%3DeyJpZCI6MjQzMCwidXJsIjoiaHR0cDpcL1wvd3d3LmRlcm9lc3RlcnJlaWNoaXNjaGVmcmlzZXVyLmF0XC93cC1jb250ZW50XC91cGxvYWRzXC8yMDI1XC8xMFwvY3JlYXRpdmUtY29sb3Jpc3RfU3ZldGxhbmEtSm91aW5pX25vcndlZ2VuLXNjYWxlZC5qcGciLCJzbGlkZXNob3ciOiJjMDc5MTUyIn0%3D\">\n\t\t\t\t\t<div class=\"e-gallery-image elementor-gallery-item__image\" data-thumbnail=\"http:\/\/www.deroesterreichischefriseur.at\/wp-content\/uploads\/2025\/10\/creative-colorist_Svetlana-Jouini_norwegen-scaled.jpg\" data-width=\"1811\" data-height=\"2560\" aria-label=\"\" role=\"img\" ><\/div>\n\t\t\t\t\t\t\t\t\t\t\t<div class=\"elementor-gallery-item__overlay\"><\/div>\n\t\t\t\t\t\t\t\t\t\t\t\t\t\t<\/a>\n\t\t\t\t\t\t\t<a class=\"e-gallery-item elementor-gallery-item elementor-animated-content\" href=\"http:\/\/www.deroesterreichischefriseur.at\/wp-content\/uploads\/2025\/10\/PIC_GW-Colorsphere-Global-Creative-Awards-3.jpg\" data-elementor-open-lightbox=\"yes\" data-elementor-lightbox-slideshow=\"c079152\" data-elementor-lightbox-title=\"PIC_GW Colorsphere Global Creative Awards (3)\" data-e-action-hash=\"#elementor-action%3Aaction%3Dlightbox%26settings%3DeyJpZCI6MjQzNiwidXJsIjoiaHR0cDpcL1wvd3d3LmRlcm9lc3RlcnJlaWNoaXNjaGVmcmlzZXVyLmF0XC93cC1jb250ZW50XC91cGxvYWRzXC8yMDI1XC8xMFwvUElDX0dXLUNvbG9yc3BoZXJlLUdsb2JhbC1DcmVhdGl2ZS1Bd2FyZHMtMy5qcGciLCJzbGlkZXNob3ciOiJjMDc5MTUyIn0%3D\">\n\t\t\t\t\t<div class=\"e-gallery-image elementor-gallery-item__image\" data-thumbnail=\"http:\/\/www.deroesterreichischefriseur.at\/wp-content\/uploads\/2025\/10\/PIC_GW-Colorsphere-Global-Creative-Awards-3.jpg\" data-width=\"8192\" data-height=\"5464\" aria-label=\"\" role=\"img\" ><\/div>\n\t\t\t\t\t\t\t\t\t\t\t<div class=\"elementor-gallery-item__overlay\"><\/div>\n\t\t\t\t\t\t\t\t\t\t\t\t\t\t<\/a>\n\t\t\t\t\t\t\t<a class=\"e-gallery-item elementor-gallery-item elementor-animated-content\" href=\"http:\/\/www.deroesterreichischefriseur.at\/wp-content\/uploads\/2025\/10\/GW_CS_2025_0009.jpg\" data-elementor-open-lightbox=\"yes\" data-elementor-lightbox-slideshow=\"c079152\" data-elementor-lightbox-title=\"GW_CS_2025_0009\" data-e-action-hash=\"#elementor-action%3Aaction%3Dlightbox%26settings%3DeyJpZCI6MjQ0MCwidXJsIjoiaHR0cDpcL1wvd3d3LmRlcm9lc3RlcnJlaWNoaXNjaGVmcmlzZXVyLmF0XC93cC1jb250ZW50XC91cGxvYWRzXC8yMDI1XC8xMFwvR1dfQ1NfMjAyNV8wMDA5LmpwZyIsInNsaWRlc2hvdyI6ImMwNzkxNTIifQ%3D%3D\">\n\t\t\t\t\t<div class=\"e-gallery-image elementor-gallery-item__image\" data-thumbnail=\"http:\/\/www.deroesterreichischefriseur.at\/wp-content\/uploads\/2025\/10\/GW_CS_2025_0009.jpg\" data-width=\"5464\" data-height=\"8192\" aria-label=\"\" role=\"img\" ><\/div>\n\t\t\t\t\t\t\t\t\t\t\t<div class=\"elementor-gallery-item__overlay\"><\/div>\n\t\t\t\t\t\t\t\t\t\t\t\t\t\t<\/a>\n\t\t\t\t\t\t\t<a class=\"e-gallery-item elementor-gallery-item elementor-animated-content\" href=\"http:\/\/www.deroesterreichischefriseur.at\/wp-content\/uploads\/2025\/10\/GW_CS_2025_0011.jpg\" data-elementor-open-lightbox=\"yes\" data-elementor-lightbox-slideshow=\"c079152\" data-elementor-lightbox-title=\"GW_CS_2025_0011\" data-e-action-hash=\"#elementor-action%3Aaction%3Dlightbox%26settings%3DeyJpZCI6MjQzOSwidXJsIjoiaHR0cDpcL1wvd3d3LmRlcm9lc3RlcnJlaWNoaXNjaGVmcmlzZXVyLmF0XC93cC1jb250ZW50XC91cGxvYWRzXC8yMDI1XC8xMFwvR1dfQ1NfMjAyNV8wMDExLmpwZyIsInNsaWRlc2hvdyI6ImMwNzkxNTIifQ%3D%3D\">\n\t\t\t\t\t<div class=\"e-gallery-image elementor-gallery-item__image\" data-thumbnail=\"http:\/\/www.deroesterreichischefriseur.at\/wp-content\/uploads\/2025\/10\/GW_CS_2025_0011.jpg\" data-width=\"8192\" data-height=\"5464\" aria-label=\"\" role=\"img\" ><\/div>\n\t\t\t\t\t\t\t\t\t\t\t<div class=\"elementor-gallery-item__overlay\"><\/div>\n\t\t\t\t\t\t\t\t\t\t\t\t\t\t<\/a>\n\t\t\t\t\t\t\t<a class=\"e-gallery-item elementor-gallery-item elementor-animated-content\" href=\"http:\/\/www.deroesterreichischefriseur.at\/wp-content\/uploads\/2025\/10\/GW_CS_2025_0010.jpg\" data-elementor-open-lightbox=\"yes\" data-elementor-lightbox-slideshow=\"c079152\" data-elementor-lightbox-title=\"GW_CS_2025_0010\" data-e-action-hash=\"#elementor-action%3Aaction%3Dlightbox%26settings%3DeyJpZCI6MjQ0MSwidXJsIjoiaHR0cDpcL1wvd3d3LmRlcm9lc3RlcnJlaWNoaXNjaGVmcmlzZXVyLmF0XC93cC1jb250ZW50XC91cGxvYWRzXC8yMDI1XC8xMFwvR1dfQ1NfMjAyNV8wMDEwLmpwZyIsInNsaWRlc2hvdyI6ImMwNzkxNTIifQ%3D%3D\">\n\t\t\t\t\t<div class=\"e-gallery-image elementor-gallery-item__image\" data-thumbnail=\"http:\/\/www.deroesterreichischefriseur.at\/wp-content\/uploads\/2025\/10\/GW_CS_2025_0010.jpg\" data-width=\"5832\" data-height=\"8744\" aria-label=\"\" role=\"img\" ><\/div>\n\t\t\t\t\t\t\t\t\t\t\t<div class=\"elementor-gallery-item__overlay\"><\/div>\n\t\t\t\t\t\t\t\t\t\t\t\t\t\t<\/a>\n\t\t\t\t\t\t\t<a class=\"e-gallery-item elementor-gallery-item elementor-animated-content\" href=\"http:\/\/www.deroesterreichischefriseur.at\/wp-content\/uploads\/2025\/10\/GW_CS_2025_0001.jpg\" data-elementor-open-lightbox=\"yes\" data-elementor-lightbox-slideshow=\"c079152\" data-elementor-lightbox-title=\"GW_CS_2025_0001\" data-e-action-hash=\"#elementor-action%3Aaction%3Dlightbox%26settings%3DeyJpZCI6MjQzNSwidXJsIjoiaHR0cDpcL1wvd3d3LmRlcm9lc3RlcnJlaWNoaXNjaGVmcmlzZXVyLmF0XC93cC1jb250ZW50XC91cGxvYWRzXC8yMDI1XC8xMFwvR1dfQ1NfMjAyNV8wMDAxLmpwZyIsInNsaWRlc2hvdyI6ImMwNzkxNTIifQ%3D%3D\">\n\t\t\t\t\t<div class=\"e-gallery-image elementor-gallery-item__image\" data-thumbnail=\"http:\/\/www.deroesterreichischefriseur.at\/wp-content\/uploads\/2025\/10\/GW_CS_2025_0001.jpg\" data-width=\"8192\" data-height=\"5464\" aria-label=\"\" role=\"img\" ><\/div>\n\t\t\t\t\t\t\t\t\t\t\t<div class=\"elementor-gallery-item__overlay\"><\/div>\n\t\t\t\t\t\t\t\t\t\t\t\t\t\t<\/a>\n\t\t\t\t\t\t\t<a class=\"e-gallery-item elementor-gallery-item elementor-animated-content\" href=\"http:\/\/www.deroesterreichischefriseur.at\/wp-content\/uploads\/2025\/10\/Avantgarde-Stylist_Menghui-Heng_MALAYSIA-scaled.jpg\" data-elementor-open-lightbox=\"yes\" data-elementor-lightbox-slideshow=\"c079152\" data-elementor-lightbox-title=\"Avantgarde Stylist_Menghui Heng_MALAYSIA\" data-e-action-hash=\"#elementor-action%3Aaction%3Dlightbox%26settings%3DeyJpZCI6MjQzMiwidXJsIjoiaHR0cDpcL1wvd3d3LmRlcm9lc3RlcnJlaWNoaXNjaGVmcmlzZXVyLmF0XC93cC1jb250ZW50XC91cGxvYWRzXC8yMDI1XC8xMFwvQXZhbnRnYXJkZS1TdHlsaXN0X01lbmdodWktSGVuZ19NQUxBWVNJQS1zY2FsZWQuanBnIiwic2xpZGVzaG93IjoiYzA3OTE1MiJ9\">\n\t\t\t\t\t<div class=\"e-gallery-image elementor-gallery-item__image\" data-thumbnail=\"http:\/\/www.deroesterreichischefriseur.at\/wp-content\/uploads\/2025\/10\/Avantgarde-Stylist_Menghui-Heng_MALAYSIA-scaled.jpg\" data-width=\"1709\" data-height=\"2560\" aria-label=\"\" role=\"img\" ><\/div>\n\t\t\t\t\t\t\t\t\t\t\t<div class=\"elementor-gallery-item__overlay\"><\/div>\n\t\t\t\t\t\t\t\t\t\t\t\t\t\t<\/a>\n\t\t\t\t\t\t\t<a class=\"e-gallery-item elementor-gallery-item elementor-animated-content\" href=\"http:\/\/www.deroesterreichischefriseur.at\/wp-content\/uploads\/2025\/10\/new-talent-colorist_Marcus-Liow_malaysia.jpg\" data-elementor-open-lightbox=\"yes\" data-elementor-lightbox-slideshow=\"c079152\" data-elementor-lightbox-title=\"new talent colorist_Marcus Liow_malaysia\" data-e-action-hash=\"#elementor-action%3Aaction%3Dlightbox%26settings%3DeyJpZCI6MjQzMywidXJsIjoiaHR0cDpcL1wvd3d3LmRlcm9lc3RlcnJlaWNoaXNjaGVmcmlzZXVyLmF0XC93cC1jb250ZW50XC91cGxvYWRzXC8yMDI1XC8xMFwvbmV3LXRhbGVudC1jb2xvcmlzdF9NYXJjdXMtTGlvd19tYWxheXNpYS5qcGciLCJzbGlkZXNob3ciOiJjMDc5MTUyIn0%3D\">\n\t\t\t\t\t<div class=\"e-gallery-image elementor-gallery-item__image\" data-thumbnail=\"http:\/\/www.deroesterreichischefriseur.at\/wp-content\/uploads\/2025\/10\/new-talent-colorist_Marcus-Liow_malaysia.jpg\" data-width=\"5732\" data-height=\"8107\" aria-label=\"\" role=\"img\" ><\/div>\n\t\t\t\t\t\t\t\t\t\t\t<div class=\"elementor-gallery-item__overlay\"><\/div>\n\t\t\t\t\t\t\t\t\t\t\t\t\t\t<\/a>\n\t\t\t\t\t\t\t<a class=\"e-gallery-item elementor-gallery-item elementor-animated-content\" href=\"http:\/\/www.deroesterreichischefriseur.at\/wp-content\/uploads\/2025\/10\/creative-haircutter_Alex-Tant_usa-scaled.jpeg\" data-elementor-open-lightbox=\"yes\" data-elementor-lightbox-slideshow=\"c079152\" data-elementor-lightbox-title=\"creative haircutter_Alex Tant_usa\" data-e-action-hash=\"#elementor-action%3Aaction%3Dlightbox%26settings%3DeyJpZCI6MjQzMSwidXJsIjoiaHR0cDpcL1wvd3d3LmRlcm9lc3RlcnJlaWNoaXNjaGVmcmlzZXVyLmF0XC93cC1jb250ZW50XC91cGxvYWRzXC8yMDI1XC8xMFwvY3JlYXRpdmUtaGFpcmN1dHRlcl9BbGV4LVRhbnRfdXNhLXNjYWxlZC5qcGVnIiwic2xpZGVzaG93IjoiYzA3OTE1MiJ9\">\n\t\t\t\t\t<div class=\"e-gallery-image elementor-gallery-item__image\" data-thumbnail=\"http:\/\/www.deroesterreichischefriseur.at\/wp-content\/uploads\/2025\/10\/creative-haircutter_Alex-Tant_usa-scaled.jpeg\" data-width=\"2048\" data-height=\"2560\" aria-label=\"\" role=\"img\" ><\/div>\n\t\t\t\t\t\t\t\t\t\t\t<div class=\"elementor-gallery-item__overlay\"><\/div>\n\t\t\t\t\t\t\t\t\t\t\t\t\t\t<\/a>\n\t\t\t\t\t\t\t<a class=\"e-gallery-item elementor-gallery-item elementor-animated-content\" href=\"http:\/\/www.deroesterreichischefriseur.at\/wp-content\/uploads\/2025\/10\/GW_CS_2025_-0001.jpg\" data-elementor-open-lightbox=\"yes\" data-elementor-lightbox-slideshow=\"c079152\" data-elementor-lightbox-title=\"GW_CS_2025_ 0001\" data-e-action-hash=\"#elementor-action%3Aaction%3Dlightbox%26settings%3DeyJpZCI6MjQzNCwidXJsIjoiaHR0cDpcL1wvd3d3LmRlcm9lc3RlcnJlaWNoaXNjaGVmcmlzZXVyLmF0XC93cC1jb250ZW50XC91cGxvYWRzXC8yMDI1XC8xMFwvR1dfQ1NfMjAyNV8tMDAwMS5qcGciLCJzbGlkZXNob3ciOiJjMDc5MTUyIn0%3D\">\n\t\t\t\t\t<div class=\"e-gallery-image elementor-gallery-item__image\" data-thumbnail=\"http:\/\/www.deroesterreichischefriseur.at\/wp-content\/uploads\/2025\/10\/GW_CS_2025_-0001.jpg\" data-width=\"8192\" data-height=\"5464\" aria-label=\"\" role=\"img\" ><\/div>\n\t\t\t\t\t\t\t\t\t\t\t<div class=\"elementor-gallery-item__overlay\"><\/div>\n\t\t\t\t\t\t\t\t\t\t\t\t\t\t<\/a>\n\t\t\t\t\t\t\t<a class=\"e-gallery-item elementor-gallery-item elementor-animated-content\" href=\"http:\/\/www.deroesterreichischefriseur.at\/wp-content\/uploads\/2025\/10\/GW_CS_2025_0029.jpg\" data-elementor-open-lightbox=\"yes\" data-elementor-lightbox-slideshow=\"c079152\" data-elementor-lightbox-title=\"GW_CS_2025_0029\" data-e-action-hash=\"#elementor-action%3Aaction%3Dlightbox%26settings%3DeyJpZCI6MjQzNywidXJsIjoiaHR0cDpcL1wvd3d3LmRlcm9lc3RlcnJlaWNoaXNjaGVmcmlzZXVyLmF0XC93cC1jb250ZW50XC91cGxvYWRzXC8yMDI1XC8xMFwvR1dfQ1NfMjAyNV8wMDI5LmpwZyIsInNsaWRlc2hvdyI6ImMwNzkxNTIifQ%3D%3D\">\n\t\t\t\t\t<div class=\"e-gallery-image elementor-gallery-item__image\" data-thumbnail=\"http:\/\/www.deroesterreichischefriseur.at\/wp-content\/uploads\/2025\/10\/GW_CS_2025_0029.jpg\" data-width=\"8192\" data-height=\"5464\" aria-label=\"\" role=\"img\" ><\/div>\n\t\t\t\t\t\t\t\t\t\t\t<div class=\"elementor-gallery-item__overlay\"><\/div>\n\t\t\t\t\t\t\t\t\t\t\t\t\t\t<\/a>\n\t\t\t\t\t<\/div>\n\t\t\t\t\t<\/div>\n\t\t\t\t<\/div>\n\t\t\t\t\t<\/div>\n\t\t\t\t<\/div>\n\t\t\t\t<\/div>\n\t\t","protected":false},"excerpt":{"rendered":"<p>Am 14. und 15. September verwandelte sich Mailand in ein pulsierendes Zentrum voller Kreativit\u00e4t und Leidenschaft f\u00fcr Stylist:innen aus aller Welt, die f\u00fcr das ColorSphere Event angereist waren, um Goldwells internationale Color-Community zu feiern. Mehr als 1.200 \u00a0Colorist:innen, Salon-Profis und Educator aus \u00fcber 30 L\u00e4ndern kamen zusammen, um Haarfarbe, Handwerkskunst und die Community zu zelebrieren. Die DACH L\u00e4nder waren mit einer 132-k\u00f6pfigen Delegation bestehend aus Salonpartner:innen und Kao Salon Mitarbeitenden&hellip;<\/p>\n","protected":false},"author":1,"featured_media":2435,"comment_status":"closed","ping_status":"open","sticky":false,"template":"","format":"standard","meta":{"footnotes":""},"categories":[16],"tags":[],"class_list":["post-2428","post","type-post","status-publish","format-standard","has-post-thumbnail","hentry","category-event"],"_links":{"self":[{"href":"http:\/\/www.deroesterreichischefriseur.at\/index.php?rest_route=\/wp\/v2\/posts\/2428","targetHints":{"allow":["GET"]}}],"collection":[{"href":"http:\/\/www.deroesterreichischefriseur.at\/index.php?rest_route=\/wp\/v2\/posts"}],"about":[{"href":"http:\/\/www.deroesterreichischefriseur.at\/index.php?rest_route=\/wp\/v2\/types\/post"}],"author":[{"embeddable":true,"href":"http:\/\/www.deroesterreichischefriseur.at\/index.php?rest_route=\/wp\/v2\/users\/1"}],"replies":[{"embeddable":true,"href":"http:\/\/www.deroesterreichischefriseur.at\/index.php?rest_route=%2Fwp%2Fv2%2Fcomments&post=2428"}],"version-history":[{"count":4,"href":"http:\/\/www.deroesterreichischefriseur.at\/index.php?rest_route=\/wp\/v2\/posts\/2428\/revisions"}],"predecessor-version":[{"id":2444,"href":"http:\/\/www.deroesterreichischefriseur.at\/index.php?rest_route=\/wp\/v2\/posts\/2428\/revisions\/2444"}],"wp:featuredmedia":[{"embeddable":true,"href":"http:\/\/www.deroesterreichischefriseur.at\/index.php?rest_route=\/wp\/v2\/media\/2435"}],"wp:attachment":[{"href":"http:\/\/www.deroesterreichischefriseur.at\/index.php?rest_route=%2Fwp%2Fv2%2Fmedia&parent=2428"}],"wp:term":[{"taxonomy":"category","embeddable":true,"href":"http:\/\/www.deroesterreichischefriseur.at\/index.php?rest_route=%2Fwp%2Fv2%2Fcategories&post=2428"},{"taxonomy":"post_tag","embeddable":true,"href":"http:\/\/www.deroesterreichischefriseur.at\/index.php?rest_route=%2Fwp%2Fv2%2Ftags&post=2428"}],"curies":[{"name":"wp","href":"https:\/\/api.w.org\/{rel}","templated":true}]}}