{"id":238,"date":"2022-09-07T09:59:53","date_gmt":"2022-09-07T07:59:53","guid":{"rendered":"http:\/\/212.236.20.45\/?p=238"},"modified":"2022-09-07T09:59:53","modified_gmt":"2022-09-07T07:59:53","slug":"keep-it-cool-silver-serie","status":"publish","type":"post","link":"http:\/\/www.deroesterreichischefriseur.at\/?p=238","title":{"rendered":"Keep it cool &#8211; silver serie"},"content":{"rendered":"\n<p> <\/p>\n\n\n\n<p>Keep it cool, baby \u2013 egal ob blond, grau oder braun, gef\u00e4rbt oder Natur!<br>Oft schleicht sich schon ein paar Wochen nach dem letzten F\u00e4rben oder zu viel Zeit in der Sonne, ein fieses Gelb oder ein aufdringliches Orange in dein Haar.<\/p>\n\n\n\n<p>Oh no, nicht schon wieder!<br>Stopp, Schluss mit dem Gelbstich! Keep it cool!<\/p>\n\n\n\n<p>Unsere reichhaltige Pflegeserie f\u00fcr gelbstichiges Haar bewahrt einen k\u00fchlen Kopf f\u00fcr dich.<br>In Rekordzeit holt dir unser hochwertiges Silbershampoo den most wanted Matt-Effect ins Haar zur\u00fcck \u2013 bei allen Farbt\u00f6nen. Schon nach der ersten Anwendung fehlt vom nervigen Gelbstich<\/p>\n\n\n\n<p>jede Spur. Doch wie macht feschi das nur? Ganz einfach: M\u00f6glich machen es die vielen Violettpigmente in der keep it cool Serie.<\/p>\n\n\n\n<p>Wie ein feiner Mantel umschmeicheln sie das Haar und neutralisieren die l\u00e4stigen Gelb- und Orangespuren. Und by the way: Auch als Pflege f\u00fcr graues Haar liegst du mit keep it cool immer genau richtig!<\/p>\n\n\n\n<p>Wir sind auf allen g\u00e4ngigen Social-Media-Kan\u00e4len (@feschi.shop)<br>f\u00fcr mehr Informationen vertreten!\u00a0<\/p>\n","protected":false},"excerpt":{"rendered":"<p>Keep it cool, baby \u2013 egal ob blond, grau oder braun, gef\u00e4rbt oder Natur!Oft schleicht sich schon ein paar Wochen nach dem letzten F\u00e4rben oder zu viel Zeit in der Sonne, ein fieses Gelb oder ein aufdringliches Orange in dein Haar. Oh no, nicht schon wieder!Stopp, Schluss mit dem Gelbstich! Keep it cool! Unsere reichhaltige Pflegeserie f\u00fcr gelbstichiges Haar bewahrt einen k\u00fchlen Kopf f\u00fcr dich.In Rekordzeit holt dir unser hochwertiges&hellip;<\/p>\n","protected":false},"author":2,"featured_media":239,"comment_status":"closed","ping_status":"closed","sticky":false,"template":"","format":"standard","meta":{"footnotes":""},"categories":[15],"tags":[],"class_list":["post-238","post","type-post","status-publish","format-standard","has-post-thumbnail","hentry","category-firmennews"],"_links":{"self":[{"href":"http:\/\/www.deroesterreichischefriseur.at\/index.php?rest_route=\/wp\/v2\/posts\/238","targetHints":{"allow":["GET"]}}],"collection":[{"href":"http:\/\/www.deroesterreichischefriseur.at\/index.php?rest_route=\/wp\/v2\/posts"}],"about":[{"href":"http:\/\/www.deroesterreichischefriseur.at\/index.php?rest_route=\/wp\/v2\/types\/post"}],"author":[{"embeddable":true,"href":"http:\/\/www.deroesterreichischefriseur.at\/index.php?rest_route=\/wp\/v2\/users\/2"}],"replies":[{"embeddable":true,"href":"http:\/\/www.deroesterreichischefriseur.at\/index.php?rest_route=%2Fwp%2Fv2%2Fcomments&post=238"}],"version-history":[{"count":1,"href":"http:\/\/www.deroesterreichischefriseur.at\/index.php?rest_route=\/wp\/v2\/posts\/238\/revisions"}],"predecessor-version":[{"id":240,"href":"http:\/\/www.deroesterreichischefriseur.at\/index.php?rest_route=\/wp\/v2\/posts\/238\/revisions\/240"}],"wp:featuredmedia":[{"embeddable":true,"href":"http:\/\/www.deroesterreichischefriseur.at\/index.php?rest_route=\/wp\/v2\/media\/239"}],"wp:attachment":[{"href":"http:\/\/www.deroesterreichischefriseur.at\/index.php?rest_route=%2Fwp%2Fv2%2Fmedia&parent=238"}],"wp:term":[{"taxonomy":"category","embeddable":true,"href":"http:\/\/www.deroesterreichischefriseur.at\/index.php?rest_route=%2Fwp%2Fv2%2Fcategories&post=238"},{"taxonomy":"post_tag","embeddable":true,"href":"http:\/\/www.deroesterreichischefriseur.at\/index.php?rest_route=%2Fwp%2Fv2%2Ftags&post=238"}],"curies":[{"name":"wp","href":"https:\/\/api.w.org\/{rel}","templated":true}]}}