{"id":2061,"date":"2025-01-06T13:53:46","date_gmt":"2025-01-06T12:53:46","guid":{"rendered":"http:\/\/www.deroesterreichischefriseur.at\/?p=2061"},"modified":"2025-01-15T19:44:45","modified_gmt":"2025-01-15T18:44:45","slug":"authentic-beauty-concept-dach-community-event-2024-im-werk3studio-in-muenchen-copy-copy","status":"publish","type":"post","link":"http:\/\/www.deroesterreichischefriseur.at\/?p=2061","title":{"rendered":"Forum Kloster: Ein kreativer Abend im Zeichen der Frisurentrends"},"content":{"rendered":"\t\t<div data-elementor-type=\"wp-post\" data-elementor-id=\"2061\" class=\"elementor elementor-2061\" data-elementor-post-type=\"post\">\n\t\t\t\t<div class=\"elementor-element elementor-element-c2f16cf e-flex e-con-boxed e-con e-parent\" data-id=\"c2f16cf\" data-element_type=\"container\" data-e-type=\"container\">\n\t\t\t\t\t<div class=\"e-con-inner\">\n\t\t\t\t<div class=\"elementor-element elementor-element-042f9b3 elementor-widget__width-initial elementor-widget elementor-widget-video\" data-id=\"042f9b3\" data-element_type=\"widget\" data-e-type=\"widget\" data-settings=\"{&quot;video_type&quot;:&quot;hosted&quot;,&quot;autoplay&quot;:&quot;yes&quot;,&quot;controls&quot;:&quot;yes&quot;}\" data-widget_type=\"video.default\">\n\t\t\t\t<div class=\"elementor-widget-container\">\n\t\t\t\t\t\t\t<div class=\"e-hosted-video elementor-wrapper elementor-open-inline\">\n\t\t\t\t\t<video class=\"elementor-video\" src=\"http:\/\/www.deroesterreichischefriseur.at\/wp-content\/uploads\/2025\/01\/copy_9389EA2E-B163-4260-A482-5068A73FA08F.mov\" autoplay=\"\" controls=\"\" controlsList=\"nodownload\"><\/video>\n\t\t\t\t<\/div>\n\t\t\t\t\t\t<\/div>\n\t\t\t\t<\/div>\n\t\t\t\t\t<\/div>\n\t\t\t\t<\/div>\n\t\t<div class=\"elementor-element elementor-element-569e737 e-flex e-con-boxed e-con e-parent\" data-id=\"569e737\" data-element_type=\"container\" data-e-type=\"container\">\n\t\t\t\t\t<div class=\"e-con-inner\">\n\t\t\t\t<div class=\"elementor-element elementor-element-20c1f88 elementor-widget elementor-widget-text-editor\" data-id=\"20c1f88\" data-element_type=\"widget\" data-e-type=\"widget\" data-widget_type=\"text-editor.default\">\n\t\t\t\t<div class=\"elementor-widget-container\">\n\t\t\t\t\t\t\t\t\t<p style=\"font-weight: 400;\">Am 16. Dezember 2024 fand im Forum Kloster in Gleisdorf die mit Spannung erwartete Frisurenshow der Landesinnung der Friseure statt. Die Veranstaltung zog zahlreiche Fachleute und Interessierte aus der Friseurbranche an und bot ein abwechslungsreiches Programm rund um die neuesten Trends in Schnitttechniken, Styling und Farbinnovationen. Als besonderer H\u00f6hepunkt pr\u00e4sentierte Paul Wenig, Mitglied des renommierten J.7 Artistic Teams, seine einzigartigen Ans\u00e4tze zu Haarschnitten und Farbgestaltung.<\/p><p style=\"font-weight: 400;\"><strong>Ein Abend voller Inspiration<\/strong><\/p><p style=\"font-weight: 400;\">Schon zu Beginn der Veranstaltung war die Atmosph\u00e4re im Forum Kloster von Kreativit\u00e4t und Neugier gepr\u00e4gt. Der Abend startete mit einer Begr\u00fc\u00dfung durch die Veranstalter, die die Wichtigkeit von Austausch und Innovation in der Branche betonten. Marco Felix, Gesch\u00e4ftsf\u00fchrer von Goldwell, unterstrich die Bedeutung von Partnerschaften und Zusammenarbeit, um Trends effektiv umzusetzen.<\/p><p style=\"font-weight: 400;\"><strong>Paul Wenig und die Kunst der Transformation<\/strong><\/p><p style=\"font-weight: 400;\">Paul Wenig \u00fcbernahm die B\u00fchne und zog das Publikum mit seiner charismatischen Pr\u00e4sentation in den Bann. Sein Schwerpunkt lag auf modernen Schnitten, die nicht nur aktuelle Trends widerspiegeln, sondern auch die individuelle Pers\u00f6nlichkeit der Kundinnen und Kunden hervorheben. Der \u201eButterfly Cut\u201c, der durch seine leichte und bewegte Textur besticht, war einer der Highlights des Abends. Wenig betonte, wie wichtig es sei, die Kundschaft bei jeder Ver\u00e4nderung mitzunehmen und Trends wie Stufenschnitte oder Typver\u00e4nderungen individuell anzupassen.<\/p><p style=\"font-weight: 400;\">\u201eEin gef\u00fchlter Haarschnitt ist ein verkaufter Haarschnitt\u201c, erkl\u00e4rte Wenig und inspirierte die Teilnehmerinnen und Teilnehmer, den Dialog mit den Kundinnen und Kunden zu intensivieren.<\/p><p style=\"font-weight: 400;\"><strong>Innovative Farbtechniken und kreative Ans\u00e4tze<\/strong><\/p><p style=\"font-weight: 400;\">Neben den Haarschnitten wurden auch innovative Farbkonzepte pr\u00e4sentiert. Besonders im Fokus stand das Thema \u201eBlondveredelung\u201c. Die Kombination von pr\u00e4ziser Technik und kreativen Farbkompositionen betonte die Vielseitigkeit moderner Looks. Farbexperte Sammy Caro erkl\u00e4rte: \u201eBlondveredelung ist keine Option, sondern ein Muss, um die Haltbarkeit und den Glanz zu optimieren.\u201c<\/p><p style=\"font-weight: 400;\"><strong>Styling-Tipps f\u00fcr den Salonalltag<\/strong><\/p><p style=\"font-weight: 400;\">Abgerundet wurde der Abend durch praktische Stylingtipps, die einfach in den Salonalltag integriert werden k\u00f6nnen. Mit kleinen \u00c4nderungen wie der Verschiebung des Scheitels oder der Anwendung von Textursprays zeigte Wenig, wie sich mit minimalem Aufwand maximale Wirkung erzielen l\u00e4sst. \u201eManchmal sind es die kleinen Details, die den Unterschied machen\u201c, betonte er.<\/p><p style=\"font-weight: 400;\"><strong>Ein gelungener Abschluss<\/strong><\/p><p style=\"font-weight: 400;\">Die Veranstaltung bot nicht nur Inspiration, sondern auch die M\u00f6glichkeit zum Austausch und Netzwerken. Mit einer Fotowand im Foyer und Modellen, die die neu pr\u00e4sentierten Styles vorf\u00fchrten, endete der Abend in einer entspannten und kreativen Atmosph\u00e4re.<\/p><p style=\"font-weight: 400;\">Paul Wenig und das Team hinter der Show haben eindrucksvoll bewiesen, wie viel Potenzial in der Verbindung von Kreativit\u00e4t und Technik steckt. Die Teilnehmer gingen mit neuen Ideen und frischer Motivation zur\u00fcck in ihre Salons, bereit, die n\u00e4chsten Trends zu setzen.<\/p>\t\t\t\t\t\t\t\t<\/div>\n\t\t\t\t<\/div>\n\t\t\t\t\t<\/div>\n\t\t\t\t<\/div>\n\t\t\t\t<\/div>\n\t\t","protected":false},"excerpt":{"rendered":"<p>http:\/\/www.deroesterreichischefriseur.at\/wp-content\/uploads\/2025\/01\/copy_9389EA2E-B163-4260-A482-5068A73FA08F.mov Am 16. Dezember 2024 fand im Forum Kloster in Gleisdorf die mit Spannung erwartete Frisurenshow der Landesinnung der Friseure statt. Die Veranstaltung zog zahlreiche Fachleute und Interessierte aus der Friseurbranche an und bot ein abwechslungsreiches Programm rund um die neuesten Trends in Schnitttechniken, Styling und Farbinnovationen. Als besonderer H\u00f6hepunkt pr\u00e4sentierte Paul Wenig, Mitglied des renommierten J.7 Artistic Teams, seine einzigartigen Ans\u00e4tze zu Haarschnitten und Farbgestaltung. Ein Abend voller Inspiration&hellip;<\/p>\n","protected":false},"author":1,"featured_media":2066,"comment_status":"closed","ping_status":"open","sticky":false,"template":"","format":"standard","meta":{"footnotes":""},"categories":[16,1],"tags":[],"class_list":["post-2061","post","type-post","status-publish","format-standard","has-post-thumbnail","hentry","category-event","category-uncategorized"],"_links":{"self":[{"href":"http:\/\/www.deroesterreichischefriseur.at\/index.php?rest_route=\/wp\/v2\/posts\/2061","targetHints":{"allow":["GET"]}}],"collection":[{"href":"http:\/\/www.deroesterreichischefriseur.at\/index.php?rest_route=\/wp\/v2\/posts"}],"about":[{"href":"http:\/\/www.deroesterreichischefriseur.at\/index.php?rest_route=\/wp\/v2\/types\/post"}],"author":[{"embeddable":true,"href":"http:\/\/www.deroesterreichischefriseur.at\/index.php?rest_route=\/wp\/v2\/users\/1"}],"replies":[{"embeddable":true,"href":"http:\/\/www.deroesterreichischefriseur.at\/index.php?rest_route=%2Fwp%2Fv2%2Fcomments&post=2061"}],"version-history":[{"count":10,"href":"http:\/\/www.deroesterreichischefriseur.at\/index.php?rest_route=\/wp\/v2\/posts\/2061\/revisions"}],"predecessor-version":[{"id":2107,"href":"http:\/\/www.deroesterreichischefriseur.at\/index.php?rest_route=\/wp\/v2\/posts\/2061\/revisions\/2107"}],"wp:featuredmedia":[{"embeddable":true,"href":"http:\/\/www.deroesterreichischefriseur.at\/index.php?rest_route=\/wp\/v2\/media\/2066"}],"wp:attachment":[{"href":"http:\/\/www.deroesterreichischefriseur.at\/index.php?rest_route=%2Fwp%2Fv2%2Fmedia&parent=2061"}],"wp:term":[{"taxonomy":"category","embeddable":true,"href":"http:\/\/www.deroesterreichischefriseur.at\/index.php?rest_route=%2Fwp%2Fv2%2Fcategories&post=2061"},{"taxonomy":"post_tag","embeddable":true,"href":"http:\/\/www.deroesterreichischefriseur.at\/index.php?rest_route=%2Fwp%2Fv2%2Ftags&post=2061"}],"curies":[{"name":"wp","href":"https:\/\/api.w.org\/{rel}","templated":true}]}}