{"id":1960,"date":"2024-11-27T12:00:00","date_gmt":"2024-11-27T11:00:00","guid":{"rendered":"http:\/\/www.deroesterreichischefriseur.at\/?p=1960"},"modified":"2024-11-27T18:14:49","modified_gmt":"2024-11-27T17:14:49","slug":"authentic-beauty-concept-dach-community-event-2024-im-werk3studio-in-muenchen","status":"publish","type":"post","link":"http:\/\/www.deroesterreichischefriseur.at\/?p=1960","title":{"rendered":"AUTHENTIC BEAUTY CONCEPT DACH Community Event 2024 im werk3studio in M\u00fcnchen\u00a0"},"content":{"rendered":"\t\t<div data-elementor-type=\"wp-post\" data-elementor-id=\"1960\" class=\"elementor elementor-1960\" data-elementor-post-type=\"post\">\n\t\t\t\t<div class=\"elementor-element elementor-element-c2f16cf e-flex e-con-boxed e-con e-parent\" data-id=\"c2f16cf\" data-element_type=\"container\" data-e-type=\"container\">\n\t\t\t\t\t<div class=\"e-con-inner\">\n\t\t\t\t<div class=\"elementor-element elementor-element-057dc46 elementor-widget elementor-widget-image\" data-id=\"057dc46\" data-element_type=\"widget\" data-e-type=\"widget\" data-widget_type=\"image.default\">\n\t\t\t\t<div class=\"elementor-widget-container\">\n\t\t\t\t\t\t\t\t\t\t\t\t\t\t\t<img fetchpriority=\"high\" decoding=\"async\" width=\"640\" height=\"428\" src=\"http:\/\/www.deroesterreichischefriseur.at\/wp-content\/uploads\/2024\/11\/20241020-DSC03934-1024x684.jpg\" class=\"attachment-large size-large wp-image-1998\" alt=\"\" srcset=\"http:\/\/www.deroesterreichischefriseur.at\/wp-content\/uploads\/2024\/11\/20241020-DSC03934-1024x684.jpg 1024w, http:\/\/www.deroesterreichischefriseur.at\/wp-content\/uploads\/2024\/11\/20241020-DSC03934-300x200.jpg 300w, http:\/\/www.deroesterreichischefriseur.at\/wp-content\/uploads\/2024\/11\/20241020-DSC03934-768x513.jpg 768w, http:\/\/www.deroesterreichischefriseur.at\/wp-content\/uploads\/2024\/11\/20241020-DSC03934-1536x1026.jpg 1536w, http:\/\/www.deroesterreichischefriseur.at\/wp-content\/uploads\/2024\/11\/20241020-DSC03934-150x100.jpg 150w, http:\/\/www.deroesterreichischefriseur.at\/wp-content\/uploads\/2024\/11\/20241020-DSC03934.jpg 2048w\" sizes=\"(max-width: 640px) 100vw, 640px\" \/>\t\t\t\t\t\t\t\t\t\t\t\t\t\t\t<\/div>\n\t\t\t\t<\/div>\n\t\t\t\t\t<\/div>\n\t\t\t\t<\/div>\n\t\t<div class=\"elementor-element elementor-element-569e737 e-flex e-con-boxed e-con e-parent\" data-id=\"569e737\" data-element_type=\"container\" data-e-type=\"container\">\n\t\t\t\t\t<div class=\"e-con-inner\">\n\t\t\t\t<div class=\"elementor-element elementor-element-20c1f88 elementor-widget elementor-widget-text-editor\" data-id=\"20c1f88\" data-element_type=\"widget\" data-e-type=\"widget\" data-widget_type=\"text-editor.default\">\n\t\t\t\t<div class=\"elementor-widget-container\">\n\t\t\t\t\t\t\t\t\t<p><b>Ganz im Zeichen der Authentizit\u00e4t und Kreativit\u00e4t traf sich die AUTHENTIC BEAUTY CONCEPT Community am 20. und 21. Oktober in der Trend-Location werk3 in M\u00fcnchen.<span class=\"Apple-converted-space\">\u00a0<\/span><\/b><\/p><p><span class=\"Apple-converted-space\">\u00a0<\/span>Endlich war es so weit: Die AUTHENTIC BEAUTY CONCEPT Community ist wieder zusammengekommen und traf sich im Rahmen des Community Gatherings im M\u00fcnchner werk3studio f\u00fcr einen Tag voller Inspiration, Networking, und Entschleunigung. Rund 250 Teilnehmer:innen aus Deutschland, \u00d6sterreich und der Schweiz nutzten die Chance, um noch tiefer in die Welt von AUTHENTIC BEAUTY CONCEPT einzutauchen und neue Impulse und Inspirationen f\u00fcr ihren Salonalltag mitzunehmen.<span class=\"Apple-converted-space\">\u00a0<\/span>Durch den Tag f\u00fchrten AUTHENTIC BEAUTY CONCEPT Brand Manager Christian Duee, Education Manager Stefano Alonzo und Business Development Managerin Julia Truntschnig. Das Programm des Tag bot eine Mischung aus interaktiven Workshops und mitrei\u00dfenden Show-Acts, bevor der Abend bei Drinks und DJ-Vibes entspannt ausklang.<span class=\"Apple-converted-space\">\u00a0<\/span><\/p><p><strong><span class=\"Apple-converted-space\">\u00a0<\/span>Die Shows:<span class=\"Apple-converted-space\">\u00a0<\/span><\/strong><\/p><p><b>\u201eBig Hair\u201c Show by Daniele Dragotta<span class=\"Apple-converted-space\"> \u00a0<\/span><\/b><b><\/b>Daniele Dragotta z\u00e4hlt zu den besten Hairstylisten Deutschlands und ist auch international gefragt. Er ist nicht nur preisgekr\u00f6nter Hairstylist, sondern auch AUTHENTIC BEAUTY CONCEPT Advocate und zeigte in dieser Funktion seine \u201eBig Hair\u201c Stylings mit den Produkten von AUTHENTIC BEAUTY CONCEPT, die das Publikum restlos begeisterten und Lust auf gro\u00dfe Hairstyles machten.<span class=\"Apple-converted-space\">\u00a0<\/span><\/p><p><b>\u201eIntuitive Cutting\u201c Show by Reto Camichel<span class=\"Apple-converted-space\">\u00a0<\/span><\/b><b><\/b><\/p><p>Der geb\u00fcrtige Schweizer Reto Camichel ist Educator, Salonbesitzer und Hairstylist und lebt seit langer Zeit in S\u00fcdafrika. Er ist Global Advocate f\u00fcr AUTHENTIC BEAUTY CONCEPT und begeisterte das Publikum mit einem Look &amp; Learn zum Thema intuitives Haareschneiden. Neben seiner Haarkunst zeigte Reto auch ein fulminantes Finale f\u00fcr das Community Gathering, indem er unter dem Motto \u201eThe New Feminine Rising\u201c mithilfe von Modellierton live ein Kunstwerk auf dem Kopf einer T\u00e4nzerin gestaltete.<span class=\"Apple-converted-space\">\u00a0<\/span><\/p><p><strong><span class=\"Apple-converted-space\">\u00a0<\/span>Die Workshops:<span class=\"Apple-converted-space\">\u00a0<\/span><\/strong><\/p><p><b>Salon Journey x The Washhouse<span class=\"Apple-converted-space\">\u00a0<\/span><\/b><b><\/b><\/p><p>Im Rahmen dieses Workshops nahm Saloninhaber Marcus K\u00f6hler (Salon &#8222;The Colorbar&#8220; in Darmstadt) die G\u00e4ste mit auf eine einzigartige Reise durch seinen Salon. Ein Erlebnis f\u00fcr alle Sinne, begleitet durch AUTHENTIC BEAUTY CONCEPT Sales Manager Markus Schillmaier.<span class=\"Apple-converted-space\">\u00a0<\/span><\/p><p><b>\u201eInnovation Outlook 2025\u201d<span class=\"Apple-converted-space\">\u00a0<\/span><\/b><b><\/b><\/p><p>Beim Workshop Innovation Outlook 2025 gaben AUTHENTIC BEAUTY CONCEPT Laborantin Marlene Battermann sowie Global Brand Managerin Stephanie Heseler Einblicke in die geplante Projekte f\u00fcr das kommende Jahr \u2013 mit speziellem Fokus auf den Relaunch der Replenish Serie, der im Mai 2025 stattfinden wird. Die G\u00e4ste hatten die Gelegenheiten die neuen Produkte mit allen Sinnen zu erleben und auszuprobieren, sowie Fragen zu stellen und Feedback zu geben.<span class=\"Apple-converted-space\">\u00a0<\/span><\/p><p><b>Styling-Workshop \u201eAuthentic Styling\u201c<span class=\"Apple-converted-space\">\u00a0<\/span><\/b><b><\/b><\/p><p>Im Rahmen eines 25-min\u00fctigen Styling-Workshops hatte die Community die Gelegenheit, Models mit den AUTHENTIC BEAUTY CONCEPT Stylingprodukte zu stylen. Mit Rat und Tat standen dabei die Advocates Daniele Dragotta sowie Zaneta Thoma zur Seite.<span class=\"Apple-converted-space\">\u00a0<\/span><\/p><p><b>Soundbath by Lisa Schuster<span class=\"Apple-converted-space\">\u00a0<\/span><\/b><b><\/b><\/p><p>Lisa Schuster ist \u00c4rztin, Sound- und Yogatherapeutin und Meditations-Lehrerin und entf\u00fchrte die Teilnehmenden im Rahmen einer Sound Bath Meditation mithilfe von Klangschalen in die Welt der Kl\u00e4nge.<span class=\"Apple-converted-space\">\u00a0<\/span><\/p><p>Im Rahmen der Aftershow-Party sorgte Djane \u201eTHE\u00b7RESA\u201c f\u00fcr gute Stimmung im werk3studio, wo im Anschluss an den inspirierenden Tag der Abend noch dazu genutzt wurde, zu connecten und bei leckerem Food &amp; Drinks zu feiern.<span class=\"Apple-converted-space\">\u00a0<\/span><\/p><p><b>AUTHENTIC BEAUTY CONCEPT ist eine ganzheitliche Premium-Marke, die gemeinsam mit einem einzigartigen Friseurkollektiv entwickelt wurde, um einen neuen Weg zu authentischer Sch\u00f6nheit zu beschreiten.<span class=\"Apple-converted-space\">\u00a0<\/span><\/b><b><\/b><\/p><p><b>AUTHENTIC BEAUTY CONCEPT: Online &amp; Social:<span class=\"Apple-converted-space\">\u00a0<\/span><\/b><b><\/b><\/p><p>Um mehr \u00fcber das Engagement der Marke f\u00fcr Nachhaltigkeit zu erfahren, besuche die Website von AUTHENTIC BEAUTY CONCEPT: <b>authenticbeautyconcept.de<\/b>.<span class=\"Apple-converted-space\">\u00a0<\/span><\/p><p>\u00a0<\/p><p>\u00a0<\/p>\t\t\t\t\t\t\t\t<\/div>\n\t\t\t\t<\/div>\n\t\t\t\t<div class=\"elementor-element elementor-element-9786dd0 elementor-widget elementor-widget-gallery\" data-id=\"9786dd0\" data-element_type=\"widget\" data-e-type=\"widget\" data-settings=\"{&quot;gallery_layout&quot;:&quot;justified&quot;,&quot;lazyload&quot;:&quot;yes&quot;,&quot;ideal_row_height&quot;:{&quot;unit&quot;:&quot;px&quot;,&quot;size&quot;:200,&quot;sizes&quot;:[]},&quot;ideal_row_height_tablet&quot;:{&quot;unit&quot;:&quot;px&quot;,&quot;size&quot;:150,&quot;sizes&quot;:[]},&quot;ideal_row_height_mobile&quot;:{&quot;unit&quot;:&quot;px&quot;,&quot;size&quot;:150,&quot;sizes&quot;:[]},&quot;gap&quot;:{&quot;unit&quot;:&quot;px&quot;,&quot;size&quot;:10,&quot;sizes&quot;:[]},&quot;gap_tablet&quot;:{&quot;unit&quot;:&quot;px&quot;,&quot;size&quot;:10,&quot;sizes&quot;:[]},&quot;gap_mobile&quot;:{&quot;unit&quot;:&quot;px&quot;,&quot;size&quot;:10,&quot;sizes&quot;:[]},&quot;link_to&quot;:&quot;file&quot;,&quot;overlay_background&quot;:&quot;yes&quot;,&quot;content_hover_animation&quot;:&quot;fade-in&quot;}\" data-widget_type=\"gallery.default\">\n\t\t\t\t<div class=\"elementor-widget-container\">\n\t\t\t\t\t\t\t<div class=\"elementor-gallery__container\">\n\t\t\t\t\t\t\t<a class=\"e-gallery-item elementor-gallery-item elementor-animated-content\" href=\"http:\/\/www.deroesterreichischefriseur.at\/wp-content\/uploads\/2024\/11\/20241020-DSC02685.jpg\" data-elementor-open-lightbox=\"yes\" data-elementor-lightbox-slideshow=\"9786dd0\" data-elementor-lightbox-title=\"20241020-DSC02685\" data-e-action-hash=\"#elementor-action%3Aaction%3Dlightbox%26settings%3DeyJpZCI6MTk4MywidXJsIjoiaHR0cDpcL1wvd3d3LmRlcm9lc3RlcnJlaWNoaXNjaGVmcmlzZXVyLmF0XC93cC1jb250ZW50XC91cGxvYWRzXC8yMDI0XC8xMVwvMjAyNDEwMjAtRFNDMDI2ODUuanBnIiwic2xpZGVzaG93IjoiOTc4NmRkMCJ9\">\n\t\t\t\t\t<div class=\"e-gallery-image elementor-gallery-item__image\" data-thumbnail=\"http:\/\/www.deroesterreichischefriseur.at\/wp-content\/uploads\/2024\/11\/20241020-DSC02685-300x200.jpg\" data-width=\"300\" data-height=\"200\" aria-label=\"\" role=\"img\" ><\/div>\n\t\t\t\t\t\t\t\t\t\t\t<div class=\"elementor-gallery-item__overlay\"><\/div>\n\t\t\t\t\t\t\t\t\t\t\t\t\t\t<\/a>\n\t\t\t\t\t\t\t<a class=\"e-gallery-item elementor-gallery-item elementor-animated-content\" href=\"http:\/\/www.deroesterreichischefriseur.at\/wp-content\/uploads\/2024\/11\/20241020-DSC02786.jpg\" data-elementor-open-lightbox=\"yes\" data-elementor-lightbox-slideshow=\"9786dd0\" data-elementor-lightbox-title=\"20241020-DSC02786\" data-e-action-hash=\"#elementor-action%3Aaction%3Dlightbox%26settings%3DeyJpZCI6MTk4OSwidXJsIjoiaHR0cDpcL1wvd3d3LmRlcm9lc3RlcnJlaWNoaXNjaGVmcmlzZXVyLmF0XC93cC1jb250ZW50XC91cGxvYWRzXC8yMDI0XC8xMVwvMjAyNDEwMjAtRFNDMDI3ODYuanBnIiwic2xpZGVzaG93IjoiOTc4NmRkMCJ9\">\n\t\t\t\t\t<div class=\"e-gallery-image elementor-gallery-item__image\" data-thumbnail=\"http:\/\/www.deroesterreichischefriseur.at\/wp-content\/uploads\/2024\/11\/20241020-DSC02786-300x200.jpg\" data-width=\"300\" data-height=\"200\" aria-label=\"\" role=\"img\" ><\/div>\n\t\t\t\t\t\t\t\t\t\t\t<div class=\"elementor-gallery-item__overlay\"><\/div>\n\t\t\t\t\t\t\t\t\t\t\t\t\t\t<\/a>\n\t\t\t\t\t\t\t<a class=\"e-gallery-item elementor-gallery-item elementor-animated-content\" href=\"http:\/\/www.deroesterreichischefriseur.at\/wp-content\/uploads\/2024\/11\/20241020-DSC02738.jpg\" data-elementor-open-lightbox=\"yes\" data-elementor-lightbox-slideshow=\"9786dd0\" data-elementor-lightbox-title=\"20241020-DSC02738\" data-e-action-hash=\"#elementor-action%3Aaction%3Dlightbox%26settings%3DeyJpZCI6MTk4NiwidXJsIjoiaHR0cDpcL1wvd3d3LmRlcm9lc3RlcnJlaWNoaXNjaGVmcmlzZXVyLmF0XC93cC1jb250ZW50XC91cGxvYWRzXC8yMDI0XC8xMVwvMjAyNDEwMjAtRFNDMDI3MzguanBnIiwic2xpZGVzaG93IjoiOTc4NmRkMCJ9\">\n\t\t\t\t\t<div class=\"e-gallery-image elementor-gallery-item__image\" data-thumbnail=\"http:\/\/www.deroesterreichischefriseur.at\/wp-content\/uploads\/2024\/11\/20241020-DSC02738-300x200.jpg\" data-width=\"300\" data-height=\"200\" aria-label=\"\" role=\"img\" ><\/div>\n\t\t\t\t\t\t\t\t\t\t\t<div class=\"elementor-gallery-item__overlay\"><\/div>\n\t\t\t\t\t\t\t\t\t\t\t\t\t\t<\/a>\n\t\t\t\t\t\t\t<a class=\"e-gallery-item elementor-gallery-item elementor-animated-content\" href=\"http:\/\/www.deroesterreichischefriseur.at\/wp-content\/uploads\/2024\/11\/20241020-DSC02603.jpg\" data-elementor-open-lightbox=\"yes\" data-elementor-lightbox-slideshow=\"9786dd0\" data-elementor-lightbox-title=\"20241020-DSC02603\" data-e-action-hash=\"#elementor-action%3Aaction%3Dlightbox%26settings%3DeyJpZCI6MTk3OSwidXJsIjoiaHR0cDpcL1wvd3d3LmRlcm9lc3RlcnJlaWNoaXNjaGVmcmlzZXVyLmF0XC93cC1jb250ZW50XC91cGxvYWRzXC8yMDI0XC8xMVwvMjAyNDEwMjAtRFNDMDI2MDMuanBnIiwic2xpZGVzaG93IjoiOTc4NmRkMCJ9\">\n\t\t\t\t\t<div class=\"e-gallery-image elementor-gallery-item__image\" data-thumbnail=\"http:\/\/www.deroesterreichischefriseur.at\/wp-content\/uploads\/2024\/11\/20241020-DSC02603-200x300.jpg\" data-width=\"200\" data-height=\"300\" aria-label=\"\" role=\"img\" ><\/div>\n\t\t\t\t\t\t\t\t\t\t\t<div class=\"elementor-gallery-item__overlay\"><\/div>\n\t\t\t\t\t\t\t\t\t\t\t\t\t\t<\/a>\n\t\t\t\t\t\t\t<a class=\"e-gallery-item elementor-gallery-item elementor-animated-content\" href=\"http:\/\/www.deroesterreichischefriseur.at\/wp-content\/uploads\/2024\/11\/20241020-DSC02447.jpg\" data-elementor-open-lightbox=\"yes\" data-elementor-lightbox-slideshow=\"9786dd0\" data-elementor-lightbox-title=\"20241020-DSC02447\" data-e-action-hash=\"#elementor-action%3Aaction%3Dlightbox%26settings%3DeyJpZCI6MTk3MiwidXJsIjoiaHR0cDpcL1wvd3d3LmRlcm9lc3RlcnJlaWNoaXNjaGVmcmlzZXVyLmF0XC93cC1jb250ZW50XC91cGxvYWRzXC8yMDI0XC8xMVwvMjAyNDEwMjAtRFNDMDI0NDcuanBnIiwic2xpZGVzaG93IjoiOTc4NmRkMCJ9\">\n\t\t\t\t\t<div class=\"e-gallery-image elementor-gallery-item__image\" data-thumbnail=\"http:\/\/www.deroesterreichischefriseur.at\/wp-content\/uploads\/2024\/11\/20241020-DSC02447-300x200.jpg\" data-width=\"300\" data-height=\"200\" aria-label=\"\" role=\"img\" ><\/div>\n\t\t\t\t\t\t\t\t\t\t\t<div class=\"elementor-gallery-item__overlay\"><\/div>\n\t\t\t\t\t\t\t\t\t\t\t\t\t\t<\/a>\n\t\t\t\t\t\t\t<a class=\"e-gallery-item elementor-gallery-item elementor-animated-content\" href=\"http:\/\/www.deroesterreichischefriseur.at\/wp-content\/uploads\/2024\/11\/20241020-DSC02708.jpg\" data-elementor-open-lightbox=\"yes\" data-elementor-lightbox-slideshow=\"9786dd0\" data-elementor-lightbox-title=\"20241020-DSC02708\" data-e-action-hash=\"#elementor-action%3Aaction%3Dlightbox%26settings%3DeyJpZCI6MTk4NCwidXJsIjoiaHR0cDpcL1wvd3d3LmRlcm9lc3RlcnJlaWNoaXNjaGVmcmlzZXVyLmF0XC93cC1jb250ZW50XC91cGxvYWRzXC8yMDI0XC8xMVwvMjAyNDEwMjAtRFNDMDI3MDguanBnIiwic2xpZGVzaG93IjoiOTc4NmRkMCJ9\">\n\t\t\t\t\t<div class=\"e-gallery-image elementor-gallery-item__image\" data-thumbnail=\"http:\/\/www.deroesterreichischefriseur.at\/wp-content\/uploads\/2024\/11\/20241020-DSC02708-300x200.jpg\" data-width=\"300\" data-height=\"200\" aria-label=\"\" role=\"img\" ><\/div>\n\t\t\t\t\t\t\t\t\t\t\t<div class=\"elementor-gallery-item__overlay\"><\/div>\n\t\t\t\t\t\t\t\t\t\t\t\t\t\t<\/a>\n\t\t\t\t\t\t\t<a class=\"e-gallery-item elementor-gallery-item elementor-animated-content\" href=\"http:\/\/www.deroesterreichischefriseur.at\/wp-content\/uploads\/2024\/11\/20241020-DSC02783.jpg\" data-elementor-open-lightbox=\"yes\" data-elementor-lightbox-slideshow=\"9786dd0\" data-elementor-lightbox-title=\"20241020-DSC02783\" data-e-action-hash=\"#elementor-action%3Aaction%3Dlightbox%26settings%3DeyJpZCI6MTk4OCwidXJsIjoiaHR0cDpcL1wvd3d3LmRlcm9lc3RlcnJlaWNoaXNjaGVmcmlzZXVyLmF0XC93cC1jb250ZW50XC91cGxvYWRzXC8yMDI0XC8xMVwvMjAyNDEwMjAtRFNDMDI3ODMuanBnIiwic2xpZGVzaG93IjoiOTc4NmRkMCJ9\">\n\t\t\t\t\t<div class=\"e-gallery-image elementor-gallery-item__image\" data-thumbnail=\"http:\/\/www.deroesterreichischefriseur.at\/wp-content\/uploads\/2024\/11\/20241020-DSC02783-300x200.jpg\" data-width=\"300\" data-height=\"200\" aria-label=\"\" role=\"img\" ><\/div>\n\t\t\t\t\t\t\t\t\t\t\t<div class=\"elementor-gallery-item__overlay\"><\/div>\n\t\t\t\t\t\t\t\t\t\t\t\t\t\t<\/a>\n\t\t\t\t\t\t\t<a class=\"e-gallery-item elementor-gallery-item elementor-animated-content\" href=\"http:\/\/www.deroesterreichischefriseur.at\/wp-content\/uploads\/2024\/11\/20241020-DSC04055.jpg\" data-elementor-open-lightbox=\"yes\" data-elementor-lightbox-slideshow=\"9786dd0\" data-elementor-lightbox-title=\"20241020-DSC04055\" data-e-action-hash=\"#elementor-action%3Aaction%3Dlightbox%26settings%3DeyJpZCI6MjAwMCwidXJsIjoiaHR0cDpcL1wvd3d3LmRlcm9lc3RlcnJlaWNoaXNjaGVmcmlzZXVyLmF0XC93cC1jb250ZW50XC91cGxvYWRzXC8yMDI0XC8xMVwvMjAyNDEwMjAtRFNDMDQwNTUuanBnIiwic2xpZGVzaG93IjoiOTc4NmRkMCJ9\">\n\t\t\t\t\t<div class=\"e-gallery-image elementor-gallery-item__image\" data-thumbnail=\"http:\/\/www.deroesterreichischefriseur.at\/wp-content\/uploads\/2024\/11\/20241020-DSC04055-200x300.jpg\" data-width=\"200\" data-height=\"300\" aria-label=\"\" role=\"img\" ><\/div>\n\t\t\t\t\t\t\t\t\t\t\t<div class=\"elementor-gallery-item__overlay\"><\/div>\n\t\t\t\t\t\t\t\t\t\t\t\t\t\t<\/a>\n\t\t\t\t\t\t\t<a class=\"e-gallery-item elementor-gallery-item elementor-animated-content\" href=\"http:\/\/www.deroesterreichischefriseur.at\/wp-content\/uploads\/2024\/11\/20241020-DSC02545.jpg\" data-elementor-open-lightbox=\"yes\" data-elementor-lightbox-slideshow=\"9786dd0\" data-elementor-lightbox-title=\"20241020-DSC02545\" data-e-action-hash=\"#elementor-action%3Aaction%3Dlightbox%26settings%3DeyJpZCI6MTk3NSwidXJsIjoiaHR0cDpcL1wvd3d3LmRlcm9lc3RlcnJlaWNoaXNjaGVmcmlzZXVyLmF0XC93cC1jb250ZW50XC91cGxvYWRzXC8yMDI0XC8xMVwvMjAyNDEwMjAtRFNDMDI1NDUuanBnIiwic2xpZGVzaG93IjoiOTc4NmRkMCJ9\">\n\t\t\t\t\t<div class=\"e-gallery-image elementor-gallery-item__image\" data-thumbnail=\"http:\/\/www.deroesterreichischefriseur.at\/wp-content\/uploads\/2024\/11\/20241020-DSC02545-300x200.jpg\" data-width=\"300\" data-height=\"200\" aria-label=\"\" role=\"img\" ><\/div>\n\t\t\t\t\t\t\t\t\t\t\t<div class=\"elementor-gallery-item__overlay\"><\/div>\n\t\t\t\t\t\t\t\t\t\t\t\t\t\t<\/a>\n\t\t\t\t\t\t\t<a class=\"e-gallery-item elementor-gallery-item elementor-animated-content\" href=\"http:\/\/www.deroesterreichischefriseur.at\/wp-content\/uploads\/2024\/11\/20241020-DSC02520.jpg\" data-elementor-open-lightbox=\"yes\" data-elementor-lightbox-slideshow=\"9786dd0\" data-elementor-lightbox-title=\"20241020-DSC02520\" data-e-action-hash=\"#elementor-action%3Aaction%3Dlightbox%26settings%3DeyJpZCI6MTk3MywidXJsIjoiaHR0cDpcL1wvd3d3LmRlcm9lc3RlcnJlaWNoaXNjaGVmcmlzZXVyLmF0XC93cC1jb250ZW50XC91cGxvYWRzXC8yMDI0XC8xMVwvMjAyNDEwMjAtRFNDMDI1MjAuanBnIiwic2xpZGVzaG93IjoiOTc4NmRkMCJ9\">\n\t\t\t\t\t<div class=\"e-gallery-image elementor-gallery-item__image\" data-thumbnail=\"http:\/\/www.deroesterreichischefriseur.at\/wp-content\/uploads\/2024\/11\/20241020-DSC02520-300x200.jpg\" data-width=\"300\" data-height=\"200\" aria-label=\"\" role=\"img\" ><\/div>\n\t\t\t\t\t\t\t\t\t\t\t<div class=\"elementor-gallery-item__overlay\"><\/div>\n\t\t\t\t\t\t\t\t\t\t\t\t\t\t<\/a>\n\t\t\t\t\t\t\t<a class=\"e-gallery-item elementor-gallery-item elementor-animated-content\" href=\"http:\/\/www.deroesterreichischefriseur.at\/wp-content\/uploads\/2024\/11\/20241020-DSC02594.jpg\" data-elementor-open-lightbox=\"yes\" data-elementor-lightbox-slideshow=\"9786dd0\" data-elementor-lightbox-title=\"20241020-DSC02594\" data-e-action-hash=\"#elementor-action%3Aaction%3Dlightbox%26settings%3DeyJpZCI6MTk3OCwidXJsIjoiaHR0cDpcL1wvd3d3LmRlcm9lc3RlcnJlaWNoaXNjaGVmcmlzZXVyLmF0XC93cC1jb250ZW50XC91cGxvYWRzXC8yMDI0XC8xMVwvMjAyNDEwMjAtRFNDMDI1OTQuanBnIiwic2xpZGVzaG93IjoiOTc4NmRkMCJ9\">\n\t\t\t\t\t<div class=\"e-gallery-image elementor-gallery-item__image\" data-thumbnail=\"http:\/\/www.deroesterreichischefriseur.at\/wp-content\/uploads\/2024\/11\/20241020-DSC02594-300x200.jpg\" data-width=\"300\" data-height=\"200\" aria-label=\"\" role=\"img\" ><\/div>\n\t\t\t\t\t\t\t\t\t\t\t<div class=\"elementor-gallery-item__overlay\"><\/div>\n\t\t\t\t\t\t\t\t\t\t\t\t\t\t<\/a>\n\t\t\t\t\t\t\t<a class=\"e-gallery-item elementor-gallery-item elementor-animated-content\" href=\"http:\/\/www.deroesterreichischefriseur.at\/wp-content\/uploads\/2024\/11\/20241020-DSC03934.jpg\" data-elementor-open-lightbox=\"yes\" data-elementor-lightbox-slideshow=\"9786dd0\" data-elementor-lightbox-title=\"20241020-DSC03934\" data-e-action-hash=\"#elementor-action%3Aaction%3Dlightbox%26settings%3DeyJpZCI6MTk5OCwidXJsIjoiaHR0cDpcL1wvd3d3LmRlcm9lc3RlcnJlaWNoaXNjaGVmcmlzZXVyLmF0XC93cC1jb250ZW50XC91cGxvYWRzXC8yMDI0XC8xMVwvMjAyNDEwMjAtRFNDMDM5MzQuanBnIiwic2xpZGVzaG93IjoiOTc4NmRkMCJ9\">\n\t\t\t\t\t<div class=\"e-gallery-image elementor-gallery-item__image\" data-thumbnail=\"http:\/\/www.deroesterreichischefriseur.at\/wp-content\/uploads\/2024\/11\/20241020-DSC03934-300x200.jpg\" data-width=\"300\" data-height=\"200\" aria-label=\"\" role=\"img\" ><\/div>\n\t\t\t\t\t\t\t\t\t\t\t<div class=\"elementor-gallery-item__overlay\"><\/div>\n\t\t\t\t\t\t\t\t\t\t\t\t\t\t<\/a>\n\t\t\t\t\t\t\t<a class=\"e-gallery-item elementor-gallery-item elementor-animated-content\" href=\"http:\/\/www.deroesterreichischefriseur.at\/wp-content\/uploads\/2024\/11\/20241020-DSC02356.jpg\" data-elementor-open-lightbox=\"yes\" data-elementor-lightbox-slideshow=\"9786dd0\" data-elementor-lightbox-title=\"20241020-DSC02356\" data-e-action-hash=\"#elementor-action%3Aaction%3Dlightbox%26settings%3DeyJpZCI6MTk2OCwidXJsIjoiaHR0cDpcL1wvd3d3LmRlcm9lc3RlcnJlaWNoaXNjaGVmcmlzZXVyLmF0XC93cC1jb250ZW50XC91cGxvYWRzXC8yMDI0XC8xMVwvMjAyNDEwMjAtRFNDMDIzNTYuanBnIiwic2xpZGVzaG93IjoiOTc4NmRkMCJ9\">\n\t\t\t\t\t<div class=\"e-gallery-image elementor-gallery-item__image\" data-thumbnail=\"http:\/\/www.deroesterreichischefriseur.at\/wp-content\/uploads\/2024\/11\/20241020-DSC02356-300x200.jpg\" data-width=\"300\" data-height=\"200\" aria-label=\"\" role=\"img\" ><\/div>\n\t\t\t\t\t\t\t\t\t\t\t<div class=\"elementor-gallery-item__overlay\"><\/div>\n\t\t\t\t\t\t\t\t\t\t\t\t\t\t<\/a>\n\t\t\t\t\t\t\t<a class=\"e-gallery-item elementor-gallery-item elementor-animated-content\" href=\"http:\/\/www.deroesterreichischefriseur.at\/wp-content\/uploads\/2024\/11\/20241020-DSC03884.jpg\" data-elementor-open-lightbox=\"yes\" data-elementor-lightbox-slideshow=\"9786dd0\" data-elementor-lightbox-title=\"20241020-DSC03884\" data-e-action-hash=\"#elementor-action%3Aaction%3Dlightbox%26settings%3DeyJpZCI6MTk5NiwidXJsIjoiaHR0cDpcL1wvd3d3LmRlcm9lc3RlcnJlaWNoaXNjaGVmcmlzZXVyLmF0XC93cC1jb250ZW50XC91cGxvYWRzXC8yMDI0XC8xMVwvMjAyNDEwMjAtRFNDMDM4ODQuanBnIiwic2xpZGVzaG93IjoiOTc4NmRkMCJ9\">\n\t\t\t\t\t<div class=\"e-gallery-image elementor-gallery-item__image\" data-thumbnail=\"http:\/\/www.deroesterreichischefriseur.at\/wp-content\/uploads\/2024\/11\/20241020-DSC03884-300x200.jpg\" data-width=\"300\" data-height=\"200\" aria-label=\"\" role=\"img\" ><\/div>\n\t\t\t\t\t\t\t\t\t\t\t<div class=\"elementor-gallery-item__overlay\"><\/div>\n\t\t\t\t\t\t\t\t\t\t\t\t\t\t<\/a>\n\t\t\t\t\t\t\t<a class=\"e-gallery-item elementor-gallery-item elementor-animated-content\" href=\"http:\/\/www.deroesterreichischefriseur.at\/wp-content\/uploads\/2024\/11\/20241020-DSC02532.jpg\" data-elementor-open-lightbox=\"yes\" data-elementor-lightbox-slideshow=\"9786dd0\" data-elementor-lightbox-title=\"20241020-DSC02532\" data-e-action-hash=\"#elementor-action%3Aaction%3Dlightbox%26settings%3DeyJpZCI6MTk3NCwidXJsIjoiaHR0cDpcL1wvd3d3LmRlcm9lc3RlcnJlaWNoaXNjaGVmcmlzZXVyLmF0XC93cC1jb250ZW50XC91cGxvYWRzXC8yMDI0XC8xMVwvMjAyNDEwMjAtRFNDMDI1MzIuanBnIiwic2xpZGVzaG93IjoiOTc4NmRkMCJ9\">\n\t\t\t\t\t<div class=\"e-gallery-image elementor-gallery-item__image\" data-thumbnail=\"http:\/\/www.deroesterreichischefriseur.at\/wp-content\/uploads\/2024\/11\/20241020-DSC02532-300x200.jpg\" data-width=\"300\" data-height=\"200\" aria-label=\"\" role=\"img\" ><\/div>\n\t\t\t\t\t\t\t\t\t\t\t<div class=\"elementor-gallery-item__overlay\"><\/div>\n\t\t\t\t\t\t\t\t\t\t\t\t\t\t<\/a>\n\t\t\t\t\t\t\t<a class=\"e-gallery-item elementor-gallery-item elementor-animated-content\" href=\"http:\/\/www.deroesterreichischefriseur.at\/wp-content\/uploads\/2024\/11\/20241020-DSC03882.jpg\" data-elementor-open-lightbox=\"yes\" data-elementor-lightbox-slideshow=\"9786dd0\" data-elementor-lightbox-title=\"20241020-DSC03882\" data-e-action-hash=\"#elementor-action%3Aaction%3Dlightbox%26settings%3DeyJpZCI6MTk5NSwidXJsIjoiaHR0cDpcL1wvd3d3LmRlcm9lc3RlcnJlaWNoaXNjaGVmcmlzZXVyLmF0XC93cC1jb250ZW50XC91cGxvYWRzXC8yMDI0XC8xMVwvMjAyNDEwMjAtRFNDMDM4ODIuanBnIiwic2xpZGVzaG93IjoiOTc4NmRkMCJ9\">\n\t\t\t\t\t<div class=\"e-gallery-image elementor-gallery-item__image\" data-thumbnail=\"http:\/\/www.deroesterreichischefriseur.at\/wp-content\/uploads\/2024\/11\/20241020-DSC03882-300x200.jpg\" data-width=\"300\" data-height=\"200\" aria-label=\"\" role=\"img\" ><\/div>\n\t\t\t\t\t\t\t\t\t\t\t<div class=\"elementor-gallery-item__overlay\"><\/div>\n\t\t\t\t\t\t\t\t\t\t\t\t\t\t<\/a>\n\t\t\t\t\t\t\t<a class=\"e-gallery-item elementor-gallery-item elementor-animated-content\" href=\"http:\/\/www.deroesterreichischefriseur.at\/wp-content\/uploads\/2024\/11\/20241021-DSC04079.jpg\" data-elementor-open-lightbox=\"yes\" data-elementor-lightbox-slideshow=\"9786dd0\" data-elementor-lightbox-title=\"20241021-DSC04079\" data-e-action-hash=\"#elementor-action%3Aaction%3Dlightbox%26settings%3DeyJpZCI6MjAwMywidXJsIjoiaHR0cDpcL1wvd3d3LmRlcm9lc3RlcnJlaWNoaXNjaGVmcmlzZXVyLmF0XC93cC1jb250ZW50XC91cGxvYWRzXC8yMDI0XC8xMVwvMjAyNDEwMjEtRFNDMDQwNzkuanBnIiwic2xpZGVzaG93IjoiOTc4NmRkMCJ9\">\n\t\t\t\t\t<div class=\"e-gallery-image elementor-gallery-item__image\" data-thumbnail=\"http:\/\/www.deroesterreichischefriseur.at\/wp-content\/uploads\/2024\/11\/20241021-DSC04079-300x200.jpg\" data-width=\"300\" data-height=\"200\" aria-label=\"\" role=\"img\" ><\/div>\n\t\t\t\t\t\t\t\t\t\t\t<div class=\"elementor-gallery-item__overlay\"><\/div>\n\t\t\t\t\t\t\t\t\t\t\t\t\t\t<\/a>\n\t\t\t\t\t\t\t<a class=\"e-gallery-item elementor-gallery-item elementor-animated-content\" href=\"http:\/\/www.deroesterreichischefriseur.at\/wp-content\/uploads\/2024\/11\/20241020-DSC02433.jpg\" data-elementor-open-lightbox=\"yes\" data-elementor-lightbox-slideshow=\"9786dd0\" data-elementor-lightbox-title=\"20241020-DSC02433\" data-e-action-hash=\"#elementor-action%3Aaction%3Dlightbox%26settings%3DeyJpZCI6MTk3MSwidXJsIjoiaHR0cDpcL1wvd3d3LmRlcm9lc3RlcnJlaWNoaXNjaGVmcmlzZXVyLmF0XC93cC1jb250ZW50XC91cGxvYWRzXC8yMDI0XC8xMVwvMjAyNDEwMjAtRFNDMDI0MzMuanBnIiwic2xpZGVzaG93IjoiOTc4NmRkMCJ9\">\n\t\t\t\t\t<div class=\"e-gallery-image elementor-gallery-item__image\" data-thumbnail=\"http:\/\/www.deroesterreichischefriseur.at\/wp-content\/uploads\/2024\/11\/20241020-DSC02433-300x200.jpg\" data-width=\"300\" data-height=\"200\" aria-label=\"\" role=\"img\" ><\/div>\n\t\t\t\t\t\t\t\t\t\t\t<div class=\"elementor-gallery-item__overlay\"><\/div>\n\t\t\t\t\t\t\t\t\t\t\t\t\t\t<\/a>\n\t\t\t\t\t\t\t<a class=\"e-gallery-item elementor-gallery-item elementor-animated-content\" href=\"http:\/\/www.deroesterreichischefriseur.at\/wp-content\/uploads\/2024\/11\/20241020-DSC02204.jpg\" data-elementor-open-lightbox=\"yes\" data-elementor-lightbox-slideshow=\"9786dd0\" data-elementor-lightbox-title=\"20241020-DSC02204\" data-e-action-hash=\"#elementor-action%3Aaction%3Dlightbox%26settings%3DeyJpZCI6MTk2MSwidXJsIjoiaHR0cDpcL1wvd3d3LmRlcm9lc3RlcnJlaWNoaXNjaGVmcmlzZXVyLmF0XC93cC1jb250ZW50XC91cGxvYWRzXC8yMDI0XC8xMVwvMjAyNDEwMjAtRFNDMDIyMDQuanBnIiwic2xpZGVzaG93IjoiOTc4NmRkMCJ9\">\n\t\t\t\t\t<div class=\"e-gallery-image elementor-gallery-item__image\" data-thumbnail=\"http:\/\/www.deroesterreichischefriseur.at\/wp-content\/uploads\/2024\/11\/20241020-DSC02204-300x200.jpg\" data-width=\"300\" data-height=\"200\" aria-label=\"\" role=\"img\" ><\/div>\n\t\t\t\t\t\t\t\t\t\t\t<div class=\"elementor-gallery-item__overlay\"><\/div>\n\t\t\t\t\t\t\t\t\t\t\t\t\t\t<\/a>\n\t\t\t\t\t\t\t<a class=\"e-gallery-item elementor-gallery-item elementor-animated-content\" href=\"http:\/\/www.deroesterreichischefriseur.at\/wp-content\/uploads\/2024\/11\/20241020-DSC02239.jpg\" data-elementor-open-lightbox=\"yes\" data-elementor-lightbox-slideshow=\"9786dd0\" data-elementor-lightbox-title=\"20241020-DSC02239\" data-e-action-hash=\"#elementor-action%3Aaction%3Dlightbox%26settings%3DeyJpZCI6MTk2MiwidXJsIjoiaHR0cDpcL1wvd3d3LmRlcm9lc3RlcnJlaWNoaXNjaGVmcmlzZXVyLmF0XC93cC1jb250ZW50XC91cGxvYWRzXC8yMDI0XC8xMVwvMjAyNDEwMjAtRFNDMDIyMzkuanBnIiwic2xpZGVzaG93IjoiOTc4NmRkMCJ9\">\n\t\t\t\t\t<div class=\"e-gallery-image elementor-gallery-item__image\" data-thumbnail=\"http:\/\/www.deroesterreichischefriseur.at\/wp-content\/uploads\/2024\/11\/20241020-DSC02239-300x200.jpg\" data-width=\"300\" data-height=\"200\" aria-label=\"\" role=\"img\" ><\/div>\n\t\t\t\t\t\t\t\t\t\t\t<div class=\"elementor-gallery-item__overlay\"><\/div>\n\t\t\t\t\t\t\t\t\t\t\t\t\t\t<\/a>\n\t\t\t\t\t\t\t<a class=\"e-gallery-item elementor-gallery-item elementor-animated-content\" href=\"http:\/\/www.deroesterreichischefriseur.at\/wp-content\/uploads\/2024\/11\/20241020-DSC03785.jpg\" data-elementor-open-lightbox=\"yes\" data-elementor-lightbox-slideshow=\"9786dd0\" data-elementor-lightbox-title=\"20241020-DSC03785\" data-e-action-hash=\"#elementor-action%3Aaction%3Dlightbox%26settings%3DeyJpZCI6MTk5MiwidXJsIjoiaHR0cDpcL1wvd3d3LmRlcm9lc3RlcnJlaWNoaXNjaGVmcmlzZXVyLmF0XC93cC1jb250ZW50XC91cGxvYWRzXC8yMDI0XC8xMVwvMjAyNDEwMjAtRFNDMDM3ODUuanBnIiwic2xpZGVzaG93IjoiOTc4NmRkMCJ9\">\n\t\t\t\t\t<div class=\"e-gallery-image elementor-gallery-item__image\" data-thumbnail=\"http:\/\/www.deroesterreichischefriseur.at\/wp-content\/uploads\/2024\/11\/20241020-DSC03785-300x200.jpg\" data-width=\"300\" data-height=\"200\" aria-label=\"\" role=\"img\" ><\/div>\n\t\t\t\t\t\t\t\t\t\t\t<div class=\"elementor-gallery-item__overlay\"><\/div>\n\t\t\t\t\t\t\t\t\t\t\t\t\t\t<\/a>\n\t\t\t\t\t\t\t<a class=\"e-gallery-item elementor-gallery-item elementor-animated-content\" href=\"http:\/\/www.deroesterreichischefriseur.at\/wp-content\/uploads\/2024\/11\/20241020-DSC02769.jpg\" data-elementor-open-lightbox=\"yes\" data-elementor-lightbox-slideshow=\"9786dd0\" data-elementor-lightbox-title=\"20241020-DSC02769\" data-e-action-hash=\"#elementor-action%3Aaction%3Dlightbox%26settings%3DeyJpZCI6MTk4NywidXJsIjoiaHR0cDpcL1wvd3d3LmRlcm9lc3RlcnJlaWNoaXNjaGVmcmlzZXVyLmF0XC93cC1jb250ZW50XC91cGxvYWRzXC8yMDI0XC8xMVwvMjAyNDEwMjAtRFNDMDI3NjkuanBnIiwic2xpZGVzaG93IjoiOTc4NmRkMCJ9\">\n\t\t\t\t\t<div class=\"e-gallery-image elementor-gallery-item__image\" data-thumbnail=\"http:\/\/www.deroesterreichischefriseur.at\/wp-content\/uploads\/2024\/11\/20241020-DSC02769-300x200.jpg\" data-width=\"300\" data-height=\"200\" aria-label=\"\" role=\"img\" ><\/div>\n\t\t\t\t\t\t\t\t\t\t\t<div class=\"elementor-gallery-item__overlay\"><\/div>\n\t\t\t\t\t\t\t\t\t\t\t\t\t\t<\/a>\n\t\t\t\t\t\t\t<a class=\"e-gallery-item elementor-gallery-item elementor-animated-content\" href=\"http:\/\/www.deroesterreichischefriseur.at\/wp-content\/uploads\/2024\/11\/20241020-DSC02308.jpg\" data-elementor-open-lightbox=\"yes\" data-elementor-lightbox-slideshow=\"9786dd0\" data-elementor-lightbox-title=\"20241020-DSC02308\" data-e-action-hash=\"#elementor-action%3Aaction%3Dlightbox%26settings%3DeyJpZCI6MTk2NSwidXJsIjoiaHR0cDpcL1wvd3d3LmRlcm9lc3RlcnJlaWNoaXNjaGVmcmlzZXVyLmF0XC93cC1jb250ZW50XC91cGxvYWRzXC8yMDI0XC8xMVwvMjAyNDEwMjAtRFNDMDIzMDguanBnIiwic2xpZGVzaG93IjoiOTc4NmRkMCJ9\">\n\t\t\t\t\t<div class=\"e-gallery-image elementor-gallery-item__image\" data-thumbnail=\"http:\/\/www.deroesterreichischefriseur.at\/wp-content\/uploads\/2024\/11\/20241020-DSC02308-300x200.jpg\" data-width=\"300\" data-height=\"200\" aria-label=\"\" role=\"img\" ><\/div>\n\t\t\t\t\t\t\t\t\t\t\t<div class=\"elementor-gallery-item__overlay\"><\/div>\n\t\t\t\t\t\t\t\t\t\t\t\t\t\t<\/a>\n\t\t\t\t\t\t\t<a class=\"e-gallery-item elementor-gallery-item elementor-animated-content\" href=\"http:\/\/www.deroesterreichischefriseur.at\/wp-content\/uploads\/2024\/11\/20241020-DSC04023.jpg\" data-elementor-open-lightbox=\"yes\" data-elementor-lightbox-slideshow=\"9786dd0\" data-elementor-lightbox-title=\"20241020-DSC04023\" data-e-action-hash=\"#elementor-action%3Aaction%3Dlightbox%26settings%3DeyJpZCI6MTk5OSwidXJsIjoiaHR0cDpcL1wvd3d3LmRlcm9lc3RlcnJlaWNoaXNjaGVmcmlzZXVyLmF0XC93cC1jb250ZW50XC91cGxvYWRzXC8yMDI0XC8xMVwvMjAyNDEwMjAtRFNDMDQwMjMuanBnIiwic2xpZGVzaG93IjoiOTc4NmRkMCJ9\">\n\t\t\t\t\t<div class=\"e-gallery-image elementor-gallery-item__image\" data-thumbnail=\"http:\/\/www.deroesterreichischefriseur.at\/wp-content\/uploads\/2024\/11\/20241020-DSC04023-300x200.jpg\" data-width=\"300\" data-height=\"200\" aria-label=\"\" role=\"img\" ><\/div>\n\t\t\t\t\t\t\t\t\t\t\t<div class=\"elementor-gallery-item__overlay\"><\/div>\n\t\t\t\t\t\t\t\t\t\t\t\t\t\t<\/a>\n\t\t\t\t\t\t\t<a class=\"e-gallery-item elementor-gallery-item elementor-animated-content\" href=\"http:\/\/www.deroesterreichischefriseur.at\/wp-content\/uploads\/2024\/11\/20241020-DSC03867.jpg\" data-elementor-open-lightbox=\"yes\" data-elementor-lightbox-slideshow=\"9786dd0\" data-elementor-lightbox-title=\"20241020-DSC03867\" data-e-action-hash=\"#elementor-action%3Aaction%3Dlightbox%26settings%3DeyJpZCI6MTk5NCwidXJsIjoiaHR0cDpcL1wvd3d3LmRlcm9lc3RlcnJlaWNoaXNjaGVmcmlzZXVyLmF0XC93cC1jb250ZW50XC91cGxvYWRzXC8yMDI0XC8xMVwvMjAyNDEwMjAtRFNDMDM4NjcuanBnIiwic2xpZGVzaG93IjoiOTc4NmRkMCJ9\">\n\t\t\t\t\t<div class=\"e-gallery-image elementor-gallery-item__image\" data-thumbnail=\"http:\/\/www.deroesterreichischefriseur.at\/wp-content\/uploads\/2024\/11\/20241020-DSC03867-200x300.jpg\" data-width=\"200\" data-height=\"300\" aria-label=\"\" role=\"img\" ><\/div>\n\t\t\t\t\t\t\t\t\t\t\t<div class=\"elementor-gallery-item__overlay\"><\/div>\n\t\t\t\t\t\t\t\t\t\t\t\t\t\t<\/a>\n\t\t\t\t\t\t\t<a class=\"e-gallery-item elementor-gallery-item elementor-animated-content\" href=\"http:\/\/www.deroesterreichischefriseur.at\/wp-content\/uploads\/2024\/11\/20241020-DSC02586.jpg\" data-elementor-open-lightbox=\"yes\" data-elementor-lightbox-slideshow=\"9786dd0\" data-elementor-lightbox-title=\"20241020-DSC02586\" data-e-action-hash=\"#elementor-action%3Aaction%3Dlightbox%26settings%3DeyJpZCI6MTk3NywidXJsIjoiaHR0cDpcL1wvd3d3LmRlcm9lc3RlcnJlaWNoaXNjaGVmcmlzZXVyLmF0XC93cC1jb250ZW50XC91cGxvYWRzXC8yMDI0XC8xMVwvMjAyNDEwMjAtRFNDMDI1ODYuanBnIiwic2xpZGVzaG93IjoiOTc4NmRkMCJ9\">\n\t\t\t\t\t<div class=\"e-gallery-image elementor-gallery-item__image\" data-thumbnail=\"http:\/\/www.deroesterreichischefriseur.at\/wp-content\/uploads\/2024\/11\/20241020-DSC02586-300x200.jpg\" data-width=\"300\" data-height=\"200\" aria-label=\"\" role=\"img\" ><\/div>\n\t\t\t\t\t\t\t\t\t\t\t<div class=\"elementor-gallery-item__overlay\"><\/div>\n\t\t\t\t\t\t\t\t\t\t\t\t\t\t<\/a>\n\t\t\t\t\t\t\t<a class=\"e-gallery-item elementor-gallery-item elementor-animated-content\" href=\"http:\/\/www.deroesterreichischefriseur.at\/wp-content\/uploads\/2024\/11\/20241020-DSC02569.jpg\" data-elementor-open-lightbox=\"yes\" data-elementor-lightbox-slideshow=\"9786dd0\" data-elementor-lightbox-title=\"20241020-DSC02569\" data-e-action-hash=\"#elementor-action%3Aaction%3Dlightbox%26settings%3DeyJpZCI6MTk3NiwidXJsIjoiaHR0cDpcL1wvd3d3LmRlcm9lc3RlcnJlaWNoaXNjaGVmcmlzZXVyLmF0XC93cC1jb250ZW50XC91cGxvYWRzXC8yMDI0XC8xMVwvMjAyNDEwMjAtRFNDMDI1NjkuanBnIiwic2xpZGVzaG93IjoiOTc4NmRkMCJ9\">\n\t\t\t\t\t<div class=\"e-gallery-image elementor-gallery-item__image\" data-thumbnail=\"http:\/\/www.deroesterreichischefriseur.at\/wp-content\/uploads\/2024\/11\/20241020-DSC02569-300x200.jpg\" data-width=\"300\" data-height=\"200\" aria-label=\"\" role=\"img\" ><\/div>\n\t\t\t\t\t\t\t\t\t\t\t<div class=\"elementor-gallery-item__overlay\"><\/div>\n\t\t\t\t\t\t\t\t\t\t\t\t\t\t<\/a>\n\t\t\t\t\t\t\t<a class=\"e-gallery-item elementor-gallery-item elementor-animated-content\" href=\"http:\/\/www.deroesterreichischefriseur.at\/wp-content\/uploads\/2024\/11\/20241020-DSC02288.jpg\" data-elementor-open-lightbox=\"yes\" data-elementor-lightbox-slideshow=\"9786dd0\" data-elementor-lightbox-title=\"20241020-DSC02288\" data-e-action-hash=\"#elementor-action%3Aaction%3Dlightbox%26settings%3DeyJpZCI6MTk2MywidXJsIjoiaHR0cDpcL1wvd3d3LmRlcm9lc3RlcnJlaWNoaXNjaGVmcmlzZXVyLmF0XC93cC1jb250ZW50XC91cGxvYWRzXC8yMDI0XC8xMVwvMjAyNDEwMjAtRFNDMDIyODguanBnIiwic2xpZGVzaG93IjoiOTc4NmRkMCJ9\">\n\t\t\t\t\t<div class=\"e-gallery-image elementor-gallery-item__image\" data-thumbnail=\"http:\/\/www.deroesterreichischefriseur.at\/wp-content\/uploads\/2024\/11\/20241020-DSC02288-300x200.jpg\" data-width=\"300\" data-height=\"200\" aria-label=\"\" role=\"img\" ><\/div>\n\t\t\t\t\t\t\t\t\t\t\t<div class=\"elementor-gallery-item__overlay\"><\/div>\n\t\t\t\t\t\t\t\t\t\t\t\t\t\t<\/a>\n\t\t\t\t\t\t\t<a class=\"e-gallery-item elementor-gallery-item elementor-animated-content\" href=\"http:\/\/www.deroesterreichischefriseur.at\/wp-content\/uploads\/2024\/11\/20241020-DSC02417.jpg\" data-elementor-open-lightbox=\"yes\" data-elementor-lightbox-slideshow=\"9786dd0\" data-elementor-lightbox-title=\"20241020-DSC02417\" data-e-action-hash=\"#elementor-action%3Aaction%3Dlightbox%26settings%3DeyJpZCI6MTk3MCwidXJsIjoiaHR0cDpcL1wvd3d3LmRlcm9lc3RlcnJlaWNoaXNjaGVmcmlzZXVyLmF0XC93cC1jb250ZW50XC91cGxvYWRzXC8yMDI0XC8xMVwvMjAyNDEwMjAtRFNDMDI0MTcuanBnIiwic2xpZGVzaG93IjoiOTc4NmRkMCJ9\">\n\t\t\t\t\t<div class=\"e-gallery-image elementor-gallery-item__image\" data-thumbnail=\"http:\/\/www.deroesterreichischefriseur.at\/wp-content\/uploads\/2024\/11\/20241020-DSC02417-300x200.jpg\" data-width=\"300\" data-height=\"200\" aria-label=\"\" role=\"img\" ><\/div>\n\t\t\t\t\t\t\t\t\t\t\t<div class=\"elementor-gallery-item__overlay\"><\/div>\n\t\t\t\t\t\t\t\t\t\t\t\t\t\t<\/a>\n\t\t\t\t\t\t\t<a class=\"e-gallery-item elementor-gallery-item elementor-animated-content\" href=\"http:\/\/www.deroesterreichischefriseur.at\/wp-content\/uploads\/2024\/11\/20241020-DSC02311.jpg\" data-elementor-open-lightbox=\"yes\" data-elementor-lightbox-slideshow=\"9786dd0\" data-elementor-lightbox-title=\"20241020-DSC02311\" data-e-action-hash=\"#elementor-action%3Aaction%3Dlightbox%26settings%3DeyJpZCI6MTk2NiwidXJsIjoiaHR0cDpcL1wvd3d3LmRlcm9lc3RlcnJlaWNoaXNjaGVmcmlzZXVyLmF0XC93cC1jb250ZW50XC91cGxvYWRzXC8yMDI0XC8xMVwvMjAyNDEwMjAtRFNDMDIzMTEuanBnIiwic2xpZGVzaG93IjoiOTc4NmRkMCJ9\">\n\t\t\t\t\t<div class=\"e-gallery-image elementor-gallery-item__image\" data-thumbnail=\"http:\/\/www.deroesterreichischefriseur.at\/wp-content\/uploads\/2024\/11\/20241020-DSC02311-300x200.jpg\" data-width=\"300\" data-height=\"200\" aria-label=\"\" role=\"img\" ><\/div>\n\t\t\t\t\t\t\t\t\t\t\t<div class=\"elementor-gallery-item__overlay\"><\/div>\n\t\t\t\t\t\t\t\t\t\t\t\t\t\t<\/a>\n\t\t\t\t\t\t\t<a class=\"e-gallery-item elementor-gallery-item elementor-animated-content\" href=\"http:\/\/www.deroesterreichischefriseur.at\/wp-content\/uploads\/2024\/11\/20241020-DSC02721.jpg\" data-elementor-open-lightbox=\"yes\" data-elementor-lightbox-slideshow=\"9786dd0\" data-elementor-lightbox-title=\"20241020-DSC02721\" data-e-action-hash=\"#elementor-action%3Aaction%3Dlightbox%26settings%3DeyJpZCI6MTk4NSwidXJsIjoiaHR0cDpcL1wvd3d3LmRlcm9lc3RlcnJlaWNoaXNjaGVmcmlzZXVyLmF0XC93cC1jb250ZW50XC91cGxvYWRzXC8yMDI0XC8xMVwvMjAyNDEwMjAtRFNDMDI3MjEuanBnIiwic2xpZGVzaG93IjoiOTc4NmRkMCJ9\">\n\t\t\t\t\t<div class=\"e-gallery-image elementor-gallery-item__image\" data-thumbnail=\"http:\/\/www.deroesterreichischefriseur.at\/wp-content\/uploads\/2024\/11\/20241020-DSC02721-300x200.jpg\" data-width=\"300\" data-height=\"200\" aria-label=\"\" role=\"img\" ><\/div>\n\t\t\t\t\t\t\t\t\t\t\t<div class=\"elementor-gallery-item__overlay\"><\/div>\n\t\t\t\t\t\t\t\t\t\t\t\t\t\t<\/a>\n\t\t\t\t\t\t\t<a class=\"e-gallery-item elementor-gallery-item elementor-animated-content\" href=\"http:\/\/www.deroesterreichischefriseur.at\/wp-content\/uploads\/2024\/11\/20241020-DSC02650.jpg\" data-elementor-open-lightbox=\"yes\" data-elementor-lightbox-slideshow=\"9786dd0\" data-elementor-lightbox-title=\"20241020-DSC02650\" data-e-action-hash=\"#elementor-action%3Aaction%3Dlightbox%26settings%3DeyJpZCI6MTk4MSwidXJsIjoiaHR0cDpcL1wvd3d3LmRlcm9lc3RlcnJlaWNoaXNjaGVmcmlzZXVyLmF0XC93cC1jb250ZW50XC91cGxvYWRzXC8yMDI0XC8xMVwvMjAyNDEwMjAtRFNDMDI2NTAuanBnIiwic2xpZGVzaG93IjoiOTc4NmRkMCJ9\">\n\t\t\t\t\t<div class=\"e-gallery-image elementor-gallery-item__image\" data-thumbnail=\"http:\/\/www.deroesterreichischefriseur.at\/wp-content\/uploads\/2024\/11\/20241020-DSC02650-300x200.jpg\" data-width=\"300\" data-height=\"200\" aria-label=\"\" role=\"img\" ><\/div>\n\t\t\t\t\t\t\t\t\t\t\t<div class=\"elementor-gallery-item__overlay\"><\/div>\n\t\t\t\t\t\t\t\t\t\t\t\t\t\t<\/a>\n\t\t\t\t\t<\/div>\n\t\t\t\t\t<\/div>\n\t\t\t\t<\/div>\n\t\t\t\t\t<\/div>\n\t\t\t\t<\/div>\n\t\t\t\t<\/div>\n\t\t","protected":false},"excerpt":{"rendered":"<p>Ganz im Zeichen der Authentizit\u00e4t und Kreativit\u00e4t traf sich die AUTHENTIC BEAUTY CONCEPT Community am 20. und 21. Oktober in der Trend-Location werk3 in M\u00fcnchen.\u00a0 \u00a0Endlich war es so weit: Die AUTHENTIC BEAUTY CONCEPT Community ist wieder zusammengekommen und traf sich im Rahmen des Community Gatherings im M\u00fcnchner werk3studio f\u00fcr einen Tag voller Inspiration, Networking, und Entschleunigung. Rund 250 Teilnehmer:innen aus Deutschland, \u00d6sterreich und der Schweiz nutzten die Chance, um&hellip;<\/p>\n","protected":false},"author":1,"featured_media":1985,"comment_status":"closed","ping_status":"open","sticky":false,"template":"","format":"standard","meta":{"footnotes":""},"categories":[16],"tags":[],"class_list":["post-1960","post","type-post","status-publish","format-standard","has-post-thumbnail","hentry","category-event"],"_links":{"self":[{"href":"http:\/\/www.deroesterreichischefriseur.at\/index.php?rest_route=\/wp\/v2\/posts\/1960","targetHints":{"allow":["GET"]}}],"collection":[{"href":"http:\/\/www.deroesterreichischefriseur.at\/index.php?rest_route=\/wp\/v2\/posts"}],"about":[{"href":"http:\/\/www.deroesterreichischefriseur.at\/index.php?rest_route=\/wp\/v2\/types\/post"}],"author":[{"embeddable":true,"href":"http:\/\/www.deroesterreichischefriseur.at\/index.php?rest_route=\/wp\/v2\/users\/1"}],"replies":[{"embeddable":true,"href":"http:\/\/www.deroesterreichischefriseur.at\/index.php?rest_route=%2Fwp%2Fv2%2Fcomments&post=1960"}],"version-history":[{"count":7,"href":"http:\/\/www.deroesterreichischefriseur.at\/index.php?rest_route=\/wp\/v2\/posts\/1960\/revisions"}],"predecessor-version":[{"id":2009,"href":"http:\/\/www.deroesterreichischefriseur.at\/index.php?rest_route=\/wp\/v2\/posts\/1960\/revisions\/2009"}],"wp:featuredmedia":[{"embeddable":true,"href":"http:\/\/www.deroesterreichischefriseur.at\/index.php?rest_route=\/wp\/v2\/media\/1985"}],"wp:attachment":[{"href":"http:\/\/www.deroesterreichischefriseur.at\/index.php?rest_route=%2Fwp%2Fv2%2Fmedia&parent=1960"}],"wp:term":[{"taxonomy":"category","embeddable":true,"href":"http:\/\/www.deroesterreichischefriseur.at\/index.php?rest_route=%2Fwp%2Fv2%2Fcategories&post=1960"},{"taxonomy":"post_tag","embeddable":true,"href":"http:\/\/www.deroesterreichischefriseur.at\/index.php?rest_route=%2Fwp%2Fv2%2Ftags&post=1960"}],"curies":[{"name":"wp","href":"https:\/\/api.w.org\/{rel}","templated":true}]}}