{"id":1947,"date":"2024-11-25T18:36:10","date_gmt":"2024-11-25T17:36:10","guid":{"rendered":"http:\/\/www.deroesterreichischefriseur.at\/?p=1947"},"modified":"2024-11-25T18:36:10","modified_gmt":"2024-11-25T17:36:10","slug":"nioxin-shampoo-gegen-haarausfall","status":"publish","type":"post","link":"http:\/\/www.deroesterreichischefriseur.at\/?p=1947","title":{"rendered":"NIOXIN &#8211; SHAMPOO GEGEN HAARAUSFALL"},"content":{"rendered":"\t\t<div data-elementor-type=\"wp-post\" data-elementor-id=\"1947\" class=\"elementor elementor-1947\" data-elementor-post-type=\"post\">\n\t\t\t\t<div class=\"elementor-element elementor-element-315a1c97 e-flex e-con-boxed e-con e-parent\" data-id=\"315a1c97\" data-element_type=\"container\" data-e-type=\"container\">\n\t\t\t\t\t<div class=\"e-con-inner\">\n\t\t\t\t<div class=\"elementor-element elementor-element-2e143914 elementor-widget elementor-widget-text-editor\" data-id=\"2e143914\" data-element_type=\"widget\" data-e-type=\"widget\" data-widget_type=\"text-editor.default\">\n\t\t\t\t<div class=\"elementor-widget-container\">\n\t\t\t\t\t\t\t\t\t<p><i>Selbstgemischte Rosmarin-Seren, die in den sozialen Medien viral gehen, aufwendige <\/i><i>OPs oder wundervollbringende Superfoods: Um kaum ein Haarthema ranken sich so viele <\/i><i>Mythen wie um Haarausfall. Nioxin, die fu\u0308hrende Salonmarke<\/i><i>1 <\/i><i>fu\u0308r kr\u00e4ftigeres, voller <\/i><i>aussehendes Haar<\/i><i>2<\/i><i>, r\u00e4umt drei hartn\u00e4ckige Geru\u0308chte aus dem Weg und bringt im <\/i><i>September 2024 sein erstes, aktives Shampoo gegen Haarausfall auf den <\/i><i>\u00f6sterreichischen Markt.<\/i><\/p><p><strong><i>MYTHOS 1: <\/i><\/strong><i><strong>Nur \u00e4ltere M\u00e4nner sind von Haarausfall und du\u0308nner werdenden Haarenbetroffen<\/strong>.<\/i><\/p><p><i>Falsch! Haarausfall und du\u0308nner werdendes Haar treten geschlechterunspezifisch auf. <\/i><i>So werden rund 40 %<\/i><i>3 <\/i><i>der Frauen und 70 %<\/i><i>3 <\/i><i>der M\u00e4nner im Laufe ihres Lebens mit der <\/i><i>Thematik konfrontiert. Kein Wunder, dass der Hashtag #hairloss auf Instagram u\u0308ber 3,7 <\/i><i>Millionen Beitr\u00e4ge hat. Haarausfall und du\u0308nner werdendes Haar k\u00f6nnen au\u00dferdem schon <\/i><i>im jungen Alter auftreten: Einige bemerken bereits in den fru\u0308hen Zwanzigern eine <\/i><i>Ver\u00e4nderung ihrer Haare. Symptome k\u00f6nnen zum Beispiel bu\u0308schelweise Haare auf dem <\/i><i>Kopfkissen, Haare in der Bu\u0308rste nach dem K\u00e4mmen, kahle Stellen oder ein <\/i><i>zuru\u0308ckgehender Ansatz sein.<\/i><\/p><p><strong><i>MYTHOS 2: <\/i><i>Haarausfall ist genetisch bedingt.<\/i><\/strong><\/p><p><i>Jein! Die Gru\u0308nde von Haarausfall und du\u0308nner werdenden Haaren sind unterschiedlich <\/i><i>und reichen von hormonellen Ver\u00e4nderungen (beispielsweise durch eine <\/i><i>Schwangerschaft oder die Menopause) u\u0308ber Stress bis hin zu medizinischen Ursachen <\/i><i>(zum Beispiel Long COVID oder N\u00e4hrstoamangel). Dabei kann die Vererbung auch eine <\/i><i>Rolle spielen.<\/i><\/p><p><strong><i>SCHON GEWUSST?<\/i><\/strong><\/p><p><i>Der Haarwachstumszyklus umfasst drei Phasen. In der Wachstumsphase (Dauer: circa 2<\/i><i>\u2013 6 Jahre) wird das Haar gebildet. Darauf folgt die \u00dcbergangsphase (Dauer circa: 2\u2013 4 <\/i><i>Wochen), in der das Haarwachstum zum Erliegen kommt. Schlussendlich tritt die <\/i><i>Ruhephase (Dauer circa: 3 Wochen) ein, in der das Haar ausf\u00e4llt. Hier k\u00f6nnen deutlich <\/i><i>mehr Haare als normal ausfallen, sodass man von Haarausfall spricht.<\/i><\/p><p><strong><i>MYTHOS 3: <\/i><i>Es gibt keine eAektiven Produkte gegen Haarausfall.<\/i><\/strong><\/p><p><i>Falsch! Die Suche nach dem richtigen Produkt gegen Haarausfall und du\u0308nner werdenden <\/i><i>Haaren kann mitunter sehr frustrierend sein. Das wissen die Expert:innen von Nioxin, <\/i><i>denn die Kopfhautpflegemarke Nr. 1 weltweit<\/i><i>1 <\/i><i>bringt mit mehr als 35 Jahren Erfahrung ein <\/i><i>tiefes Verst\u00e4ndnis fu\u0308r die Bedu\u0308rfnisse der Kopfhaut und die Bedeutung der richtigen <\/i><i>Inhaltsstoae mit.<\/i><\/p><p><i>Im September 2024 erweitert Nioxin sein bestehendes Sortiment und launcht das erste <\/i><i>Shampoo gegen Haarausfall: das neue Anti-Hair Loss Shampoo. Das Shampoo sorgt<\/i><\/p><p><i>nachweislich fu\u0308r ein st\u00e4rkeres Wachstum<\/i><i>5 <\/i><i>der Haare von der Wurzel an und fu\u0308r sichtbar <\/i><i>weniger Haarausfall in 12 Wochen<\/i><i>6<\/i><i>. Die Formulierung besteht aus Niacinamid, Biotin, <\/i><i>Kaaein und SandaloreTM und ist dermatologisch getestet. Die Kombination der <\/i><i>Inhaltsstoae bewirkt, dass rund 93 % der Verbraucher:innen weniger Haarausfall <\/i><i>bemerken.<\/i><\/p><p><i>Das Shampoo ist au\u00dferdem eine eaektive Erg\u00e4nzung zu dem Nioxin Anti-Hair Loss <\/i><i>Serum mit Sandalore<\/i><i>TM<\/i><i>: Das Duo liefert nachweislich bis zu 54 % bessere Ergebnisse5 bei <\/i><i>gemeinsamer Anwendung und l\u00e4sst sich leicht in die Haar-pflege-Routine integrieren.<\/i><\/p>\t\t\t\t\t\t\t\t<\/div>\n\t\t\t\t<\/div>\n\t\t\t\t\t<\/div>\n\t\t\t\t<\/div>\n\t\t<div class=\"elementor-element elementor-element-7b24527 e-flex e-con-boxed e-con e-parent\" data-id=\"7b24527\" data-element_type=\"container\" data-e-type=\"container\">\n\t\t\t\t\t<div class=\"e-con-inner\">\n\t\t\t\t<div class=\"elementor-element elementor-element-f3cc633 elementor-widget elementor-widget-image\" data-id=\"f3cc633\" data-element_type=\"widget\" data-e-type=\"widget\" data-widget_type=\"image.default\">\n\t\t\t\t<div class=\"elementor-widget-container\">\n\t\t\t\t\t\t\t\t\t\t\t\t\t\t\t<img fetchpriority=\"high\" decoding=\"async\" width=\"640\" height=\"853\" src=\"http:\/\/www.deroesterreichischefriseur.at\/wp-content\/uploads\/2024\/11\/Nioxin_Anti_Hair_Loss_Shampoo_Visual_02.jpg\" class=\"attachment-large size-large wp-image-1941\" alt=\"\" \/>\t\t\t\t\t\t\t\t\t\t\t\t\t\t\t<\/div>\n\t\t\t\t<\/div>\n\t\t\t\t\t<\/div>\n\t\t\t\t<\/div>\n\t\t\t\t<\/div>\n\t\t","protected":false},"excerpt":{"rendered":"<p>Selbstgemischte Rosmarin-Seren, die in den sozialen Medien viral gehen, aufwendige OPs oder wundervollbringende Superfoods: Um kaum ein Haarthema ranken sich so viele Mythen wie um Haarausfall. Nioxin, die fu\u0308hrende Salonmarke1 fu\u0308r kr\u00e4ftigeres, voller aussehendes Haar2, r\u00e4umt drei hartn\u00e4ckige Geru\u0308chte aus dem Weg und bringt im September 2024 sein erstes, aktives Shampoo gegen Haarausfall auf den \u00f6sterreichischen Markt. MYTHOS 1: Nur \u00e4ltere M\u00e4nner sind von Haarausfall und du\u0308nner werdenden Haarenbetroffen. Falsch!&hellip;<\/p>\n","protected":false},"author":1,"featured_media":1941,"comment_status":"closed","ping_status":"open","sticky":false,"template":"","format":"standard","meta":{"footnotes":""},"categories":[15,1],"tags":[],"class_list":["post-1947","post","type-post","status-publish","format-standard","has-post-thumbnail","hentry","category-firmennews","category-uncategorized"],"_links":{"self":[{"href":"http:\/\/www.deroesterreichischefriseur.at\/index.php?rest_route=\/wp\/v2\/posts\/1947","targetHints":{"allow":["GET"]}}],"collection":[{"href":"http:\/\/www.deroesterreichischefriseur.at\/index.php?rest_route=\/wp\/v2\/posts"}],"about":[{"href":"http:\/\/www.deroesterreichischefriseur.at\/index.php?rest_route=\/wp\/v2\/types\/post"}],"author":[{"embeddable":true,"href":"http:\/\/www.deroesterreichischefriseur.at\/index.php?rest_route=\/wp\/v2\/users\/1"}],"replies":[{"embeddable":true,"href":"http:\/\/www.deroesterreichischefriseur.at\/index.php?rest_route=%2Fwp%2Fv2%2Fcomments&post=1947"}],"version-history":[{"count":1,"href":"http:\/\/www.deroesterreichischefriseur.at\/index.php?rest_route=\/wp\/v2\/posts\/1947\/revisions"}],"predecessor-version":[{"id":2029,"href":"http:\/\/www.deroesterreichischefriseur.at\/index.php?rest_route=\/wp\/v2\/posts\/1947\/revisions\/2029"}],"wp:featuredmedia":[{"embeddable":true,"href":"http:\/\/www.deroesterreichischefriseur.at\/index.php?rest_route=\/wp\/v2\/media\/1941"}],"wp:attachment":[{"href":"http:\/\/www.deroesterreichischefriseur.at\/index.php?rest_route=%2Fwp%2Fv2%2Fmedia&parent=1947"}],"wp:term":[{"taxonomy":"category","embeddable":true,"href":"http:\/\/www.deroesterreichischefriseur.at\/index.php?rest_route=%2Fwp%2Fv2%2Fcategories&post=1947"},{"taxonomy":"post_tag","embeddable":true,"href":"http:\/\/www.deroesterreichischefriseur.at\/index.php?rest_route=%2Fwp%2Fv2%2Ftags&post=1947"}],"curies":[{"name":"wp","href":"https:\/\/api.w.org\/{rel}","templated":true}]}}