{"id":1938,"date":"2024-11-26T12:00:00","date_gmt":"2024-11-26T11:00:00","guid":{"rendered":"http:\/\/www.deroesterreichischefriseur.at\/?p=1938"},"modified":"2024-11-24T17:16:34","modified_gmt":"2024-11-24T16:16:34","slug":"cordless-barber-combo-die-neue-limited-edition-von-wahl-professional-copy","status":"publish","type":"post","link":"http:\/\/www.deroesterreichischefriseur.at\/?p=1938","title":{"rendered":"WELLA PROFESSIONALS &#8211; NEUEN COLOR FRESH MASKS"},"content":{"rendered":"\t\t<div data-elementor-type=\"wp-post\" data-elementor-id=\"1938\" class=\"elementor elementor-1938\" data-elementor-post-type=\"post\">\n\t\t\t\t<div class=\"elementor-element elementor-element-315a1c97 e-con-full e-flex e-con e-parent\" data-id=\"315a1c97\" data-element_type=\"container\" data-e-type=\"container\">\n\t\t\t\t<div class=\"elementor-element elementor-element-2e143914 elementor-widget elementor-widget-text-editor\" data-id=\"2e143914\" data-element_type=\"widget\" data-e-type=\"widget\" data-widget_type=\"text-editor.default\">\n\t\t\t\t<div class=\"elementor-widget-container\">\n\t\t\t\t\t\t\t\t\t<p><i>Wella Professionals setzt ein pinkes Statement und pr\u00e4sentiert die neusten Nuancen der beliebten Color Fresh <\/i><i>Mask Kollektion: Pink und Pink Blush. Diese lebendigen Farben greifen den aktuellen Trend zu mutigen, <\/i><i>ausdrucksstarken Haarfarben auf und sind ab sofort erh\u00e4ltlich. Mit der Color Fresh Mask in Pink Blush k\u00f6nnen <\/i><i>Modebewusste ihre Haare mit einem Hauch von Verspieltheit und Individualit\u00e4t versehen, mit der Nuance <\/i><i>Pink setzen wahre Trendsetter ein Statement \u2013 und das mit der gewohnten intensiven Pflege von Wella <\/i><i>Professionals. Pink ist mehr als nur eine Farbe \u2013 es ist ein Symbol fu\u0308r St\u00e4rke, Mut und Selbstbewusstsein. Der <\/i><i>Pink-Trend dominiert derzeit die Laufstege, sozialen Medien und Stra\u00dfen. Wella Professionals hat diesen Look <\/i><i>jetzt in die Salons und ins Badezimmer gebracht, damit jeder diesen trendigen Farbton ausprobieren und ihn <\/i><i>zu seinem eigenen machen kann. <\/i><i>Doch die neuen Pink Nuancen der Color Fresh Mask sind nicht nur eine Modeaussage, sondern auch ein <\/i><i>Beitrag zu einem wichtigen Anliegen. <\/i><i>Die Color Fresh Masks in Pink und Pink Blush verbinden die strahlende Farbintensit\u00e4t mit der bew\u00e4hrten <\/i><i>Pflegeformel von Wella Professionals. Angereichert mit Avocado- und Aprikosen\u00f6l, revitalisieren sie das Haar <\/i><i>und hinterlassen es weich, gl\u00e4nzend und angenehm duftend. Die semi-permanente Farbmaske bietet eine <\/i><i>sanfte, sichtbare Nuancierung und ist perfekt, um das Haar nach dem Sommer wieder aufzufrischen.<\/i><\/p>\t\t\t\t\t\t\t\t<\/div>\n\t\t\t\t<\/div>\n\t\t\t\t<\/div>\n\t\t<div class=\"elementor-element elementor-element-69d9c9c e-flex e-con-boxed e-con e-parent\" data-id=\"69d9c9c\" data-element_type=\"container\" data-e-type=\"container\">\n\t\t\t\t\t<div class=\"e-con-inner\">\n\t\t\t\t<div class=\"elementor-element elementor-element-5f65a5c elementor-widget elementor-widget-gallery\" data-id=\"5f65a5c\" data-element_type=\"widget\" data-e-type=\"widget\" data-settings=\"{&quot;gallery_layout&quot;:&quot;masonry&quot;,&quot;columns&quot;:3,&quot;lazyload&quot;:&quot;yes&quot;,&quot;columns_tablet&quot;:2,&quot;columns_mobile&quot;:1,&quot;gap&quot;:{&quot;unit&quot;:&quot;px&quot;,&quot;size&quot;:10,&quot;sizes&quot;:[]},&quot;gap_tablet&quot;:{&quot;unit&quot;:&quot;px&quot;,&quot;size&quot;:10,&quot;sizes&quot;:[]},&quot;gap_mobile&quot;:{&quot;unit&quot;:&quot;px&quot;,&quot;size&quot;:10,&quot;sizes&quot;:[]},&quot;link_to&quot;:&quot;file&quot;,&quot;overlay_background&quot;:&quot;yes&quot;,&quot;content_hover_animation&quot;:&quot;fade-in&quot;}\" data-widget_type=\"gallery.default\">\n\t\t\t\t<div class=\"elementor-widget-container\">\n\t\t\t\t\t\t\t<div class=\"elementor-gallery__container\">\n\t\t\t\t\t\t\t<a class=\"e-gallery-item elementor-gallery-item elementor-animated-content\" href=\"http:\/\/www.deroesterreichischefriseur.at\/wp-content\/uploads\/2024\/11\/Wella_Professionals_Color_Fresh_Mask_Pink_Blush_Visual_06.jpg\" data-elementor-open-lightbox=\"yes\" data-elementor-lightbox-slideshow=\"5f65a5c\" data-elementor-lightbox-title=\"Wella_Professionals_Color_Fresh_Mask_Pink_Blush_Visual_06\" data-e-action-hash=\"#elementor-action%3Aaction%3Dlightbox%26settings%3DeyJpZCI6MTk1MSwidXJsIjoiaHR0cDpcL1wvd3d3LmRlcm9lc3RlcnJlaWNoaXNjaGVmcmlzZXVyLmF0XC93cC1jb250ZW50XC91cGxvYWRzXC8yMDI0XC8xMVwvV2VsbGFfUHJvZmVzc2lvbmFsc19Db2xvcl9GcmVzaF9NYXNrX1BpbmtfQmx1c2hfVmlzdWFsXzA2LmpwZyIsInNsaWRlc2hvdyI6IjVmNjVhNWMifQ%3D%3D\">\n\t\t\t\t\t<div class=\"e-gallery-image elementor-gallery-item__image\" data-thumbnail=\"http:\/\/www.deroesterreichischefriseur.at\/wp-content\/uploads\/2024\/11\/Wella_Professionals_Color_Fresh_Mask_Pink_Blush_Visual_06-200x300.jpg\" data-width=\"200\" data-height=\"300\" aria-label=\"\" role=\"img\" ><\/div>\n\t\t\t\t\t\t\t\t\t\t\t<div class=\"elementor-gallery-item__overlay\"><\/div>\n\t\t\t\t\t\t\t\t\t\t\t\t\t\t<\/a>\n\t\t\t\t\t\t\t<a class=\"e-gallery-item elementor-gallery-item elementor-animated-content\" href=\"http:\/\/www.deroesterreichischefriseur.at\/wp-content\/uploads\/2024\/11\/Wella_Professionals_Color_Fresh_Mask_Pink_Visual_03.jpg\" data-elementor-open-lightbox=\"yes\" data-elementor-lightbox-slideshow=\"5f65a5c\" data-elementor-lightbox-title=\"Wella_Professionals_Color_Fresh_Mask_Pink_Visual_03\" data-e-action-hash=\"#elementor-action%3Aaction%3Dlightbox%26settings%3DeyJpZCI6MTk1MywidXJsIjoiaHR0cDpcL1wvd3d3LmRlcm9lc3RlcnJlaWNoaXNjaGVmcmlzZXVyLmF0XC93cC1jb250ZW50XC91cGxvYWRzXC8yMDI0XC8xMVwvV2VsbGFfUHJvZmVzc2lvbmFsc19Db2xvcl9GcmVzaF9NYXNrX1BpbmtfVmlzdWFsXzAzLmpwZyIsInNsaWRlc2hvdyI6IjVmNjVhNWMifQ%3D%3D\">\n\t\t\t\t\t<div class=\"e-gallery-image elementor-gallery-item__image\" data-thumbnail=\"http:\/\/www.deroesterreichischefriseur.at\/wp-content\/uploads\/2024\/11\/Wella_Professionals_Color_Fresh_Mask_Pink_Visual_03-200x300.jpg\" data-width=\"200\" data-height=\"300\" aria-label=\"\" role=\"img\" ><\/div>\n\t\t\t\t\t\t\t\t\t\t\t<div class=\"elementor-gallery-item__overlay\"><\/div>\n\t\t\t\t\t\t\t\t\t\t\t\t\t\t<\/a>\n\t\t\t\t\t\t\t<a class=\"e-gallery-item elementor-gallery-item elementor-animated-content\" href=\"http:\/\/www.deroesterreichischefriseur.at\/wp-content\/uploads\/2024\/11\/Wella_Professionals_Color_Fresh_Mask_Pink_150ml_2145Euro-scaled.jpg\" data-elementor-open-lightbox=\"yes\" data-elementor-lightbox-slideshow=\"5f65a5c\" data-elementor-lightbox-title=\"Wella_Professionals_Color_Fresh_Mask_Pink_150ml_21,45Euro\" data-e-action-hash=\"#elementor-action%3Aaction%3Dlightbox%26settings%3DeyJpZCI6MTk0OCwidXJsIjoiaHR0cDpcL1wvd3d3LmRlcm9lc3RlcnJlaWNoaXNjaGVmcmlzZXVyLmF0XC93cC1jb250ZW50XC91cGxvYWRzXC8yMDI0XC8xMVwvV2VsbGFfUHJvZmVzc2lvbmFsc19Db2xvcl9GcmVzaF9NYXNrX1BpbmtfMTUwbWxfMjE0NUV1cm8tc2NhbGVkLmpwZyIsInNsaWRlc2hvdyI6IjVmNjVhNWMifQ%3D%3D\">\n\t\t\t\t\t<div class=\"e-gallery-image elementor-gallery-item__image\" data-thumbnail=\"http:\/\/www.deroesterreichischefriseur.at\/wp-content\/uploads\/2024\/11\/Wella_Professionals_Color_Fresh_Mask_Pink_150ml_2145Euro-150x300.jpg\" data-width=\"150\" data-height=\"300\" aria-label=\"\" role=\"img\" ><\/div>\n\t\t\t\t\t\t\t\t\t\t\t<div class=\"elementor-gallery-item__overlay\"><\/div>\n\t\t\t\t\t\t\t\t\t\t\t\t\t\t<\/a>\n\t\t\t\t\t\t\t<a class=\"e-gallery-item elementor-gallery-item elementor-animated-content\" href=\"http:\/\/www.deroesterreichischefriseur.at\/wp-content\/uploads\/2024\/11\/Wella_Professionals_Color_Fresh_Mask_Pink_Visual_04.jpg\" data-elementor-open-lightbox=\"yes\" data-elementor-lightbox-slideshow=\"5f65a5c\" data-elementor-lightbox-title=\"Wella_Professionals_Color_Fresh_Mask_Pink_Visual_04\" data-e-action-hash=\"#elementor-action%3Aaction%3Dlightbox%26settings%3DeyJpZCI6MTk1NCwidXJsIjoiaHR0cDpcL1wvd3d3LmRlcm9lc3RlcnJlaWNoaXNjaGVmcmlzZXVyLmF0XC93cC1jb250ZW50XC91cGxvYWRzXC8yMDI0XC8xMVwvV2VsbGFfUHJvZmVzc2lvbmFsc19Db2xvcl9GcmVzaF9NYXNrX1BpbmtfVmlzdWFsXzA0LmpwZyIsInNsaWRlc2hvdyI6IjVmNjVhNWMifQ%3D%3D\">\n\t\t\t\t\t<div class=\"e-gallery-image elementor-gallery-item__image\" data-thumbnail=\"http:\/\/www.deroesterreichischefriseur.at\/wp-content\/uploads\/2024\/11\/Wella_Professionals_Color_Fresh_Mask_Pink_Visual_04-200x300.jpg\" data-width=\"200\" data-height=\"300\" aria-label=\"\" role=\"img\" ><\/div>\n\t\t\t\t\t\t\t\t\t\t\t<div class=\"elementor-gallery-item__overlay\"><\/div>\n\t\t\t\t\t\t\t\t\t\t\t\t\t\t<\/a>\n\t\t\t\t\t\t\t<a class=\"e-gallery-item elementor-gallery-item elementor-animated-content\" href=\"http:\/\/www.deroesterreichischefriseur.at\/wp-content\/uploads\/2024\/11\/Wella_Professionals_Color_Fresh_Mask_Pink_Visual_02.jpg\" data-elementor-open-lightbox=\"yes\" data-elementor-lightbox-slideshow=\"5f65a5c\" data-elementor-lightbox-title=\"Wella_Professionals_Color_Fresh_Mask_Pink_Visual_02\" data-e-action-hash=\"#elementor-action%3Aaction%3Dlightbox%26settings%3DeyJpZCI6MTk1MiwidXJsIjoiaHR0cDpcL1wvd3d3LmRlcm9lc3RlcnJlaWNoaXNjaGVmcmlzZXVyLmF0XC93cC1jb250ZW50XC91cGxvYWRzXC8yMDI0XC8xMVwvV2VsbGFfUHJvZmVzc2lvbmFsc19Db2xvcl9GcmVzaF9NYXNrX1BpbmtfVmlzdWFsXzAyLmpwZyIsInNsaWRlc2hvdyI6IjVmNjVhNWMifQ%3D%3D\">\n\t\t\t\t\t<div class=\"e-gallery-image elementor-gallery-item__image\" data-thumbnail=\"http:\/\/www.deroesterreichischefriseur.at\/wp-content\/uploads\/2024\/11\/Wella_Professionals_Color_Fresh_Mask_Pink_Visual_02-200x300.jpg\" data-width=\"200\" data-height=\"300\" aria-label=\"\" role=\"img\" ><\/div>\n\t\t\t\t\t\t\t\t\t\t\t<div class=\"elementor-gallery-item__overlay\"><\/div>\n\t\t\t\t\t\t\t\t\t\t\t\t\t\t<\/a>\n\t\t\t\t\t\t\t<a class=\"e-gallery-item elementor-gallery-item elementor-animated-content\" href=\"http:\/\/www.deroesterreichischefriseur.at\/wp-content\/uploads\/2024\/11\/Wella_Professionals_Color_Fresh_Mask_Pink_Blush_Visual_05.jpg\" data-elementor-open-lightbox=\"yes\" data-elementor-lightbox-slideshow=\"5f65a5c\" data-elementor-lightbox-title=\"Wella_Professionals_Color_Fresh_Mask_Pink_Blush_Visual_05\" data-e-action-hash=\"#elementor-action%3Aaction%3Dlightbox%26settings%3DeyJpZCI6MTk1MCwidXJsIjoiaHR0cDpcL1wvd3d3LmRlcm9lc3RlcnJlaWNoaXNjaGVmcmlzZXVyLmF0XC93cC1jb250ZW50XC91cGxvYWRzXC8yMDI0XC8xMVwvV2VsbGFfUHJvZmVzc2lvbmFsc19Db2xvcl9GcmVzaF9NYXNrX1BpbmtfQmx1c2hfVmlzdWFsXzA1LmpwZyIsInNsaWRlc2hvdyI6IjVmNjVhNWMifQ%3D%3D\">\n\t\t\t\t\t<div class=\"e-gallery-image elementor-gallery-item__image\" data-thumbnail=\"http:\/\/www.deroesterreichischefriseur.at\/wp-content\/uploads\/2024\/11\/Wella_Professionals_Color_Fresh_Mask_Pink_Blush_Visual_05-200x300.jpg\" data-width=\"200\" data-height=\"300\" aria-label=\"\" role=\"img\" ><\/div>\n\t\t\t\t\t\t\t\t\t\t\t<div class=\"elementor-gallery-item__overlay\"><\/div>\n\t\t\t\t\t\t\t\t\t\t\t\t\t\t<\/a>\n\t\t\t\t\t\t\t<a class=\"e-gallery-item elementor-gallery-item elementor-animated-content\" href=\"http:\/\/www.deroesterreichischefriseur.at\/wp-content\/uploads\/2024\/11\/Wella_Professionals_Color_Fresh_Mask_Pink_Blush_150ml_2145Euro-scaled.jpg\" data-elementor-open-lightbox=\"yes\" data-elementor-lightbox-slideshow=\"5f65a5c\" data-elementor-lightbox-title=\"Wella_Professionals_Color_Fresh_Mask_Pink_Blush_150ml_21,45Euro\" data-e-action-hash=\"#elementor-action%3Aaction%3Dlightbox%26settings%3DeyJpZCI6MTk0OSwidXJsIjoiaHR0cDpcL1wvd3d3LmRlcm9lc3RlcnJlaWNoaXNjaGVmcmlzZXVyLmF0XC93cC1jb250ZW50XC91cGxvYWRzXC8yMDI0XC8xMVwvV2VsbGFfUHJvZmVzc2lvbmFsc19Db2xvcl9GcmVzaF9NYXNrX1BpbmtfQmx1c2hfMTUwbWxfMjE0NUV1cm8tc2NhbGVkLmpwZyIsInNsaWRlc2hvdyI6IjVmNjVhNWMifQ%3D%3D\">\n\t\t\t\t\t<div class=\"e-gallery-image elementor-gallery-item__image\" data-thumbnail=\"http:\/\/www.deroesterreichischefriseur.at\/wp-content\/uploads\/2024\/11\/Wella_Professionals_Color_Fresh_Mask_Pink_Blush_150ml_2145Euro-150x300.jpg\" data-width=\"150\" data-height=\"300\" aria-label=\"\" role=\"img\" ><\/div>\n\t\t\t\t\t\t\t\t\t\t\t<div class=\"elementor-gallery-item__overlay\"><\/div>\n\t\t\t\t\t\t\t\t\t\t\t\t\t\t<\/a>\n\t\t\t\t\t<\/div>\n\t\t\t\t\t<\/div>\n\t\t\t\t<\/div>\n\t\t\t\t\t<\/div>\n\t\t\t\t<\/div>\n\t\t\t\t<\/div>\n\t\t","protected":false},"excerpt":{"rendered":"<p>Wella Professionals setzt ein pinkes Statement und pr\u00e4sentiert die neusten Nuancen der beliebten Color Fresh Mask Kollektion: Pink und Pink Blush. Diese lebendigen Farben greifen den aktuellen Trend zu mutigen, ausdrucksstarken Haarfarben auf und sind ab sofort erh\u00e4ltlich. Mit der Color Fresh Mask in Pink Blush k\u00f6nnen Modebewusste ihre Haare mit einem Hauch von Verspieltheit und Individualit\u00e4t versehen, mit der Nuance Pink setzen wahre Trendsetter ein Statement \u2013 und das&hellip;<\/p>\n","protected":false},"author":1,"featured_media":1954,"comment_status":"closed","ping_status":"open","sticky":false,"template":"","format":"standard","meta":{"footnotes":""},"categories":[15,1],"tags":[],"class_list":["post-1938","post","type-post","status-publish","format-standard","has-post-thumbnail","hentry","category-firmennews","category-uncategorized"],"_links":{"self":[{"href":"http:\/\/www.deroesterreichischefriseur.at\/index.php?rest_route=\/wp\/v2\/posts\/1938","targetHints":{"allow":["GET"]}}],"collection":[{"href":"http:\/\/www.deroesterreichischefriseur.at\/index.php?rest_route=\/wp\/v2\/posts"}],"about":[{"href":"http:\/\/www.deroesterreichischefriseur.at\/index.php?rest_route=\/wp\/v2\/types\/post"}],"author":[{"embeddable":true,"href":"http:\/\/www.deroesterreichischefriseur.at\/index.php?rest_route=\/wp\/v2\/users\/1"}],"replies":[{"embeddable":true,"href":"http:\/\/www.deroesterreichischefriseur.at\/index.php?rest_route=%2Fwp%2Fv2%2Fcomments&post=1938"}],"version-history":[{"count":8,"href":"http:\/\/www.deroesterreichischefriseur.at\/index.php?rest_route=\/wp\/v2\/posts\/1938\/revisions"}],"predecessor-version":[{"id":1959,"href":"http:\/\/www.deroesterreichischefriseur.at\/index.php?rest_route=\/wp\/v2\/posts\/1938\/revisions\/1959"}],"wp:featuredmedia":[{"embeddable":true,"href":"http:\/\/www.deroesterreichischefriseur.at\/index.php?rest_route=\/wp\/v2\/media\/1954"}],"wp:attachment":[{"href":"http:\/\/www.deroesterreichischefriseur.at\/index.php?rest_route=%2Fwp%2Fv2%2Fmedia&parent=1938"}],"wp:term":[{"taxonomy":"category","embeddable":true,"href":"http:\/\/www.deroesterreichischefriseur.at\/index.php?rest_route=%2Fwp%2Fv2%2Fcategories&post=1938"},{"taxonomy":"post_tag","embeddable":true,"href":"http:\/\/www.deroesterreichischefriseur.at\/index.php?rest_route=%2Fwp%2Fv2%2Ftags&post=1938"}],"curies":[{"name":"wp","href":"https:\/\/api.w.org\/{rel}","templated":true}]}}