{"id":1729,"date":"2024-05-12T15:24:17","date_gmt":"2024-05-12T13:24:17","guid":{"rendered":"http:\/\/www.deroesterreichischefriseur.at\/?p=1729"},"modified":"2024-05-12T15:24:17","modified_gmt":"2024-05-12T13:24:17","slug":"landesinnungsmeister-marcus-eisinger-informiert-2","status":"publish","type":"post","link":"http:\/\/www.deroesterreichischefriseur.at\/?p=1729","title":{"rendered":"Landesinnungsmeister Marcus Eisinger informiert"},"content":{"rendered":"<style>\/*! elementor - v3.21.0 - 25-04-2024 *\/\n.elementor-widget-image{text-align:center}.elementor-widget-image a{display:inline-block}.elementor-widget-image a img[src$=\".svg\"]{width:48px}.elementor-widget-image img{vertical-align:middle;display:inline-block}<\/style>\n<p>\t\t\t\t\t\t\t\t\t\t<img fetchpriority=\"high\" decoding=\"async\" width=\"200\" height=\"300\" src=\"http:\/\/www.deroesterreichischefriseur.at\/wp-content\/uploads\/2023\/05\/Markus_Eisinger_web-200x300.jpg\" alt=\"\" srcset=\"http:\/\/www.deroesterreichischefriseur.at\/wp-content\/uploads\/2023\/05\/Markus_Eisinger_web-200x300.jpg 200w, http:\/\/www.deroesterreichischefriseur.at\/wp-content\/uploads\/2023\/05\/Markus_Eisinger_web.jpg 640w\" sizes=\"(max-width: 200px) 100vw, 200px\" \/>\t\t\t\t\t\t\t\t\t\t\t\t\t<\/p>\n<style>\/*! elementor - v3.21.0 - 25-04-2024 *\/\n.elementor-heading-title{padding:0;margin:0;line-height:1}.elementor-widget-heading .elementor-heading-title[class*=elementor-size-]>a{color:inherit;font-size:inherit;line-height:inherit}.elementor-widget-heading .elementor-heading-title.elementor-size-small{font-size:15px}.elementor-widget-heading .elementor-heading-title.elementor-size-medium{font-size:19px}.elementor-widget-heading .elementor-heading-title.elementor-size-large{font-size:29px}.elementor-widget-heading .elementor-heading-title.elementor-size-xl{font-size:39px}.elementor-widget-heading .elementor-heading-title.elementor-size-xxl{font-size:59px}<\/style>\n<h2>Werte Branchen Kolleginnen und Kollegen, <\/h2>\n<p><b>Friseure: Mehr als nur Stylisten<\/b><\/p>\n<p>Wenn wir an einen Friseurbesuch denken, kommen uns oft Bilder von Sch\u00f6nheit, Stil und einem Gef\u00fchl der Verw\u00f6hnung in den Sinn. Doch hinter den schicken Frisuren verbirgt sich eine Dimension des Friseurhandwerks, die oft \u00fcbersehen wird: Friseurinnen und Friseure k\u00f6nnen wichtige Partner im Bereich der Gesundheitsvorsorge sein.<\/p>\n<p>Durch ihre regelm\u00e4\u00dfige Arbeit mit Kopfhaut und Haaren k\u00f6nnen Friseure ungew\u00f6hnliche Muster im Haarausfall, Hautver\u00e4nderungen oder andere Anomalien fr\u00fchzeitig erkennen. Diese Fr\u00fcherkennung kann lebensrettend sein, besonders bei ernsteren Bedingungen wie Hautkrebs, der oft von den Betroffenen selbst sehr sp\u00e4t bemerkt wird.<\/p>\n<p>Es ist jedoch wichtig zu betonen, dass nicht jeder Friseur automatisch die F\u00e4higkeit besitzt, solche Anomalien zu erkennen. Nur diejenigen, mit einer umfassenden Ausbildung sind entsprechend geschult und k\u00f6nnen ihre Beobachtungen richtig deuten und verantwortungsvoll handeln.<\/p>\n<p>Durch regelm\u00e4\u00dfige Besuche beim \u201cFriseur des Vertrauens\u201d haben Kundinnen und Kunden\u00a0 die M\u00f6glichkeit, Ver\u00e4nderungen im Laufe der Zeit zu beobachten, was besonders wichtig ist, da sich einige Hautbedingungen langsam entwickeln. So kann der Friseur konsistente Vergleichswerte schaffen und jede Abweichung von der Norm leichter erkennen.<\/p>\n<p>F\u00fcr Kunden ist es daher ratsam, sich aktiv \u00fcber die Gesundheit ihrer Kopfhaut und Haare zu informieren und m\u00f6gliche Auff\u00e4lligkeiten offen anzusprechen. Eine proaktive Haltung der Kunden und eine enge Zusammenarbeit zwischen Friseuren und Haut\u00e4rzten k\u00f6nnen die Gesundheit wesentlich verbessern und dazu beitragen, dass Hautkrankheiten nicht nur erkannt, sondern auch effektiv behandelt werden.<\/p>\n<p>Insgesamt betrachtet erweitert sich das traditionelle Bild des Friseurs von einem Stylisten zu einem wichtigen Gesundheitsberater. Diese Entwicklung spiegelt die wachsende Anerkennung der Bedeutung von k\u00f6rpernahen Dienstleistungen f\u00fcr die allgemeine Gesundheitsvorsorge wider. Indem Friseure sowohl ihre technischen F\u00e4higkeiten als auch ihr Wissen \u00fcber Gesundheitsfragen stetig erweitern, k\u00f6nnen sie neben ihrer prim\u00e4ren Rolle als Stylisten auch eine zentrale Rolle in der pr\u00e4ventiven Gesundheitsf\u00fcrsorge ihrer Kunden spielen.\u00a0<\/p>\n<p>Weshalb wir im heurigen Jahr eine entsprechende Kooperation mit Dermatologen eingehen, welche unter dem Motto \u201eKopfhaut und Haargesundheit\u201c steht.<\/p>\n<p>Ich w\u00fcrde mich freuen wenn in allen Wiener Betrieben die in K\u00fcrze zugehenden Folder auflegen und die begleitenden Poster einen entsprechend prominenten Platz in ihrem Betrieb finden und sie sich aktiv beteiligen.\u00a0<\/p>\n<p>Ich freue mich auf euer Feedback!<\/p>\n<p>Mit kollegialen Gr\u00fc\u00dfen,<\/p>\n<p>euer<\/p>\n<p>Mst. Marcus Eisinger<\/p>\n","protected":false},"excerpt":{"rendered":"<p>Werte Branchen Kolleginnen und Kollegen, Friseure: Mehr als nur Stylisten Wenn wir an einen Friseurbesuch denken, kommen uns oft Bilder von Sch\u00f6nheit, Stil und einem Gef\u00fchl der Verw\u00f6hnung in den Sinn. Doch hinter den schicken Frisuren verbirgt sich eine Dimension des Friseurhandwerks, die oft \u00fcbersehen wird: Friseurinnen und Friseure k\u00f6nnen wichtige Partner im Bereich der Gesundheitsvorsorge sein. Durch ihre regelm\u00e4\u00dfige Arbeit mit Kopfhaut und Haaren k\u00f6nnen Friseure ungew\u00f6hnliche Muster im&hellip;<\/p>\n","protected":false},"author":1,"featured_media":624,"comment_status":"closed","ping_status":"open","sticky":false,"template":"elementor_theme","format":"standard","meta":{"footnotes":""},"categories":[10],"tags":[],"class_list":["post-1729","post","type-post","status-publish","format-standard","has-post-thumbnail","hentry","category-thema"],"_links":{"self":[{"href":"http:\/\/www.deroesterreichischefriseur.at\/index.php?rest_route=\/wp\/v2\/posts\/1729","targetHints":{"allow":["GET"]}}],"collection":[{"href":"http:\/\/www.deroesterreichischefriseur.at\/index.php?rest_route=\/wp\/v2\/posts"}],"about":[{"href":"http:\/\/www.deroesterreichischefriseur.at\/index.php?rest_route=\/wp\/v2\/types\/post"}],"author":[{"embeddable":true,"href":"http:\/\/www.deroesterreichischefriseur.at\/index.php?rest_route=\/wp\/v2\/users\/1"}],"replies":[{"embeddable":true,"href":"http:\/\/www.deroesterreichischefriseur.at\/index.php?rest_route=%2Fwp%2Fv2%2Fcomments&post=1729"}],"version-history":[{"count":4,"href":"http:\/\/www.deroesterreichischefriseur.at\/index.php?rest_route=\/wp\/v2\/posts\/1729\/revisions"}],"predecessor-version":[{"id":1733,"href":"http:\/\/www.deroesterreichischefriseur.at\/index.php?rest_route=\/wp\/v2\/posts\/1729\/revisions\/1733"}],"wp:featuredmedia":[{"embeddable":true,"href":"http:\/\/www.deroesterreichischefriseur.at\/index.php?rest_route=\/wp\/v2\/media\/624"}],"wp:attachment":[{"href":"http:\/\/www.deroesterreichischefriseur.at\/index.php?rest_route=%2Fwp%2Fv2%2Fmedia&parent=1729"}],"wp:term":[{"taxonomy":"category","embeddable":true,"href":"http:\/\/www.deroesterreichischefriseur.at\/index.php?rest_route=%2Fwp%2Fv2%2Fcategories&post=1729"},{"taxonomy":"post_tag","embeddable":true,"href":"http:\/\/www.deroesterreichischefriseur.at\/index.php?rest_route=%2Fwp%2Fv2%2Ftags&post=1729"}],"curies":[{"name":"wp","href":"https:\/\/api.w.org\/{rel}","templated":true}]}}