{"id":1703,"date":"2024-05-01T12:37:24","date_gmt":"2024-05-01T10:37:24","guid":{"rendered":"http:\/\/www.deroesterreichischefriseur.at\/?p=1703"},"modified":"2024-05-01T12:39:32","modified_gmt":"2024-05-01T10:39:32","slug":"steinmetz-bundy-red","status":"publish","type":"post","link":"http:\/\/www.deroesterreichischefriseur.at\/?p=1703","title":{"rendered":"Steinmetz &#038; Bundy &#8222;RED&#8220;"},"content":{"rendered":"<style>\/*! elementor - v3.21.0 - 25-04-2024 *\/\n.elementor-widget-image{text-align:center}.elementor-widget-image a{display:inline-block}.elementor-widget-image a img[src$=\".svg\"]{width:48px}.elementor-widget-image img{vertical-align:middle;display:inline-block}<\/style>\n<p>\t\t\t\t\t\t\t\t\t\t<img fetchpriority=\"high\" decoding=\"async\" width=\"534\" height=\"800\" src=\"http:\/\/www.deroesterreichischefriseur.at\/wp-content\/uploads\/2024\/05\/web_Steinmetz-Bundy-Privatsalon_RED-SS-2024_c_Hilde-Van-Mas_G3A6335_V2.jpg\" alt=\"\" srcset=\"http:\/\/www.deroesterreichischefriseur.at\/wp-content\/uploads\/2024\/05\/web_Steinmetz-Bundy-Privatsalon_RED-SS-2024_c_Hilde-Van-Mas_G3A6335_V2.jpg 534w, http:\/\/www.deroesterreichischefriseur.at\/wp-content\/uploads\/2024\/05\/web_Steinmetz-Bundy-Privatsalon_RED-SS-2024_c_Hilde-Van-Mas_G3A6335_V2-200x300.jpg 200w\" sizes=\"(max-width: 534px) 100vw, 534px\" \/>\t\t\t\t\t\t\t\t\t\t\t\t\t<\/p>\n<p><b>Frisuren-Kollektion \u201eRED!\u201c: Steinmetz-Bundy Privatsalon inszeniert in der Sommersaison 2024 Rot als die st\u00e4rkste aller Farben\u00a0<\/b><\/p>\n<p>Variantenreichen Looks und einfache Styling-M\u00f6glichkeiten verspr\u00fchen Sommerfeeling pur\u00a0<\/p>\n<p>Wenn der Sommer naht, steigt die Lust, mit dem Hairstyling ein \u00fcberraschendes Statement zu setzen. Entscheidend f\u00fcr einen aufsehenerregenden Look sind dabei immer auch die farblichen Akzente. Da in den\u00a0 letzten\u00a0 Styling-Saisonen\u00a0 Blond-\u00a0 und\u00a0 Braunt\u00f6ne\u00a0 die\u00a0 Farbwahl\u00a0 pr\u00e4gten,\u00a0 verk\u00fcndet\u00a0 Hannes Steinmetz vom Steinmetz-Bundy Privatsalon f\u00fcr die Sommersaison 2024: Rot ist zur\u00fcck! Mit der Frisuren-Kollektion \u201eRED!\u201c wird die Farbe Rot neu in Szene gesetzt und so richtig zum Strahlen gebracht. Die Kunst dabei liegt in der Personalisierung des Farbtons: dieser wird ganz individuell von der\u00a0 nat\u00fcrlichen\u00a0 Haarfarbe\u00a0 der\u00a0 Tr\u00e4gerin\u00a0 inspiriert.\u00a0 Damit\u00a0 wird\u00a0 jegliche\u00a0 K\u00fcnstlichkeit\u00a0 \u2013\u00a0 Stichwort\u00a0 \u201eFarbhelm\u201c \u2013 vermieden, und die Farbe erh\u00e4lt so einen ganz nat\u00fcrlichen Charakter. Besonderes Augenmerk wird auf strahlenden Glanz gelegt, damit die Farbe in der Sonne so richtig zum Leuchten kommt. Zus\u00e4tzlich wird auch der Haarschnitt auf die Farbwahl abgestimmt, um die Wirkung noch weiter zu intensivieren. Gleichzeitig sind die Schnitte so angelegt, dass sie maximale Freiheit bei den Styling-Varianten garantieren. Denn genau darauf kommt es im Sommer an: Die Frisuren sehen luftgetrocknet genauso ansprechend aus wie mit ein paar Handgriffen gestylt. Dem kommt auch zugute, dass Locken und gro\u00dfz\u00fcgige Wellen die Looks pr\u00e4gen: Damit wird die Damenwelt dazu inspiriert, stolz ihr nat\u00fcrlich bewegtes Haar zu pr\u00e4sentieren und den lebendigen Effekt der Wellen bewusst zu unterstreichen. Die Vielfalt der Farbt\u00f6ne reicht von Samt-Rot \u00fcber Kirsch-Rot bis hin zu Nuancen in Kupfer. Somit verbindet die Frisuren-Kollektion \u201eRED!\u201c den Reiz einer starken Farb- Botschaft, mit Sommergenuss und maximaler Freiheit bei den Styling-Varianten. Klar ist: Rotes Haar ist in jedem Fall etwas Besonderes und macht jeden Look zu einem charismatischen Statement.<\/p>\n<p>In punkto Haarfarbe zeigt sich: Rot ist an Ausdrucksst\u00e4rke einfach nicht zu \u00fcberbieten. Keine andere Farbe steht so sehr f\u00fcr Individualit\u00e4t, Charisma, Selbstbewusstsein, Kraft, Energie und Lebenslust. Diese Attribute machen Colorationen in Varianten von Rot ganz besonders attraktiv. Gerade die Sommerzeit ist daf\u00fcr ideal, denn das Sonnenlicht sorgt f\u00fcr eine zus\u00e4tzliche Intensivierung der Strahlkraft.<\/p>\n<p>\u201eRot ist in der letzten Zeit als Haarfarbe etwas in den Hintergrund ger\u00fcckt. Zu Unrecht, wie wir finden. Deshalb holen wir Rot jetzt mit unserer Frisuren-Kollektion \u201eRED!\u201c wieder zur\u00fcck auf die B\u00fchne und zeigen: das ist einfach die st\u00e4rkste aller Farben.\u201c, erkl\u00e4rt Hannes Steinmetz voller Enthusiasmus.<\/p>\n<style>\/*! elementor-pro - v3.21.0 - 24-04-2024 *\/\n.elementor-gallery__container{min-height:1px}.elementor-gallery-item{position:relative;overflow:hidden;display:block;text-decoration:none;border:solid var(--image-border-width) var(--image-border-color);border-radius:var(--image-border-radius)}.elementor-gallery-item__content,.elementor-gallery-item__overlay{height:100%;width:100%;position:absolute;top:0;left:0}.elementor-gallery-item__overlay{mix-blend-mode:var(--overlay-mix-blend-mode);transition-duration:var(--overlay-transition-duration);transition-property:mix-blend-mode,transform,opacity,background-color}.elementor-gallery-item__image.e-gallery-image{transition-duration:var(--image-transition-duration);transition-property:filter,transform}.elementor-gallery-item__content{display:flex;flex-direction:column;justify-content:var(--content-justify-content,center);align-items:center;text-align:var(--content-text-align);padding:var(--content-padding)}.elementor-gallery-item__content>div{transition-duration:var(--content-transition-duration)}.elementor-gallery-item__content.elementor-gallery--sequenced-animation>div:nth-child(2){transition-delay:calc(var(--content-transition-delay) \/ 3)}.elementor-gallery-item__content.elementor-gallery--sequenced-animation>div:nth-child(3){transition-delay:calc(var(--content-transition-delay) \/ 3 * 2)}.elementor-gallery-item__content.elementor-gallery--sequenced-animation>div:nth-child(4){transition-delay:calc(var(--content-transition-delay) \/ 3 * 3)}.elementor-gallery-item__description{color:var(--description-text-color,#fff);width:100%}.elementor-gallery-item__title{color:var(--title-text-color,#fff);font-weight:700;width:100%}.elementor-gallery__titles-container{display:flex;flex-wrap:wrap;justify-content:var(--titles-container-justify-content,center);margin-bottom:20px}.elementor-gallery__titles-container:not(.e--pointer-framed) .elementor-item:after,.elementor-gallery__titles-container:not(.e--pointer-framed) .elementor-item:before{background-color:var(--galleries-pointer-bg-color-hover)}.elementor-gallery__titles-container:not(.e--pointer-framed) .elementor-item.elementor-item-active:after,.elementor-gallery__titles-container:not(.e--pointer-framed) .elementor-item.elementor-item-active:before{background-color:var(--galleries-pointer-bg-color-active)}.elementor-gallery__titles-container.e--pointer-framed .elementor-item:before{border-color:var(--galleries-pointer-bg-color-hover);border-width:var(--galleries-pointer-border-width)}.elementor-gallery__titles-container.e--pointer-framed .elementor-item:after{border-color:var(--galleries-pointer-bg-color-hover)}.elementor-gallery__titles-container.e--pointer-framed .elementor-item.elementor-item-active:after,.elementor-gallery__titles-container.e--pointer-framed .elementor-item.elementor-item-active:before{border-color:var(--galleries-pointer-bg-color-active)}.elementor-gallery__titles-container.e--pointer-framed.e--animation-draw .elementor-item:before{border-left-width:var(--galleries-pointer-border-width);border-bottom-width:var(--galleries-pointer-border-width);border-right-width:0;border-top-width:0}.elementor-gallery__titles-container.e--pointer-framed.e--animation-draw .elementor-item:after{border-left-width:0;border-bottom-width:0;border-right-width:var(--galleries-pointer-border-width);border-top-width:var(--galleries-pointer-border-width)}.elementor-gallery__titles-container.e--pointer-framed.e--animation-corners .elementor-item:before{border-left-width:var(--galleries-pointer-border-width);border-bottom-width:0;border-right-width:0;border-top-width:var(--galleries-pointer-border-width)}.elementor-gallery__titles-container.e--pointer-framed.e--animation-corners .elementor-item:after{border-left-width:0;border-bottom-width:var(--galleries-pointer-border-width);border-right-width:var(--galleries-pointer-border-width);border-top-width:0}.elementor-gallery__titles-container .e--pointer-double-line .elementor-item:after,.elementor-gallery__titles-container .e--pointer-double-line .elementor-item:before,.elementor-gallery__titles-container .e--pointer-overline .elementor-item:before,.elementor-gallery__titles-container .e--pointer-underline .elementor-item:after{height:var(--galleries-pointer-border-width)}.elementor-gallery-title{--space-between:10px;cursor:pointer;color:#6d7882;font-weight:500;position:relative;padding:7px 14px;transition:all .3s}.elementor-gallery-title--active{color:#495157}.elementor-gallery-title:not(:last-child){margin-inline-end:var(--space-between)}.elementor-gallery-item__title+.elementor-gallery-item__description{margin-top:var(--description-margin-top)}.e-gallery-item.elementor-gallery-item{transition-property:all}.e-gallery-item.elementor-animated-content .elementor-animated-item--enter-from-bottom,.e-gallery-item.elementor-animated-content .elementor-animated-item--enter-from-left,.e-gallery-item.elementor-animated-content .elementor-animated-item--enter-from-right,.e-gallery-item.elementor-animated-content .elementor-animated-item--enter-from-top,.e-gallery-item:focus .elementor-gallery__item-overlay-bg,.e-gallery-item:focus .elementor-gallery__item-overlay-content,.e-gallery-item:focus .elementor-gallery__item-overlay-content__description,.e-gallery-item:focus .elementor-gallery__item-overlay-content__title,.e-gallery-item:hover .elementor-gallery__item-overlay-bg,.e-gallery-item:hover .elementor-gallery__item-overlay-content,.e-gallery-item:hover .elementor-gallery__item-overlay-content__description,.e-gallery-item:hover .elementor-gallery__item-overlay-content__title{opacity:1}a.elementor-item.elementor-gallery-title{color:var(--galleries-title-color-normal)}a.elementor-item.elementor-gallery-title.elementor-item-active,a.elementor-item.elementor-gallery-title.highlighted,a.elementor-item.elementor-gallery-title:focus,a.elementor-item.elementor-gallery-title:hover{color:var(--galleries-title-color-hover)}a.elementor-item.elementor-gallery-title.elementor-item-active{color:var(--gallery-title-color-active)}.e-con-inner>.elementor-widget-gallery,.e-con>.elementor-widget-gallery{width:var(--container-widget-width);--flex-grow:var(--container-widget-flex-grow)}<\/style>\n<p>\t\t\t\t\t\t\t<a href=\"http:\/\/www.deroesterreichischefriseur.at\/wp-content\/uploads\/2024\/05\/web_Steinmetz-Bundy-Privatsalon_RED-SS-2024_c_Hilde-Van-Mas_G3A6421_V2.jpg\" data-elementor-open-lightbox=\"yes\" data-elementor-lightbox-slideshow=\"8dcaf44\" data-elementor-lightbox-title=\"web_Steinmetz-Bundy Privatsalon_RED SS 2024_c_Hilde Van Mas_G3A6421_V2\" data-e-action-hash=\"#elementor-action%3Aaction%3Dlightbox%26settings%3DeyJpZCI6MTY0NCwidXJsIjoiaHR0cDpcL1wvd3d3LmRlcm9lc3RlcnJlaWNoaXNjaGVmcmlzZXVyLmF0XC93cC1jb250ZW50XC91cGxvYWRzXC8yMDI0XC8wNVwvd2ViX1N0ZWlubWV0ei1CdW5keS1Qcml2YXRzYWxvbl9SRUQtU1MtMjAyNF9jX0hpbGRlLVZhbi1NYXNfRzNBNjQyMV9WMi5qcGciLCJzbGlkZXNob3ciOiI4ZGNhZjQ0In0%3D\"><br \/>\n\t\t\t\t\t\t\t\t\t\t\t\t\t\t<\/a><br \/>\n\t\t\t\t\t\t\t<a href=\"http:\/\/www.deroesterreichischefriseur.at\/wp-content\/uploads\/2024\/05\/web_Steinmetz-Bundy-Privatsalon_RED-SS-2024_c_Hilde-Van-Mas_G3A6335_V2.jpg\" data-elementor-open-lightbox=\"yes\" data-elementor-lightbox-slideshow=\"8dcaf44\" data-elementor-lightbox-title=\"web_Steinmetz-Bundy Privatsalon_RED SS 2024_c_Hilde Van Mas_G3A6335_V2\" data-e-action-hash=\"#elementor-action%3Aaction%3Dlightbox%26settings%3DeyJpZCI6MTY0MywidXJsIjoiaHR0cDpcL1wvd3d3LmRlcm9lc3RlcnJlaWNoaXNjaGVmcmlzZXVyLmF0XC93cC1jb250ZW50XC91cGxvYWRzXC8yMDI0XC8wNVwvd2ViX1N0ZWlubWV0ei1CdW5keS1Qcml2YXRzYWxvbl9SRUQtU1MtMjAyNF9jX0hpbGRlLVZhbi1NYXNfRzNBNjMzNV9WMi5qcGciLCJzbGlkZXNob3ciOiI4ZGNhZjQ0In0%3D\"><br \/>\n\t\t\t\t\t\t\t\t\t\t\t\t\t\t<\/a><br \/>\n\t\t\t\t\t\t\t<a href=\"http:\/\/www.deroesterreichischefriseur.at\/wp-content\/uploads\/2024\/05\/web_Steinmetz-Bundy-Privatsalon_RED-SS-2024_c_Hilde-Van-Mas_G3A6208_V2.jpg\" data-elementor-open-lightbox=\"yes\" data-elementor-lightbox-slideshow=\"8dcaf44\" data-elementor-lightbox-title=\"web_Steinmetz-Bundy Privatsalon_RED SS 2024_c_Hilde Van Mas_G3A6208_V2\" data-e-action-hash=\"#elementor-action%3Aaction%3Dlightbox%26settings%3DeyJpZCI6MTY0MiwidXJsIjoiaHR0cDpcL1wvd3d3LmRlcm9lc3RlcnJlaWNoaXNjaGVmcmlzZXVyLmF0XC93cC1jb250ZW50XC91cGxvYWRzXC8yMDI0XC8wNVwvd2ViX1N0ZWlubWV0ei1CdW5keS1Qcml2YXRzYWxvbl9SRUQtU1MtMjAyNF9jX0hpbGRlLVZhbi1NYXNfRzNBNjIwOF9WMi5qcGciLCJzbGlkZXNob3ciOiI4ZGNhZjQ0In0%3D\"><br \/>\n\t\t\t\t\t\t\t\t\t\t\t\t\t\t<\/a><br \/>\n\t\t\t\t\t\t\t<a href=\"http:\/\/www.deroesterreichischefriseur.at\/wp-content\/uploads\/2024\/05\/web_Steinmetz-Bundy-Privatsalon_RED-SS-2024_c_Hilde-Van-Mas_G3A6178_V2.jpg\" data-elementor-open-lightbox=\"yes\" data-elementor-lightbox-slideshow=\"8dcaf44\" data-elementor-lightbox-title=\"web_Steinmetz-Bundy Privatsalon_RED SS 2024_c_Hilde Van Mas_G3A6178_V2\" data-e-action-hash=\"#elementor-action%3Aaction%3Dlightbox%26settings%3DeyJpZCI6MTY0MSwidXJsIjoiaHR0cDpcL1wvd3d3LmRlcm9lc3RlcnJlaWNoaXNjaGVmcmlzZXVyLmF0XC93cC1jb250ZW50XC91cGxvYWRzXC8yMDI0XC8wNVwvd2ViX1N0ZWlubWV0ei1CdW5keS1Qcml2YXRzYWxvbl9SRUQtU1MtMjAyNF9jX0hpbGRlLVZhbi1NYXNfRzNBNjE3OF9WMi5qcGciLCJzbGlkZXNob3ciOiI4ZGNhZjQ0In0%3D\"><br \/>\n\t\t\t\t\t\t\t\t\t\t\t\t\t\t<\/a><br \/>\n\t\t\t\t\t\t\t<a href=\"http:\/\/www.deroesterreichischefriseur.at\/wp-content\/uploads\/2024\/05\/web_Steinmetz-Bundy-Privatsalon_RED-SS-2024_c_Hilde-Van-Mas_G3A5911_V2.jpg\" data-elementor-open-lightbox=\"yes\" data-elementor-lightbox-slideshow=\"8dcaf44\" data-elementor-lightbox-title=\"web_Steinmetz-Bundy Privatsalon_RED SS 2024_c_Hilde Van Mas_G3A5911_V2\" data-e-action-hash=\"#elementor-action%3Aaction%3Dlightbox%26settings%3DeyJpZCI6MTY0MCwidXJsIjoiaHR0cDpcL1wvd3d3LmRlcm9lc3RlcnJlaWNoaXNjaGVmcmlzZXVyLmF0XC93cC1jb250ZW50XC91cGxvYWRzXC8yMDI0XC8wNVwvd2ViX1N0ZWlubWV0ei1CdW5keS1Qcml2YXRzYWxvbl9SRUQtU1MtMjAyNF9jX0hpbGRlLVZhbi1NYXNfRzNBNTkxMV9WMi5qcGciLCJzbGlkZXNob3ciOiI4ZGNhZjQ0In0%3D\"><br \/>\n\t\t\t\t\t\t\t\t\t\t\t\t\t\t<\/a><br \/>\n\t\t\t\t\t\t\t<a href=\"http:\/\/www.deroesterreichischefriseur.at\/wp-content\/uploads\/2024\/05\/web_Steinmetz-Bundy-Privatsalon_RED-SS-2024_c_Hilde-Van-Mas_G3A5850_V2.jpg\" data-elementor-open-lightbox=\"yes\" data-elementor-lightbox-slideshow=\"8dcaf44\" data-elementor-lightbox-title=\"web_Steinmetz-Bundy Privatsalon_RED SS 2024_c_Hilde Van Mas_G3A5850_V2\" data-e-action-hash=\"#elementor-action%3Aaction%3Dlightbox%26settings%3DeyJpZCI6MTYzOSwidXJsIjoiaHR0cDpcL1wvd3d3LmRlcm9lc3RlcnJlaWNoaXNjaGVmcmlzZXVyLmF0XC93cC1jb250ZW50XC91cGxvYWRzXC8yMDI0XC8wNVwvd2ViX1N0ZWlubWV0ei1CdW5keS1Qcml2YXRzYWxvbl9SRUQtU1MtMjAyNF9jX0hpbGRlLVZhbi1NYXNfRzNBNTg1MF9WMi5qcGciLCJzbGlkZXNob3ciOiI4ZGNhZjQ0In0%3D\"><br \/>\n\t\t\t\t\t\t\t\t\t\t\t\t\t\t<\/a><\/p>\n<p>Copyrights der Fotos: Steinmetz-Bundy Privatsalon \/ Hilde Van Mas\u00a0<\/p>\n<p>Hair: Hannes Steinmetz &amp; Sandra Filipovic, Steinmetz-Bundy Privatsalon\u00a0<\/p>\n<p>Fotografie: Hilde Van Mas\u00a0<\/p>\n","protected":false},"excerpt":{"rendered":"<p>Frisuren-Kollektion \u201eRED!\u201c: Steinmetz-Bundy Privatsalon inszeniert in der Sommersaison 2024 Rot als die st\u00e4rkste aller Farben\u00a0 Variantenreichen Looks und einfache Styling-M\u00f6glichkeiten verspr\u00fchen Sommerfeeling pur\u00a0 Wenn der Sommer naht, steigt die Lust, mit dem Hairstyling ein \u00fcberraschendes Statement zu setzen. Entscheidend f\u00fcr einen aufsehenerregenden Look sind dabei immer auch die farblichen Akzente. Da in den\u00a0 letzten\u00a0 Styling-Saisonen\u00a0 Blond-\u00a0 und\u00a0 Braunt\u00f6ne\u00a0 die\u00a0 Farbwahl\u00a0 pr\u00e4gten,\u00a0 verk\u00fcndet\u00a0 Hannes Steinmetz vom Steinmetz-Bundy Privatsalon f\u00fcr die Sommersaison&hellip;<\/p>\n","protected":false},"author":1,"featured_media":1642,"comment_status":"closed","ping_status":"open","sticky":false,"template":"","format":"standard","meta":{"footnotes":""},"categories":[14],"tags":[],"class_list":["post-1703","post","type-post","status-publish","format-standard","has-post-thumbnail","hentry","category-frisurentrends"],"_links":{"self":[{"href":"http:\/\/www.deroesterreichischefriseur.at\/index.php?rest_route=\/wp\/v2\/posts\/1703","targetHints":{"allow":["GET"]}}],"collection":[{"href":"http:\/\/www.deroesterreichischefriseur.at\/index.php?rest_route=\/wp\/v2\/posts"}],"about":[{"href":"http:\/\/www.deroesterreichischefriseur.at\/index.php?rest_route=\/wp\/v2\/types\/post"}],"author":[{"embeddable":true,"href":"http:\/\/www.deroesterreichischefriseur.at\/index.php?rest_route=\/wp\/v2\/users\/1"}],"replies":[{"embeddable":true,"href":"http:\/\/www.deroesterreichischefriseur.at\/index.php?rest_route=%2Fwp%2Fv2%2Fcomments&post=1703"}],"version-history":[{"count":4,"href":"http:\/\/www.deroesterreichischefriseur.at\/index.php?rest_route=\/wp\/v2\/posts\/1703\/revisions"}],"predecessor-version":[{"id":1708,"href":"http:\/\/www.deroesterreichischefriseur.at\/index.php?rest_route=\/wp\/v2\/posts\/1703\/revisions\/1708"}],"wp:featuredmedia":[{"embeddable":true,"href":"http:\/\/www.deroesterreichischefriseur.at\/index.php?rest_route=\/wp\/v2\/media\/1642"}],"wp:attachment":[{"href":"http:\/\/www.deroesterreichischefriseur.at\/index.php?rest_route=%2Fwp%2Fv2%2Fmedia&parent=1703"}],"wp:term":[{"taxonomy":"category","embeddable":true,"href":"http:\/\/www.deroesterreichischefriseur.at\/index.php?rest_route=%2Fwp%2Fv2%2Fcategories&post=1703"},{"taxonomy":"post_tag","embeddable":true,"href":"http:\/\/www.deroesterreichischefriseur.at\/index.php?rest_route=%2Fwp%2Fv2%2Ftags&post=1703"}],"curies":[{"name":"wp","href":"https:\/\/api.w.org\/{rel}","templated":true}]}}