{"id":1520,"date":"2024-03-10T13:43:20","date_gmt":"2024-03-10T12:43:20","guid":{"rendered":"http:\/\/www.deroesterreichischefriseur.at\/?p=1520"},"modified":"2024-03-10T13:43:20","modified_gmt":"2024-03-10T12:43:20","slug":"societe-francaise-de-biosthetique-ohne-fleiss-kein-preis-die-teamleiter-der-sfb-trafen-sich-in-pforzheim","status":"publish","type":"post","link":"http:\/\/www.deroesterreichischefriseur.at\/?p=1520","title":{"rendered":"Soci\u00e9t\u00e9 Fran\u00e7aise de Biosth\u00e9tique &#8211; Ohne Flei\u00df kein Preis: Die Teamleiter der SFB trafen sich in Pforzheim"},"content":{"rendered":"\n<p><em>Gemeinsam die Zukunft der Friseurbranche gestalten \u2013 so lautet seit jeher das Motto der Soci\u00e9t\u00e9 Fran\u00e7aise de Biosth\u00e9tique (SFB). Als\u00a0gr\u00f6\u00dfte private Friseur- und Kosmetik-Community im deutschsprachigen Raum organisiert sich die SFB im Wesentlichen in drei Gruppen: Neben den Young Professionals und den Management-Gruppen sind vor allem die rund 80 Aktivgruppen bekannt, die von Teamleitern gef\u00fchrt werden. Hier wird die\u00a0hohe Kunst des Friseurhandwerks gefeiert, das Beauty Concept vermittelt und der Nachwuchs gef\u00f6rdert. Die Solidarit\u00e4t unter den rund 1.800 SFB-Mitgliedern wird intensiv gelebt. Am ersten Februarwochenende trafen sich die rund 80 Teamleiter der Aktivgruppen zu einem inspirierenden Tagungsprogramm in Pforzheim.<\/em><\/p>\n\n\n\n<p><\/p>\n\n\n\n<p><em>Bereits am Samstag freuten sich viele Freunde und Kollegen beim Get Together im Parkhotel Pforzheim \u00fcber ihr Wiedersehen. Am Sonntagmorgen startete die Veranstaltung p\u00fcnktlich mit einer herzlichen Begr\u00fc\u00dfung der beiden SFB-Pr\u00e4sidenten Patrick Lamp und Gabi Stern. Den offiziellen Teil er\u00f6ffnete Felix Weiser (Gesch\u00e4ftsf\u00fchrer La Biosth\u00e9tique \u00d6sterreich), der die G\u00e4ste \u00fcber die wichtigsten Neuigkeiten des SFB-Partners informierte: Besonders \u00fcberraschend war die Ank\u00fcndigung, dass die Haar- Kopfhaut- und Hautpflegeprodukte k\u00fcnftig wieder nach den l\u00f6sungsorientierten Methoden von La Biosth\u00e9tique Gr\u00fcnder Marcel Contier klassifiziert werden. Zur\u00fcck zu den Wurzeln\u2026<\/em><\/p>\n\n\n\n<p><\/p>\n\n\n\n<p>La Biosth\u00e9tique Creative-Director Alexander Dinter pr\u00e4sentierte die Entstehung eines Trends und den aktuellen Haartrend zun\u00e4chst in Theorie und sp\u00e4ter gemeinsam mit seinen Kollegen Georg Zacher und Maximilian Meyer live auf der B\u00fchne. Die Teilnehmer waren begeistert und durften den Trend selbst ausprobieren. Nach einer kurzen Pause informierte Claudia Zandron-Schedwill \u00fcber die La Biosth\u00e9tique Neuheiten im Make-up- und Beautysektor von La Biosth\u00e9tique.<\/p>\n\n\n\n<p><\/p>\n\n\n\n<p>Am Nachmittag zogen sich die einzelnen SFB-Regionen zu ihren Besprechungen zur\u00fcck und erhielten Informationen \u00fcber die neue SFB-App, die neue Homepage und die Events im Jahr 2024. Nach diesem dichten Indoor-Programm tat der Spaziergang zum Gasometer richtig gut. Dort erlebten die Teilnehmer das beeindruckende aktuelle Programm \u201ePergamon\u201c, bevor es zur\u00fcck ins Parkhotel zum gemeinsamen Abendessen und geselligen Beisammensein ging.&nbsp;<\/p>\n\n\n\n<p><\/p>\n\n\n\n<p>Der Montagmorgen stand ganz im Zeichen der neuen Pr\u00e4sidiumswahl Deutschland: Die bisherige Vizepr\u00e4sidentin Gabi Stern wurde mit gro\u00dfer Mehrheit zur neuen Pr\u00e4sidentin gew\u00e4hlt und l\u00f6st somit Patrick Lamp ab, der nach drei erfolgreichen Jahren zwar nicht mehr f\u00fcr das Amt des Pr\u00e4sidenten zur Verf\u00fcgung steht, das Pr\u00e4sidium aber weiterhin als Berater unterst\u00fctzen wird. Angela Schr\u00f6der wurde zur Vizepr\u00e4sidentin gew\u00e4hlt. Erg\u00e4nzt wird der neue Vorstand durch Marcus Matthes, Nicole Donner, Norma Garwels, Ingo Lefering und Sigrid Haspel.<\/p>\n\n\n\n<p><\/p>\n\n\n\n<p>Nach der Wahl, begleitet von emotionalen Dankesworten von Patrick Lamp und Gabi Stern, stand La Biosth\u00e9tique Gesch\u00e4ftsf\u00fchrer Jean-Marc Weiser den Teilnehmern f\u00fcr Fragen zu neuen Produktkonzepten bei der Coloration, beim Styling sowie in Sachen Nachhaltigkeit zur Verf\u00fcgung. Diese Themen wurden anschlie\u00dfend von den jeweiligen Experten aus dem Hause La Biosth\u00e9tique vertieft.<\/p>\n\n\n\n<p><\/p>\n\n\n\n<p>Die Teamleitertagung 2024 endete am sp\u00e4ten Montagvormittag mit einem spannenden Vortrag von Motivationstrainer Friedi K\u00fchne. Unter dem Motto \u201eOhne Flei\u00df kein Preis\u201c, ermutigte der waghalsige Free-Solo Akrobat die Teilnehmer, auch in schwierigen Situationen nicht aufzugeben. Bekannt f\u00fcr zahlreiche Rekorde, teilweise in Hunderten Metern H\u00f6he ungesichert auf dem Seil, betonte der Profi-Slackliner die Bedeutung des Teamgedankens, um gemeinsam Herausforderungen zu meistern und letztendlich erfolgreich zu sein. Die Teamleiter der SFB demonstrierten einmal mehr, wie der Teamgeist in den Aktivgruppen umgesetzt und gelebt wird.<\/p>\n\n\n\n<p><\/p>\n\n\n\n<figure class=\"wp-block-gallery has-nested-images columns-default is-cropped wp-block-gallery-1 is-layout-flex wp-block-gallery-is-layout-flex\">\n<figure class=\"wp-block-image size-large\"><img fetchpriority=\"high\" decoding=\"async\" width=\"1024\" height=\"683\" data-id=\"1524\" src=\"http:\/\/www.deroesterreichischefriseur.at\/wp-content\/uploads\/2024\/02\/Publikum-Teamleitertagung-1024x683.jpg\" alt=\"\" class=\"wp-image-1524\" srcset=\"http:\/\/www.deroesterreichischefriseur.at\/wp-content\/uploads\/2024\/02\/Publikum-Teamleitertagung-1024x683.jpg 1024w, http:\/\/www.deroesterreichischefriseur.at\/wp-content\/uploads\/2024\/02\/Publikum-Teamleitertagung-300x200.jpg 300w, http:\/\/www.deroesterreichischefriseur.at\/wp-content\/uploads\/2024\/02\/Publikum-Teamleitertagung-768x512.jpg 768w, http:\/\/www.deroesterreichischefriseur.at\/wp-content\/uploads\/2024\/02\/Publikum-Teamleitertagung-1536x1024.jpg 1536w, http:\/\/www.deroesterreichischefriseur.at\/wp-content\/uploads\/2024\/02\/Publikum-Teamleitertagung-2048x1365.jpg 2048w, http:\/\/www.deroesterreichischefriseur.at\/wp-content\/uploads\/2024\/02\/Publikum-Teamleitertagung-150x100.jpg 150w\" sizes=\"(max-width: 1024px) 100vw, 1024px\" \/><\/figure>\n\n\n\n<figure class=\"wp-block-image size-large\"><img decoding=\"async\" width=\"1024\" height=\"683\" data-id=\"1523\" src=\"http:\/\/www.deroesterreichischefriseur.at\/wp-content\/uploads\/2024\/02\/Die-neuen-Teamleiter-der-SFB-wurden-willkommen-geheissen-1024x683.jpg\" alt=\"\" class=\"wp-image-1523\" srcset=\"http:\/\/www.deroesterreichischefriseur.at\/wp-content\/uploads\/2024\/02\/Die-neuen-Teamleiter-der-SFB-wurden-willkommen-geheissen-1024x683.jpg 1024w, http:\/\/www.deroesterreichischefriseur.at\/wp-content\/uploads\/2024\/02\/Die-neuen-Teamleiter-der-SFB-wurden-willkommen-geheissen-300x200.jpg 300w, http:\/\/www.deroesterreichischefriseur.at\/wp-content\/uploads\/2024\/02\/Die-neuen-Teamleiter-der-SFB-wurden-willkommen-geheissen-768x512.jpg 768w, http:\/\/www.deroesterreichischefriseur.at\/wp-content\/uploads\/2024\/02\/Die-neuen-Teamleiter-der-SFB-wurden-willkommen-geheissen-1536x1024.jpg 1536w, http:\/\/www.deroesterreichischefriseur.at\/wp-content\/uploads\/2024\/02\/Die-neuen-Teamleiter-der-SFB-wurden-willkommen-geheissen-2048x1365.jpg 2048w, http:\/\/www.deroesterreichischefriseur.at\/wp-content\/uploads\/2024\/02\/Die-neuen-Teamleiter-der-SFB-wurden-willkommen-geheissen-150x100.jpg 150w\" sizes=\"(max-width: 1024px) 100vw, 1024px\" \/><\/figure>\n\n\n\n<figure class=\"wp-block-image size-large\"><img decoding=\"async\" width=\"1024\" height=\"683\" data-id=\"1525\" src=\"http:\/\/www.deroesterreichischefriseur.at\/wp-content\/uploads\/2024\/02\/Felix-und-Jean-Marc-Weiser-Geschaeftsfuehrung-La-Biosthetique-1024x683.jpg\" alt=\"\" class=\"wp-image-1525\" srcset=\"http:\/\/www.deroesterreichischefriseur.at\/wp-content\/uploads\/2024\/02\/Felix-und-Jean-Marc-Weiser-Geschaeftsfuehrung-La-Biosthetique-1024x683.jpg 1024w, http:\/\/www.deroesterreichischefriseur.at\/wp-content\/uploads\/2024\/02\/Felix-und-Jean-Marc-Weiser-Geschaeftsfuehrung-La-Biosthetique-300x200.jpg 300w, http:\/\/www.deroesterreichischefriseur.at\/wp-content\/uploads\/2024\/02\/Felix-und-Jean-Marc-Weiser-Geschaeftsfuehrung-La-Biosthetique-768x512.jpg 768w, http:\/\/www.deroesterreichischefriseur.at\/wp-content\/uploads\/2024\/02\/Felix-und-Jean-Marc-Weiser-Geschaeftsfuehrung-La-Biosthetique-1536x1024.jpg 1536w, http:\/\/www.deroesterreichischefriseur.at\/wp-content\/uploads\/2024\/02\/Felix-und-Jean-Marc-Weiser-Geschaeftsfuehrung-La-Biosthetique-2048x1365.jpg 2048w, http:\/\/www.deroesterreichischefriseur.at\/wp-content\/uploads\/2024\/02\/Felix-und-Jean-Marc-Weiser-Geschaeftsfuehrung-La-Biosthetique-150x100.jpg 150w\" sizes=\"(max-width: 1024px) 100vw, 1024px\" \/><\/figure>\n\n\n\n<figure class=\"wp-block-image size-large\"><img loading=\"lazy\" decoding=\"async\" width=\"1024\" height=\"683\" data-id=\"1521\" src=\"http:\/\/www.deroesterreichischefriseur.at\/wp-content\/uploads\/2024\/02\/Friedi-Kuehne-1024x683.jpg\" alt=\"\" class=\"wp-image-1521\" srcset=\"http:\/\/www.deroesterreichischefriseur.at\/wp-content\/uploads\/2024\/02\/Friedi-Kuehne-1024x683.jpg 1024w, http:\/\/www.deroesterreichischefriseur.at\/wp-content\/uploads\/2024\/02\/Friedi-Kuehne-300x200.jpg 300w, http:\/\/www.deroesterreichischefriseur.at\/wp-content\/uploads\/2024\/02\/Friedi-Kuehne-768x512.jpg 768w, http:\/\/www.deroesterreichischefriseur.at\/wp-content\/uploads\/2024\/02\/Friedi-Kuehne-1536x1024.jpg 1536w, http:\/\/www.deroesterreichischefriseur.at\/wp-content\/uploads\/2024\/02\/Friedi-Kuehne-2048x1365.jpg 2048w, http:\/\/www.deroesterreichischefriseur.at\/wp-content\/uploads\/2024\/02\/Friedi-Kuehne-150x100.jpg 150w\" sizes=\"(max-width: 1024px) 100vw, 1024px\" \/><\/figure>\n\n\n\n<figure class=\"wp-block-image size-large\"><img loading=\"lazy\" decoding=\"async\" width=\"1024\" height=\"683\" data-id=\"1522\" src=\"http:\/\/www.deroesterreichischefriseur.at\/wp-content\/uploads\/2024\/02\/Gabi-Stern-sammelt-fuer-den-SFB-Fonds-1024x683.jpg\" alt=\"\" class=\"wp-image-1522\" srcset=\"http:\/\/www.deroesterreichischefriseur.at\/wp-content\/uploads\/2024\/02\/Gabi-Stern-sammelt-fuer-den-SFB-Fonds-1024x683.jpg 1024w, http:\/\/www.deroesterreichischefriseur.at\/wp-content\/uploads\/2024\/02\/Gabi-Stern-sammelt-fuer-den-SFB-Fonds-300x200.jpg 300w, http:\/\/www.deroesterreichischefriseur.at\/wp-content\/uploads\/2024\/02\/Gabi-Stern-sammelt-fuer-den-SFB-Fonds-768x512.jpg 768w, http:\/\/www.deroesterreichischefriseur.at\/wp-content\/uploads\/2024\/02\/Gabi-Stern-sammelt-fuer-den-SFB-Fonds-1536x1024.jpg 1536w, http:\/\/www.deroesterreichischefriseur.at\/wp-content\/uploads\/2024\/02\/Gabi-Stern-sammelt-fuer-den-SFB-Fonds-2048x1365.jpg 2048w, http:\/\/www.deroesterreichischefriseur.at\/wp-content\/uploads\/2024\/02\/Gabi-Stern-sammelt-fuer-den-SFB-Fonds-150x100.jpg 150w\" sizes=\"(max-width: 1024px) 100vw, 1024px\" \/><\/figure>\n\n\n\n<figure class=\"wp-block-image size-large\"><img loading=\"lazy\" decoding=\"async\" width=\"1024\" height=\"683\" data-id=\"1526\" src=\"http:\/\/www.deroesterreichischefriseur.at\/wp-content\/uploads\/2024\/02\/Gabi-Stern-und-Patrick-Lamp-1024x683.jpg\" alt=\"\" class=\"wp-image-1526\" srcset=\"http:\/\/www.deroesterreichischefriseur.at\/wp-content\/uploads\/2024\/02\/Gabi-Stern-und-Patrick-Lamp-1024x683.jpg 1024w, http:\/\/www.deroesterreichischefriseur.at\/wp-content\/uploads\/2024\/02\/Gabi-Stern-und-Patrick-Lamp-300x200.jpg 300w, http:\/\/www.deroesterreichischefriseur.at\/wp-content\/uploads\/2024\/02\/Gabi-Stern-und-Patrick-Lamp-768x512.jpg 768w, http:\/\/www.deroesterreichischefriseur.at\/wp-content\/uploads\/2024\/02\/Gabi-Stern-und-Patrick-Lamp-1536x1024.jpg 1536w, http:\/\/www.deroesterreichischefriseur.at\/wp-content\/uploads\/2024\/02\/Gabi-Stern-und-Patrick-Lamp-2048x1365.jpg 2048w, http:\/\/www.deroesterreichischefriseur.at\/wp-content\/uploads\/2024\/02\/Gabi-Stern-und-Patrick-Lamp-150x100.jpg 150w\" sizes=\"(max-width: 1024px) 100vw, 1024px\" \/><\/figure>\n\n\n\n<figure class=\"wp-block-image size-large\"><img loading=\"lazy\" decoding=\"async\" width=\"1024\" height=\"683\" data-id=\"1527\" src=\"http:\/\/www.deroesterreichischefriseur.at\/wp-content\/uploads\/2024\/02\/Maximilian-Meyer-Alexander-Dinter-Georg-Zacher-1024x683.jpg\" alt=\"\" class=\"wp-image-1527\" srcset=\"http:\/\/www.deroesterreichischefriseur.at\/wp-content\/uploads\/2024\/02\/Maximilian-Meyer-Alexander-Dinter-Georg-Zacher-1024x683.jpg 1024w, http:\/\/www.deroesterreichischefriseur.at\/wp-content\/uploads\/2024\/02\/Maximilian-Meyer-Alexander-Dinter-Georg-Zacher-300x200.jpg 300w, http:\/\/www.deroesterreichischefriseur.at\/wp-content\/uploads\/2024\/02\/Maximilian-Meyer-Alexander-Dinter-Georg-Zacher-768x512.jpg 768w, http:\/\/www.deroesterreichischefriseur.at\/wp-content\/uploads\/2024\/02\/Maximilian-Meyer-Alexander-Dinter-Georg-Zacher-1536x1024.jpg 1536w, http:\/\/www.deroesterreichischefriseur.at\/wp-content\/uploads\/2024\/02\/Maximilian-Meyer-Alexander-Dinter-Georg-Zacher-2048x1365.jpg 2048w, http:\/\/www.deroesterreichischefriseur.at\/wp-content\/uploads\/2024\/02\/Maximilian-Meyer-Alexander-Dinter-Georg-Zacher-150x100.jpg 150w\" sizes=\"(max-width: 1024px) 100vw, 1024px\" \/><\/figure>\n\n\n\n<figure class=\"wp-block-image size-large\"><img loading=\"lazy\" decoding=\"async\" width=\"1024\" height=\"683\" data-id=\"1528\" src=\"http:\/\/www.deroesterreichischefriseur.at\/wp-content\/uploads\/2024\/02\/Abendessen-im-Parkhotel-1024x683.jpg\" alt=\"\" class=\"wp-image-1528\" srcset=\"http:\/\/www.deroesterreichischefriseur.at\/wp-content\/uploads\/2024\/02\/Abendessen-im-Parkhotel-1024x683.jpg 1024w, http:\/\/www.deroesterreichischefriseur.at\/wp-content\/uploads\/2024\/02\/Abendessen-im-Parkhotel-300x200.jpg 300w, http:\/\/www.deroesterreichischefriseur.at\/wp-content\/uploads\/2024\/02\/Abendessen-im-Parkhotel-768x512.jpg 768w, http:\/\/www.deroesterreichischefriseur.at\/wp-content\/uploads\/2024\/02\/Abendessen-im-Parkhotel-1536x1024.jpg 1536w, http:\/\/www.deroesterreichischefriseur.at\/wp-content\/uploads\/2024\/02\/Abendessen-im-Parkhotel-2048x1365.jpg 2048w, http:\/\/www.deroesterreichischefriseur.at\/wp-content\/uploads\/2024\/02\/Abendessen-im-Parkhotel-150x100.jpg 150w\" sizes=\"(max-width: 1024px) 100vw, 1024px\" \/><\/figure>\n\n\n\n<figure class=\"wp-block-image size-large\"><img loading=\"lazy\" decoding=\"async\" width=\"1024\" height=\"683\" data-id=\"1531\" src=\"http:\/\/www.deroesterreichischefriseur.at\/wp-content\/uploads\/2024\/02\/Alexander-Dinter-praesentiert-die-Trends-1024x683.jpg\" alt=\"\" class=\"wp-image-1531\" srcset=\"http:\/\/www.deroesterreichischefriseur.at\/wp-content\/uploads\/2024\/02\/Alexander-Dinter-praesentiert-die-Trends-1024x683.jpg 1024w, http:\/\/www.deroesterreichischefriseur.at\/wp-content\/uploads\/2024\/02\/Alexander-Dinter-praesentiert-die-Trends-300x200.jpg 300w, http:\/\/www.deroesterreichischefriseur.at\/wp-content\/uploads\/2024\/02\/Alexander-Dinter-praesentiert-die-Trends-768x512.jpg 768w, http:\/\/www.deroesterreichischefriseur.at\/wp-content\/uploads\/2024\/02\/Alexander-Dinter-praesentiert-die-Trends-1536x1024.jpg 1536w, http:\/\/www.deroesterreichischefriseur.at\/wp-content\/uploads\/2024\/02\/Alexander-Dinter-praesentiert-die-Trends-2048x1365.jpg 2048w, http:\/\/www.deroesterreichischefriseur.at\/wp-content\/uploads\/2024\/02\/Alexander-Dinter-praesentiert-die-Trends-150x100.jpg 150w\" sizes=\"(max-width: 1024px) 100vw, 1024px\" \/><\/figure>\n\n\n\n<figure class=\"wp-block-image size-large\"><img loading=\"lazy\" decoding=\"async\" width=\"1024\" height=\"683\" data-id=\"1530\" src=\"http:\/\/www.deroesterreichischefriseur.at\/wp-content\/uploads\/2024\/02\/Claudia-Zandron-Schedwill-1024x683.jpg\" alt=\"\" class=\"wp-image-1530\" srcset=\"http:\/\/www.deroesterreichischefriseur.at\/wp-content\/uploads\/2024\/02\/Claudia-Zandron-Schedwill-1024x683.jpg 1024w, http:\/\/www.deroesterreichischefriseur.at\/wp-content\/uploads\/2024\/02\/Claudia-Zandron-Schedwill-300x200.jpg 300w, http:\/\/www.deroesterreichischefriseur.at\/wp-content\/uploads\/2024\/02\/Claudia-Zandron-Schedwill-768x512.jpg 768w, http:\/\/www.deroesterreichischefriseur.at\/wp-content\/uploads\/2024\/02\/Claudia-Zandron-Schedwill-1536x1024.jpg 1536w, http:\/\/www.deroesterreichischefriseur.at\/wp-content\/uploads\/2024\/02\/Claudia-Zandron-Schedwill-2048x1365.jpg 2048w, http:\/\/www.deroesterreichischefriseur.at\/wp-content\/uploads\/2024\/02\/Claudia-Zandron-Schedwill-150x100.jpg 150w\" sizes=\"(max-width: 1024px) 100vw, 1024px\" \/><\/figure>\n\n\n\n<figure class=\"wp-block-image size-large\"><img loading=\"lazy\" decoding=\"async\" width=\"1024\" height=\"683\" data-id=\"1529\" src=\"http:\/\/www.deroesterreichischefriseur.at\/wp-content\/uploads\/2024\/02\/Das-neue-SFB-Praesidium-Deutschland-1024x683.jpg\" alt=\"\" class=\"wp-image-1529\" srcset=\"http:\/\/www.deroesterreichischefriseur.at\/wp-content\/uploads\/2024\/02\/Das-neue-SFB-Praesidium-Deutschland-1024x683.jpg 1024w, http:\/\/www.deroesterreichischefriseur.at\/wp-content\/uploads\/2024\/02\/Das-neue-SFB-Praesidium-Deutschland-300x200.jpg 300w, http:\/\/www.deroesterreichischefriseur.at\/wp-content\/uploads\/2024\/02\/Das-neue-SFB-Praesidium-Deutschland-768x512.jpg 768w, http:\/\/www.deroesterreichischefriseur.at\/wp-content\/uploads\/2024\/02\/Das-neue-SFB-Praesidium-Deutschland-1536x1024.jpg 1536w, http:\/\/www.deroesterreichischefriseur.at\/wp-content\/uploads\/2024\/02\/Das-neue-SFB-Praesidium-Deutschland-2048x1365.jpg 2048w, http:\/\/www.deroesterreichischefriseur.at\/wp-content\/uploads\/2024\/02\/Das-neue-SFB-Praesidium-Deutschland-150x100.jpg 150w\" sizes=\"(max-width: 1024px) 100vw, 1024px\" \/><\/figure>\n<\/figure>\n","protected":false},"excerpt":{"rendered":"<p>Gemeinsam die Zukunft der Friseurbranche gestalten \u2013 so lautet seit jeher das Motto der Soci\u00e9t\u00e9 Fran\u00e7aise de Biosth\u00e9tique (SFB). Als\u00a0gr\u00f6\u00dfte private Friseur- und Kosmetik-Community im deutschsprachigen Raum organisiert sich die SFB im Wesentlichen in drei Gruppen: Neben den Young Professionals und den Management-Gruppen sind vor allem die rund 80 Aktivgruppen bekannt, die von Teamleitern gef\u00fchrt werden. Hier wird die\u00a0hohe Kunst des Friseurhandwerks gefeiert, das Beauty Concept vermittelt und der Nachwuchs&hellip;<\/p>\n","protected":false},"author":1,"featured_media":1522,"comment_status":"closed","ping_status":"open","sticky":false,"template":"","format":"standard","meta":{"footnotes":""},"categories":[10,1],"tags":[],"class_list":["post-1520","post","type-post","status-publish","format-standard","has-post-thumbnail","hentry","category-thema","category-uncategorized"],"_links":{"self":[{"href":"http:\/\/www.deroesterreichischefriseur.at\/index.php?rest_route=\/wp\/v2\/posts\/1520","targetHints":{"allow":["GET"]}}],"collection":[{"href":"http:\/\/www.deroesterreichischefriseur.at\/index.php?rest_route=\/wp\/v2\/posts"}],"about":[{"href":"http:\/\/www.deroesterreichischefriseur.at\/index.php?rest_route=\/wp\/v2\/types\/post"}],"author":[{"embeddable":true,"href":"http:\/\/www.deroesterreichischefriseur.at\/index.php?rest_route=\/wp\/v2\/users\/1"}],"replies":[{"embeddable":true,"href":"http:\/\/www.deroesterreichischefriseur.at\/index.php?rest_route=%2Fwp%2Fv2%2Fcomments&post=1520"}],"version-history":[{"count":2,"href":"http:\/\/www.deroesterreichischefriseur.at\/index.php?rest_route=\/wp\/v2\/posts\/1520\/revisions"}],"predecessor-version":[{"id":1550,"href":"http:\/\/www.deroesterreichischefriseur.at\/index.php?rest_route=\/wp\/v2\/posts\/1520\/revisions\/1550"}],"wp:featuredmedia":[{"embeddable":true,"href":"http:\/\/www.deroesterreichischefriseur.at\/index.php?rest_route=\/wp\/v2\/media\/1522"}],"wp:attachment":[{"href":"http:\/\/www.deroesterreichischefriseur.at\/index.php?rest_route=%2Fwp%2Fv2%2Fmedia&parent=1520"}],"wp:term":[{"taxonomy":"category","embeddable":true,"href":"http:\/\/www.deroesterreichischefriseur.at\/index.php?rest_route=%2Fwp%2Fv2%2Fcategories&post=1520"},{"taxonomy":"post_tag","embeddable":true,"href":"http:\/\/www.deroesterreichischefriseur.at\/index.php?rest_route=%2Fwp%2Fv2%2Ftags&post=1520"}],"curies":[{"name":"wp","href":"https:\/\/api.w.org\/{rel}","templated":true}]}}