{"id":1490,"date":"2024-03-02T12:00:00","date_gmt":"2024-03-02T11:00:00","guid":{"rendered":"http:\/\/www.deroesterreichischefriseur.at\/?p=1490"},"modified":"2024-03-10T15:05:18","modified_gmt":"2024-03-10T14:05:18","slug":"paul-mitchell-clean-beauty-color-protect-brillanz-und-farbauffrischung-fuer-gefaerbtes-haar","status":"publish","type":"post","link":"http:\/\/www.deroesterreichischefriseur.at\/?p=1490","title":{"rendered":"Paul Mitchell\u00ae Clean Beauty Color Protect: Brillanz und Farbauffrischung f\u00fcr gef\u00e4rbtes Haar"},"content":{"rendered":"\t\t<div data-elementor-type=\"wp-post\" data-elementor-id=\"1490\" class=\"elementor elementor-1490\" data-elementor-post-type=\"post\">\n\t\t\t\t<div class=\"elementor-element elementor-element-68652405 e-flex e-con-boxed e-con e-parent\" data-id=\"68652405\" data-element_type=\"container\" data-e-type=\"container\">\n\t\t\t\t\t<div class=\"e-con-inner\">\n\t\t\t\t<div class=\"elementor-element elementor-element-2db0d728 elementor-widget elementor-widget-text-editor\" data-id=\"2db0d728\" data-element_type=\"widget\" data-e-type=\"widget\" data-widget_type=\"text-editor.default\">\n\t\t\t\t<div class=\"elementor-widget-container\">\n\t\t\t\t\t\t\t\t\t\n<p>Frisch vom Friseur strahlt und gl\u00e4nzt die neue Haarfarbe. Damit das auch lange so bleibt, gibt es die nachhaltige Haarpflege Paul Mitchell\u00ae Clean Beauty Color Protect. Die Rezeptur mit \u201eAnti-Fade-Effekt\u201c reduziert das Verblassen der Haarfarbe dank stark antioxidativem Granatapfelextrakt und revitalisierendem Borretsch-\u00d6l. Shampoo, Conditioner, Leave-In Treatment helfen, die Brillanz der Haarfarbe zu erhalten. Besonderes Highlight: farbeinlagernde Maske in f\u00fcnf Nuancen frischen die Coloration zwischen den Salonbesuchen auf. F\u00fcr Blond-Fans gibt es ein spezielles Shampoo, das Gelb- und Goldt\u00f6ne reduziert. Egal welches Produkt \u2013 der frische, fruchtige Duft mit floralen Nuancen und Vanille-Aroma verw\u00f6hnt die Sinne.<\/p>\n\n\n\n<p><\/p>\n\n\n\n<p><strong>Mit Granatapfelextrakt und Borretsch-\u00d6l. Gut bei farbbehandeltem Haar.<\/strong><\/p>\n\n\n<div class=\"wp-block-image\">\n<figure class=\"aligncenter size-large is-resized\"><img fetchpriority=\"high\" decoding=\"async\" width=\"1024\" height=\"730\" src=\"http:\/\/www.deroesterreichischefriseur.at\/wp-content\/uploads\/2024\/02\/23_PM_CB_CP_Artistic_Group_3_RGB-2400x2400-1-1024x730.png\" alt=\"\" class=\"wp-image-1494\" style=\"width:846px;height:auto\" srcset=\"http:\/\/www.deroesterreichischefriseur.at\/wp-content\/uploads\/2024\/02\/23_PM_CB_CP_Artistic_Group_3_RGB-2400x2400-1-1024x730.png 1024w, http:\/\/www.deroesterreichischefriseur.at\/wp-content\/uploads\/2024\/02\/23_PM_CB_CP_Artistic_Group_3_RGB-2400x2400-1-300x214.png 300w, http:\/\/www.deroesterreichischefriseur.at\/wp-content\/uploads\/2024\/02\/23_PM_CB_CP_Artistic_Group_3_RGB-2400x2400-1-768x547.png 768w, http:\/\/www.deroesterreichischefriseur.at\/wp-content\/uploads\/2024\/02\/23_PM_CB_CP_Artistic_Group_3_RGB-2400x2400-1.png 1280w\" sizes=\"(max-width: 1024px) 100vw, 1024px\" \/><\/figure>\n<\/div>\n\n\n<p><strong>Paul Mitchell\u00ae Clean Beauty Color Protect<\/strong><br>Granatapfel enth\u00e4lt Polyphenole, nat\u00fcrliche Super-Antioxidantien, die die Intensit\u00e4t und Ausstrahlung der Farbe vor \u00e4u\u00dferen Einfl\u00fcssen sch\u00fctzen. Borretsch-\u00d6l verleiht stumpfem und m\u00fcdem Haar wieder Kraft, Glanz und Ausstrahlung. Mehrfach und einfach unges\u00e4ttigte Fetts\u00e4uren und Vitamine machen es zu einem wirksamen Mittel, um das Haarwachstum zu f\u00f6rdern und den Haarausfall zu stoppen.<\/p>\n\n\n\n<p><\/p>\n\n\n\n<p><strong>Paul Mitchell\u00ae Clean Beauty Color Protect Shampoo <\/strong><\/p>\n\n\n\n<p>Reinigt sanft. Erh\u00e4lt die Haarfarbe.<\/p>\n\n\n\n<p>Eigenschaften: Reinigt das Haar sanft und sch\u00fctzt die Haarfarbe bei jeder W\u00e4sche. Granatapfelextrakt ist reich an Antioxidantien und hilft, das Verblassen der Haarfarbe durch Umwelteinfl\u00fcsse zu verhindern. Gleichzeitig sch\u00fctzt er das Haar vor Sch\u00e4den durch freie Radikale. Borretsch-\u00d6l tr\u00e4gt dazu bei, Anzeichen von Sch\u00e4den sichtbar zu reduzieren und schenkt intensiven Glanz.<\/p>\n\n\n\n<p>Bonus: Hergestellt aus Inhaltsstoffen, die zu 83 % nat\u00fcrlichen Ursprungs sind und professionelle Ergebnisse liefern.<\/p>\n\n\n\n<p>Anwendung: Eine kleine Menge auf das feuchte Haar auftragen. Einmassieren. Aussp\u00fclen.<\/p>\n\n\n\n<p><\/p>\n\n\n\n<p><strong>Paul Mitchell\u00ae Clean Beauty Color Protect Conditioner <\/strong><\/p>\n\n\n\n<p>Regeneriert und verl\u00e4ngert die Farbbrillanz.<\/p>\n\n\n\n<p>Eigenschaften: Speziell f\u00fcr coloriertes Haar entwickelt, regeneriert der Conditioner das Haar und verl\u00e4ngert die Brillanz der Haarfarbe. Granatapfelextrakt ist reich an Antioxidantien und hilft, das Verblassen der Haarfarbe durch Umwelteinfl\u00fcsse zu verhindern. Gleichzeitig sch\u00fctzt er das Haar vor Sch\u00e4den durch freie Radikale. Borretsch-\u00d6l pflegt und verleiht Geschmeidigkeit und Glanz.<\/p>\n\n\n\n<p>Bonus: Hergestellt aus Inhaltsstoffen, die zu 94 % nat\u00fcrlichen Ursprungs sind und professionelle Ergebnisse liefern.<\/p>\n\n\n\n<p>Anwendung: Nach dem Shampoonieren eine kleine Menge auftragen. Einmassieren. Aussp\u00fclen.<\/p>\n\n\n\n<p><\/p>\n\n\n\n<p><strong>Paul Mitchell\u00ae Clean Beauty Color Protect Leave-In Treatment <\/strong><\/p>\n\n\n\n<p>Verst\u00e4rkt den Glanz. Erh\u00e4lt die Farbbrillanz.<\/p>\n\n\n\n<p>Eigenschaften: Pflegendes Leave-In Treatment, das den Glanz verst\u00e4rkt und die Leuchtkraft der Haarfarbe verl\u00e4ngert. Granatapfelextrakt ist reich an Antioxidantien und hilft, das Verblassen der Haarfarbe durch Umwelteinfl\u00fcsse zu verhindern. Gleichzeitig sch\u00fctzt es das Haar vor Sch\u00e4den durch freie Radikale. Borretsch-\u00d6l macht das Haar geschmeidig, n\u00e4hrt es und reduziert sichtbar die Anzeichen von Sch\u00e4den.<\/p>\n\n\n\n<p>Bonus: Hergestellt aus Inhaltsstoffen, die zu 94 % nat\u00fcrlichen Ursprungs sind und professionelle Ergebnisse liefern.<\/p>\n\n\n\n<p>Anwendung: Eine kleine Menge auf das saubere, feuchte Haar auftragen. Nicht aussp\u00fclen. Danach wie gew\u00fcnscht stylen.<\/p>\n\n\n\n<p><\/p>\n\n\n\n<p><strong>Paul Mitchell\u00ae Clean Beauty Blonde Purple Shampoo <\/strong><\/p>\n\n\n\n<p>Reinigt sanft. Reduziert Gelb- und Goldt\u00f6ne.<\/p>\n\n\n\n<p>Eigenschaften: Reinigt sanft und entfernt unerw\u00fcnschte Gelb- und Goldt\u00f6ne in jedem Blondton. Ideal auch bei Highlights, silbernem oder grauem Haar. Angereichert mit antioxidativem Granatapfelextrakt, der hilft, das Verblassen der Haarfarbe durch Umwelteinfl\u00fcsse zu verhindern. Gleichzeitig sch\u00fctzt er das Haar vor Sch\u00e4den durch freie Radikale. Borretsch-\u00d6l tr\u00e4gt dazu bei, Anzeichen von Sch\u00e4den sichtbar zu reduzieren, w\u00e4hrend es den Glanz von blondem Haar wiederherstellt.<\/p>\n\n\n\n<p>Bonus: Hergestellt aus Inhaltsstoffen, die zu 82 % nat\u00fcrlichen Ursprungs sind und professionelle Ergebnisse liefern.<\/p>\n\n\n\n<p>Anwendung: Eine kleine Menge auf das feuchte Haar auftragen. Einmassieren. Aussp\u00fclen.<\/p>\n\n\n\n<p><\/p>\n\n\n\n<p>Biodynamische Landwirtschaft<\/p>\n\n\n\n<p>Die Paul Mitchell\u00ae Clean Beauty Rezepturen enthalten organische Pflanzenextrakte, die von einem biodynamischen Landgut in Italien stammen. Dieser ganzheitliche landwirtschaftliche Ansatz respektiert das Ackerland als integrierten, lebenden Organismus und tr\u00e4gt zum Schutz unseres Planeten bei. Die Pflanzen werden nach dem Mondkalender angebaut und geerntet, um ihren vollen Feuchtigkeits- und N\u00e4hrstoffgehalt zu erhalten.<\/p>\n\n\n\n<p>Pflanzen und Tiere bilden eine sich selbst tragende Kreislaufwirtschaft und schaffen so ein nat\u00fcrliches \u00d6kosystem, das die Umweltbelastung reduziert. Unter Verzicht aggressiver chemischer Pestizide oder D\u00fcngemittel wird in der biodynamischen Landwirtschaft Kompost aus n\u00e4hrstoffreichen Kr\u00e4utern und Mineralien verwendet, um das Pflanzenwachstum anzuregen. Das Landgut erwirtschaftet einen reichen Ertrag an Pflanzen mit nat\u00fcrlichen leistungsstarken Inhaltsstoffen mit einem hohen N\u00e4hrstoffgehalt und aktiven Verbindungen.<\/p>\n\n\n\n<p>Paul Mitchell\u00ae hat es sich zur Aufgabe gemacht, die beste Haarpflege auf noch nachhaltigere Weise zu produzieren. Dabei werden die Produkte mit 100 % sauberer Energie und sorgf\u00e4ltig ausgew\u00e4hlten, organischen Pflanzenextrakten hergestellt.<\/p>\n\t\t\t\t\t\t\t\t<\/div>\n\t\t\t\t<\/div>\n\t\t\t\t<div class=\"elementor-element elementor-element-3bd2a2c elementor-widget elementor-widget-gallery\" data-id=\"3bd2a2c\" data-element_type=\"widget\" data-e-type=\"widget\" data-settings=\"{&quot;lazyload&quot;:&quot;yes&quot;,&quot;gallery_layout&quot;:&quot;grid&quot;,&quot;columns&quot;:4,&quot;columns_tablet&quot;:2,&quot;columns_mobile&quot;:1,&quot;gap&quot;:{&quot;unit&quot;:&quot;px&quot;,&quot;size&quot;:10,&quot;sizes&quot;:[]},&quot;gap_tablet&quot;:{&quot;unit&quot;:&quot;px&quot;,&quot;size&quot;:10,&quot;sizes&quot;:[]},&quot;gap_mobile&quot;:{&quot;unit&quot;:&quot;px&quot;,&quot;size&quot;:10,&quot;sizes&quot;:[]},&quot;link_to&quot;:&quot;file&quot;,&quot;aspect_ratio&quot;:&quot;3:2&quot;,&quot;overlay_background&quot;:&quot;yes&quot;,&quot;content_hover_animation&quot;:&quot;fade-in&quot;}\" data-widget_type=\"gallery.default\">\n\t\t\t\t<div class=\"elementor-widget-container\">\n\t\t\t\t\t\t\t<div class=\"elementor-gallery__container\">\n\t\t\t\t\t\t\t<a class=\"e-gallery-item elementor-gallery-item elementor-animated-content\" href=\"http:\/\/www.deroesterreichischefriseur.at\/wp-content\/uploads\/2024\/02\/23_PM_CB_Blonde_Shampoo_Artistic_1_RGB-2400x2400-1.png\" data-elementor-open-lightbox=\"yes\" data-elementor-lightbox-slideshow=\"3bd2a2c\" data-elementor-lightbox-title=\"23_PM_CB_Blonde_Shampoo_Artistic_1_RGB-2400x2400\" data-e-action-hash=\"#elementor-action%3Aaction%3Dlightbox%26settings%3DeyJpZCI6MTQ5MSwidXJsIjoiaHR0cDpcL1wvd3d3LmRlcm9lc3RlcnJlaWNoaXNjaGVmcmlzZXVyLmF0XC93cC1jb250ZW50XC91cGxvYWRzXC8yMDI0XC8wMlwvMjNfUE1fQ0JfQmxvbmRlX1NoYW1wb29fQXJ0aXN0aWNfMV9SR0ItMjQwMHgyNDAwLTEucG5nIiwic2xpZGVzaG93IjoiM2JkMmEyYyJ9\">\n\t\t\t\t\t<div class=\"e-gallery-image elementor-gallery-item__image\" data-thumbnail=\"http:\/\/www.deroesterreichischefriseur.at\/wp-content\/uploads\/2024\/02\/23_PM_CB_Blonde_Shampoo_Artistic_1_RGB-2400x2400-1-201x300.png\" data-width=\"201\" data-height=\"300\" aria-label=\"\" role=\"img\" ><\/div>\n\t\t\t\t\t\t\t\t\t\t\t<div class=\"elementor-gallery-item__overlay\"><\/div>\n\t\t\t\t\t\t\t\t\t\t\t\t\t\t<\/a>\n\t\t\t\t\t\t\t<a class=\"e-gallery-item elementor-gallery-item elementor-animated-content\" href=\"http:\/\/www.deroesterreichischefriseur.at\/wp-content\/uploads\/2024\/02\/23_PM_CB_CP_Artistic_Group_1_RGB-2400x2400-1.png\" data-elementor-open-lightbox=\"yes\" data-elementor-lightbox-slideshow=\"3bd2a2c\" data-elementor-lightbox-title=\"23_PM_CB_CP_Artistic_Group_1_RGB-2400x2400\" data-e-action-hash=\"#elementor-action%3Aaction%3Dlightbox%26settings%3DeyJpZCI6MTQ5MiwidXJsIjoiaHR0cDpcL1wvd3d3LmRlcm9lc3RlcnJlaWNoaXNjaGVmcmlzZXVyLmF0XC93cC1jb250ZW50XC91cGxvYWRzXC8yMDI0XC8wMlwvMjNfUE1fQ0JfQ1BfQXJ0aXN0aWNfR3JvdXBfMV9SR0ItMjQwMHgyNDAwLTEucG5nIiwic2xpZGVzaG93IjoiM2JkMmEyYyJ9\">\n\t\t\t\t\t<div class=\"e-gallery-image elementor-gallery-item__image\" data-thumbnail=\"http:\/\/www.deroesterreichischefriseur.at\/wp-content\/uploads\/2024\/02\/23_PM_CB_CP_Artistic_Group_1_RGB-2400x2400-1-300x200.png\" data-width=\"300\" data-height=\"200\" aria-label=\"\" role=\"img\" ><\/div>\n\t\t\t\t\t\t\t\t\t\t\t<div class=\"elementor-gallery-item__overlay\"><\/div>\n\t\t\t\t\t\t\t\t\t\t\t\t\t\t<\/a>\n\t\t\t\t\t\t\t<a class=\"e-gallery-item elementor-gallery-item elementor-animated-content\" href=\"http:\/\/www.deroesterreichischefriseur.at\/wp-content\/uploads\/2024\/02\/23_PM_CB_CP_Artistic_Group_2_RGB-2400x2400-1.png\" data-elementor-open-lightbox=\"yes\" data-elementor-lightbox-slideshow=\"3bd2a2c\" data-elementor-lightbox-title=\"23_PM_CB_CP_Artistic_Group_2_RGB-2400x2400\" data-e-action-hash=\"#elementor-action%3Aaction%3Dlightbox%26settings%3DeyJpZCI6MTQ5MywidXJsIjoiaHR0cDpcL1wvd3d3LmRlcm9lc3RlcnJlaWNoaXNjaGVmcmlzZXVyLmF0XC93cC1jb250ZW50XC91cGxvYWRzXC8yMDI0XC8wMlwvMjNfUE1fQ0JfQ1BfQXJ0aXN0aWNfR3JvdXBfMl9SR0ItMjQwMHgyNDAwLTEucG5nIiwic2xpZGVzaG93IjoiM2JkMmEyYyJ9\">\n\t\t\t\t\t<div class=\"e-gallery-image elementor-gallery-item__image\" data-thumbnail=\"http:\/\/www.deroesterreichischefriseur.at\/wp-content\/uploads\/2024\/02\/23_PM_CB_CP_Artistic_Group_2_RGB-2400x2400-1-300x200.png\" data-width=\"300\" data-height=\"200\" aria-label=\"\" role=\"img\" ><\/div>\n\t\t\t\t\t\t\t\t\t\t\t<div class=\"elementor-gallery-item__overlay\"><\/div>\n\t\t\t\t\t\t\t\t\t\t\t\t\t\t<\/a>\n\t\t\t\t\t\t\t<a class=\"e-gallery-item elementor-gallery-item elementor-animated-content\" href=\"http:\/\/www.deroesterreichischefriseur.at\/wp-content\/uploads\/2024\/02\/23_PM_CB_CP_Artistic_Group_3_RGB-2400x2400-1.png\" data-elementor-open-lightbox=\"yes\" data-elementor-lightbox-slideshow=\"3bd2a2c\" data-elementor-lightbox-title=\"23_PM_CB_CP_Artistic_Group_3_RGB-2400x2400\" data-e-action-hash=\"#elementor-action%3Aaction%3Dlightbox%26settings%3DeyJpZCI6MTQ5NCwidXJsIjoiaHR0cDpcL1wvd3d3LmRlcm9lc3RlcnJlaWNoaXNjaGVmcmlzZXVyLmF0XC93cC1jb250ZW50XC91cGxvYWRzXC8yMDI0XC8wMlwvMjNfUE1fQ0JfQ1BfQXJ0aXN0aWNfR3JvdXBfM19SR0ItMjQwMHgyNDAwLTEucG5nIiwic2xpZGVzaG93IjoiM2JkMmEyYyJ9\">\n\t\t\t\t\t<div class=\"e-gallery-image elementor-gallery-item__image\" data-thumbnail=\"http:\/\/www.deroesterreichischefriseur.at\/wp-content\/uploads\/2024\/02\/23_PM_CB_CP_Artistic_Group_3_RGB-2400x2400-1-300x214.png\" data-width=\"300\" data-height=\"214\" aria-label=\"\" role=\"img\" ><\/div>\n\t\t\t\t\t\t\t\t\t\t\t<div class=\"elementor-gallery-item__overlay\"><\/div>\n\t\t\t\t\t\t\t\t\t\t\t\t\t\t<\/a>\n\t\t\t\t\t\t\t<a class=\"e-gallery-item elementor-gallery-item elementor-animated-content\" href=\"http:\/\/www.deroesterreichischefriseur.at\/wp-content\/uploads\/2024\/02\/23_PM_CB_CP_BlondeShampoo_Artistic_1_RGB-2400x2400-1.png\" data-elementor-open-lightbox=\"yes\" data-elementor-lightbox-slideshow=\"3bd2a2c\" data-elementor-lightbox-title=\"23_PM_CB_CP_BlondeShampoo_Artistic_1_RGB-2400x2400\" data-e-action-hash=\"#elementor-action%3Aaction%3Dlightbox%26settings%3DeyJpZCI6MTQ5NSwidXJsIjoiaHR0cDpcL1wvd3d3LmRlcm9lc3RlcnJlaWNoaXNjaGVmcmlzZXVyLmF0XC93cC1jb250ZW50XC91cGxvYWRzXC8yMDI0XC8wMlwvMjNfUE1fQ0JfQ1BfQmxvbmRlU2hhbXBvb19BcnRpc3RpY18xX1JHQi0yNDAweDI0MDAtMS5wbmciLCJzbGlkZXNob3ciOiIzYmQyYTJjIn0%3D\">\n\t\t\t\t\t<div class=\"e-gallery-image elementor-gallery-item__image\" data-thumbnail=\"http:\/\/www.deroesterreichischefriseur.at\/wp-content\/uploads\/2024\/02\/23_PM_CB_CP_BlondeShampoo_Artistic_1_RGB-2400x2400-1-300x259.png\" data-width=\"300\" data-height=\"259\" aria-label=\"\" role=\"img\" ><\/div>\n\t\t\t\t\t\t\t\t\t\t\t<div class=\"elementor-gallery-item__overlay\"><\/div>\n\t\t\t\t\t\t\t\t\t\t\t\t\t\t<\/a>\n\t\t\t\t\t\t\t<a class=\"e-gallery-item elementor-gallery-item elementor-animated-content\" href=\"http:\/\/www.deroesterreichischefriseur.at\/wp-content\/uploads\/2024\/02\/23_PM_CB_CP_ColorDepositingTreatment_Artistic_1_RGB-2400x2400-1.png\" data-elementor-open-lightbox=\"yes\" data-elementor-lightbox-slideshow=\"3bd2a2c\" data-elementor-lightbox-title=\"23_PM_CB_CP_ColorDepositingTreatment_Artistic_1_RGB-2400x2400\" data-e-action-hash=\"#elementor-action%3Aaction%3Dlightbox%26settings%3DeyJpZCI6MTQ5NiwidXJsIjoiaHR0cDpcL1wvd3d3LmRlcm9lc3RlcnJlaWNoaXNjaGVmcmlzZXVyLmF0XC93cC1jb250ZW50XC91cGxvYWRzXC8yMDI0XC8wMlwvMjNfUE1fQ0JfQ1BfQ29sb3JEZXBvc2l0aW5nVHJlYXRtZW50X0FydGlzdGljXzFfUkdCLTI0MDB4MjQwMC0xLnBuZyIsInNsaWRlc2hvdyI6IjNiZDJhMmMifQ%3D%3D\">\n\t\t\t\t\t<div class=\"e-gallery-image elementor-gallery-item__image\" data-thumbnail=\"http:\/\/www.deroesterreichischefriseur.at\/wp-content\/uploads\/2024\/02\/23_PM_CB_CP_ColorDepositingTreatment_Artistic_1_RGB-2400x2400-1-300x208.png\" data-width=\"300\" data-height=\"208\" aria-label=\"\" role=\"img\" ><\/div>\n\t\t\t\t\t\t\t\t\t\t\t<div class=\"elementor-gallery-item__overlay\"><\/div>\n\t\t\t\t\t\t\t\t\t\t\t\t\t\t<\/a>\n\t\t\t\t\t\t\t<a class=\"e-gallery-item elementor-gallery-item elementor-animated-content\" href=\"http:\/\/www.deroesterreichischefriseur.at\/wp-content\/uploads\/2024\/02\/23_PM_CB_CP_ColorDepositingTreatment_Group_Smear_2_RGB-2400x2400-1.png\" data-elementor-open-lightbox=\"yes\" data-elementor-lightbox-slideshow=\"3bd2a2c\" data-elementor-lightbox-title=\"23_PM_CB_CP_ColorDepositingTreatment_Group_Smear_2_RGB-2400x2400\" data-e-action-hash=\"#elementor-action%3Aaction%3Dlightbox%26settings%3DeyJpZCI6MTQ5NywidXJsIjoiaHR0cDpcL1wvd3d3LmRlcm9lc3RlcnJlaWNoaXNjaGVmcmlzZXVyLmF0XC93cC1jb250ZW50XC91cGxvYWRzXC8yMDI0XC8wMlwvMjNfUE1fQ0JfQ1BfQ29sb3JEZXBvc2l0aW5nVHJlYXRtZW50X0dyb3VwX1NtZWFyXzJfUkdCLTI0MDB4MjQwMC0xLnBuZyIsInNsaWRlc2hvdyI6IjNiZDJhMmMifQ%3D%3D\">\n\t\t\t\t\t<div class=\"e-gallery-image elementor-gallery-item__image\" data-thumbnail=\"http:\/\/www.deroesterreichischefriseur.at\/wp-content\/uploads\/2024\/02\/23_PM_CB_CP_ColorDepositingTreatment_Group_Smear_2_RGB-2400x2400-1-198x300.png\" data-width=\"198\" data-height=\"300\" aria-label=\"\" role=\"img\" ><\/div>\n\t\t\t\t\t\t\t\t\t\t\t<div class=\"elementor-gallery-item__overlay\"><\/div>\n\t\t\t\t\t\t\t\t\t\t\t\t\t\t<\/a>\n\t\t\t\t\t\t\t<a class=\"e-gallery-item elementor-gallery-item elementor-animated-content\" href=\"http:\/\/www.deroesterreichischefriseur.at\/wp-content\/uploads\/2024\/02\/23_PM_CB_CP_ColorProtectConditioner_Artistic_1_RGB-2400x2400-1.png\" data-elementor-open-lightbox=\"yes\" data-elementor-lightbox-slideshow=\"3bd2a2c\" data-elementor-lightbox-title=\"23_PM_CB_CP_ColorProtectConditioner_Artistic_1_RGB-2400x2400\" data-e-action-hash=\"#elementor-action%3Aaction%3Dlightbox%26settings%3DeyJpZCI6MTQ5OCwidXJsIjoiaHR0cDpcL1wvd3d3LmRlcm9lc3RlcnJlaWNoaXNjaGVmcmlzZXVyLmF0XC93cC1jb250ZW50XC91cGxvYWRzXC8yMDI0XC8wMlwvMjNfUE1fQ0JfQ1BfQ29sb3JQcm90ZWN0Q29uZGl0aW9uZXJfQXJ0aXN0aWNfMV9SR0ItMjQwMHgyNDAwLTEucG5nIiwic2xpZGVzaG93IjoiM2JkMmEyYyJ9\">\n\t\t\t\t\t<div class=\"e-gallery-image elementor-gallery-item__image\" data-thumbnail=\"http:\/\/www.deroesterreichischefriseur.at\/wp-content\/uploads\/2024\/02\/23_PM_CB_CP_ColorProtectConditioner_Artistic_1_RGB-2400x2400-1-300x212.png\" data-width=\"300\" data-height=\"212\" aria-label=\"\" role=\"img\" ><\/div>\n\t\t\t\t\t\t\t\t\t\t\t<div class=\"elementor-gallery-item__overlay\"><\/div>\n\t\t\t\t\t\t\t\t\t\t\t\t\t\t<\/a>\n\t\t\t\t\t\t\t<a class=\"e-gallery-item elementor-gallery-item elementor-animated-content\" href=\"http:\/\/www.deroesterreichischefriseur.at\/wp-content\/uploads\/2024\/02\/23_PM_CB_CP_ColorProtectConditioner_Artistic_2_RGB-2400x2400-1.png\" data-elementor-open-lightbox=\"yes\" data-elementor-lightbox-slideshow=\"3bd2a2c\" data-elementor-lightbox-title=\"23_PM_CB_CP_ColorProtectConditioner_Artistic_2_RGB-2400x2400\" data-e-action-hash=\"#elementor-action%3Aaction%3Dlightbox%26settings%3DeyJpZCI6MTQ5OSwidXJsIjoiaHR0cDpcL1wvd3d3LmRlcm9lc3RlcnJlaWNoaXNjaGVmcmlzZXVyLmF0XC93cC1jb250ZW50XC91cGxvYWRzXC8yMDI0XC8wMlwvMjNfUE1fQ0JfQ1BfQ29sb3JQcm90ZWN0Q29uZGl0aW9uZXJfQXJ0aXN0aWNfMl9SR0ItMjQwMHgyNDAwLTEucG5nIiwic2xpZGVzaG93IjoiM2JkMmEyYyJ9\">\n\t\t\t\t\t<div class=\"e-gallery-image elementor-gallery-item__image\" data-thumbnail=\"http:\/\/www.deroesterreichischefriseur.at\/wp-content\/uploads\/2024\/02\/23_PM_CB_CP_ColorProtectConditioner_Artistic_2_RGB-2400x2400-1-200x300.png\" data-width=\"200\" data-height=\"300\" aria-label=\"\" role=\"img\" ><\/div>\n\t\t\t\t\t\t\t\t\t\t\t<div class=\"elementor-gallery-item__overlay\"><\/div>\n\t\t\t\t\t\t\t\t\t\t\t\t\t\t<\/a>\n\t\t\t\t\t\t\t<a class=\"e-gallery-item elementor-gallery-item elementor-animated-content\" href=\"http:\/\/www.deroesterreichischefriseur.at\/wp-content\/uploads\/2024\/02\/23_PM_CB_CP_ColorProtectLeave-inTreatment_Artistic_1_RGB-2400x2400-1.png\" data-elementor-open-lightbox=\"yes\" data-elementor-lightbox-slideshow=\"3bd2a2c\" data-elementor-lightbox-title=\"23_PM_CB_CP_ColorProtectLeave-inTreatment_Artistic_1_RGB-2400x2400\" data-e-action-hash=\"#elementor-action%3Aaction%3Dlightbox%26settings%3DeyJpZCI6MTUwMCwidXJsIjoiaHR0cDpcL1wvd3d3LmRlcm9lc3RlcnJlaWNoaXNjaGVmcmlzZXVyLmF0XC93cC1jb250ZW50XC91cGxvYWRzXC8yMDI0XC8wMlwvMjNfUE1fQ0JfQ1BfQ29sb3JQcm90ZWN0TGVhdmUtaW5UcmVhdG1lbnRfQXJ0aXN0aWNfMV9SR0ItMjQwMHgyNDAwLTEucG5nIiwic2xpZGVzaG93IjoiM2JkMmEyYyJ9\">\n\t\t\t\t\t<div class=\"e-gallery-image elementor-gallery-item__image\" data-thumbnail=\"http:\/\/www.deroesterreichischefriseur.at\/wp-content\/uploads\/2024\/02\/23_PM_CB_CP_ColorProtectLeave-inTreatment_Artistic_1_RGB-2400x2400-1-300x215.png\" data-width=\"300\" data-height=\"215\" aria-label=\"\" role=\"img\" ><\/div>\n\t\t\t\t\t\t\t\t\t\t\t<div class=\"elementor-gallery-item__overlay\"><\/div>\n\t\t\t\t\t\t\t\t\t\t\t\t\t\t<\/a>\n\t\t\t\t\t\t\t<a class=\"e-gallery-item elementor-gallery-item elementor-animated-content\" href=\"http:\/\/www.deroesterreichischefriseur.at\/wp-content\/uploads\/2024\/02\/23_PM_CB_CP_ColorProtectLeave-inTreatment_Artistic_2_RGB-2400x2400-1.png\" data-elementor-open-lightbox=\"yes\" data-elementor-lightbox-slideshow=\"3bd2a2c\" data-elementor-lightbox-title=\"23_PM_CB_CP_ColorProtectLeave-inTreatment_Artistic_2_RGB-2400x2400\" data-e-action-hash=\"#elementor-action%3Aaction%3Dlightbox%26settings%3DeyJpZCI6MTUwMSwidXJsIjoiaHR0cDpcL1wvd3d3LmRlcm9lc3RlcnJlaWNoaXNjaGVmcmlzZXVyLmF0XC93cC1jb250ZW50XC91cGxvYWRzXC8yMDI0XC8wMlwvMjNfUE1fQ0JfQ1BfQ29sb3JQcm90ZWN0TGVhdmUtaW5UcmVhdG1lbnRfQXJ0aXN0aWNfMl9SR0ItMjQwMHgyNDAwLTEucG5nIiwic2xpZGVzaG93IjoiM2JkMmEyYyJ9\">\n\t\t\t\t\t<div class=\"e-gallery-image elementor-gallery-item__image\" data-thumbnail=\"http:\/\/www.deroesterreichischefriseur.at\/wp-content\/uploads\/2024\/02\/23_PM_CB_CP_ColorProtectLeave-inTreatment_Artistic_2_RGB-2400x2400-1-200x300.png\" data-width=\"200\" data-height=\"300\" aria-label=\"\" role=\"img\" ><\/div>\n\t\t\t\t\t\t\t\t\t\t\t<div class=\"elementor-gallery-item__overlay\"><\/div>\n\t\t\t\t\t\t\t\t\t\t\t\t\t\t<\/a>\n\t\t\t\t\t\t\t<a class=\"e-gallery-item elementor-gallery-item elementor-animated-content\" href=\"http:\/\/www.deroesterreichischefriseur.at\/wp-content\/uploads\/2024\/02\/23_PM_CB_CP_ColorProtectShampoo_Artistic_1_RGB-2400x2400-1.png\" data-elementor-open-lightbox=\"yes\" data-elementor-lightbox-slideshow=\"3bd2a2c\" data-elementor-lightbox-title=\"23_PM_CB_CP_ColorProtectShampoo_Artistic_1_RGB-2400x2400\" data-e-action-hash=\"#elementor-action%3Aaction%3Dlightbox%26settings%3DeyJpZCI6MTUwMiwidXJsIjoiaHR0cDpcL1wvd3d3LmRlcm9lc3RlcnJlaWNoaXNjaGVmcmlzZXVyLmF0XC93cC1jb250ZW50XC91cGxvYWRzXC8yMDI0XC8wMlwvMjNfUE1fQ0JfQ1BfQ29sb3JQcm90ZWN0U2hhbXBvb19BcnRpc3RpY18xX1JHQi0yNDAweDI0MDAtMS5wbmciLCJzbGlkZXNob3ciOiIzYmQyYTJjIn0%3D\">\n\t\t\t\t\t<div class=\"e-gallery-image elementor-gallery-item__image\" data-thumbnail=\"http:\/\/www.deroesterreichischefriseur.at\/wp-content\/uploads\/2024\/02\/23_PM_CB_CP_ColorProtectShampoo_Artistic_1_RGB-2400x2400-1-300x218.png\" data-width=\"300\" data-height=\"218\" aria-label=\"\" role=\"img\" ><\/div>\n\t\t\t\t\t\t\t\t\t\t\t<div class=\"elementor-gallery-item__overlay\"><\/div>\n\t\t\t\t\t\t\t\t\t\t\t\t\t\t<\/a>\n\t\t\t\t\t<\/div>\n\t\t\t\t\t<\/div>\n\t\t\t\t<\/div>\n\t\t\t\t\t<\/div>\n\t\t\t\t<\/div>\n\t\t\t\t<\/div>\n\t\t","protected":false},"excerpt":{"rendered":"<p>Frisch vom Friseur strahlt und gl\u00e4nzt die neue Haarfarbe. Damit das auch lange so bleibt, gibt es die nachhaltige Haarpflege Paul Mitchell\u00ae Clean Beauty Color Protect. Die Rezeptur mit \u201eAnti-Fade-Effekt\u201c reduziert das Verblassen der Haarfarbe dank stark antioxidativem Granatapfelextrakt und revitalisierendem Borretsch-\u00d6l. Shampoo, Conditioner, Leave-In Treatment helfen, die Brillanz der Haarfarbe zu erhalten. Besonderes Highlight: farbeinlagernde Maske in f\u00fcnf Nuancen frischen die Coloration zwischen den Salonbesuchen auf. F\u00fcr Blond-Fans gibt&hellip;<\/p>\n","protected":false},"author":1,"featured_media":1492,"comment_status":"closed","ping_status":"open","sticky":false,"template":"","format":"standard","meta":{"footnotes":""},"categories":[15,1],"tags":[],"class_list":["post-1490","post","type-post","status-publish","format-standard","has-post-thumbnail","hentry","category-firmennews","category-uncategorized"],"_links":{"self":[{"href":"http:\/\/www.deroesterreichischefriseur.at\/index.php?rest_route=\/wp\/v2\/posts\/1490","targetHints":{"allow":["GET"]}}],"collection":[{"href":"http:\/\/www.deroesterreichischefriseur.at\/index.php?rest_route=\/wp\/v2\/posts"}],"about":[{"href":"http:\/\/www.deroesterreichischefriseur.at\/index.php?rest_route=\/wp\/v2\/types\/post"}],"author":[{"embeddable":true,"href":"http:\/\/www.deroesterreichischefriseur.at\/index.php?rest_route=\/wp\/v2\/users\/1"}],"replies":[{"embeddable":true,"href":"http:\/\/www.deroesterreichischefriseur.at\/index.php?rest_route=%2Fwp%2Fv2%2Fcomments&post=1490"}],"version-history":[{"count":8,"href":"http:\/\/www.deroesterreichischefriseur.at\/index.php?rest_route=\/wp\/v2\/posts\/1490\/revisions"}],"predecessor-version":[{"id":1567,"href":"http:\/\/www.deroesterreichischefriseur.at\/index.php?rest_route=\/wp\/v2\/posts\/1490\/revisions\/1567"}],"wp:featuredmedia":[{"embeddable":true,"href":"http:\/\/www.deroesterreichischefriseur.at\/index.php?rest_route=\/wp\/v2\/media\/1492"}],"wp:attachment":[{"href":"http:\/\/www.deroesterreichischefriseur.at\/index.php?rest_route=%2Fwp%2Fv2%2Fmedia&parent=1490"}],"wp:term":[{"taxonomy":"category","embeddable":true,"href":"http:\/\/www.deroesterreichischefriseur.at\/index.php?rest_route=%2Fwp%2Fv2%2Fcategories&post=1490"},{"taxonomy":"post_tag","embeddable":true,"href":"http:\/\/www.deroesterreichischefriseur.at\/index.php?rest_route=%2Fwp%2Fv2%2Ftags&post=1490"}],"curies":[{"name":"wp","href":"https:\/\/api.w.org\/{rel}","templated":true}]}}