{"id":1278,"date":"2024-02-11T12:07:18","date_gmt":"2024-02-11T11:07:18","guid":{"rendered":"http:\/\/www.deroesterreichischefriseur.at\/?p=1278"},"modified":"2024-02-11T12:07:18","modified_gmt":"2024-02-11T11:07:18","slug":"erste-hilfe-kurse-der-wiener-landesinnung","status":"publish","type":"post","link":"http:\/\/www.deroesterreichischefriseur.at\/?p=1278","title":{"rendered":"Erste Hilfe Kurse der Wiener Landesinnung"},"content":{"rendered":"\n<p>Die Wiener Landesinnung freud sich Ihnen zwei Erste Hilfe Grundkurse in Zusammenarbeit mit dem Wiener Roten Kreuz anzubieten<br><\/p>\n\n\n\n<p><strong>Erste Hilfe Grundkurs &#8211; 8 Stunden<\/strong><br>Grundkurs Dienstag, 19.03.2024 09:00 \u2013 18:00 Uhr<br>Folgende Themen werden gelehrt:<br>&#8211; Gefahren erkennen<br>&#8211; Unfallverh\u00fctung<br>&#8211; Rettungskette<br>&#8211; Herz-Lungen-Wiederbelebung nach neuesten Richtlinien<br>&#8211; Umgang mit dem halbautomatischen Defibrillator<br>&#8211; Ma\u00dfnahmen bei pl\u00f6tzlichen Erkrankungen, Verletzungen, Vergiftungen<br>&#8211; Zahlreiche praktische \u00dcbungen<\/p>\n\n\n\n<p><\/p>\n\n\n\n<p><strong>Erste Hilfe Grundkurs -16 Stunden<\/strong><br>Grundkurs Montag, 18.03.2024, 09:00 &#8211; 18:00 Uhr<br>Dienstag 19.03.2024 09:00 \u2013 18:00 Uhr<br>Folgende Themen werden gelehrt:<br>&#8211; Gefahren erkennen<br>&#8211; Unfallverh\u00fctung<br>&#8211; Rettungskette<br>&#8211; Herz-Lungen-Wiederbelebung nach neuesten Richtlinien<br>&#8211; Umgang mit dem halbautomatischen Defibrillator<br>&#8211; Ma\u00dfnahmen bei pl\u00f6tzlichen Erkrankungen, Verletzungen, Vergiftungen<br>&#8211; Zahlreiche praktische \u00dcbungen<br><\/p>\n\n\n\n<p>Nutzen Sie die M\u00f6glichkeit Ihr Erste Hilfe-Wissen in unserem bevorstehenden Erste Hilfe Kurs aufzubessern und melden Sie sich rechtzeitig unter friseure@wkw.at an.<\/p>\n\n\n\n<p>Wir bitten um Verst\u00e4ndnis, dass auf Grund der beschr\u00e4nkten Teilnehmerzahl das First come, first serve-Prinzip gilt.<br><\/p>\n\n\n\n<p>Anmelden k\u00f6nnen Sie sich bis zum 11.03.2024.<br>E-Mail an friseure@wkw.at<br><\/p>\n\n\n\n<p>Wir freuen uns \u00fcber Ihre Teilnahme.<br>Ihre Landesinnung Wien der Friseure<\/p>\n","protected":false},"excerpt":{"rendered":"<p>Die Wiener Landesinnung freud sich Ihnen zwei Erste Hilfe Grundkurse in Zusammenarbeit mit dem Wiener Roten Kreuz anzubieten Erste Hilfe Grundkurs &#8211; 8 StundenGrundkurs Dienstag, 19.03.2024 09:00 \u2013 18:00 UhrFolgende Themen werden gelehrt:&#8211; Gefahren erkennen&#8211; Unfallverh\u00fctung&#8211; Rettungskette&#8211; Herz-Lungen-Wiederbelebung nach neuesten Richtlinien&#8211; Umgang mit dem halbautomatischen Defibrillator&#8211; Ma\u00dfnahmen bei pl\u00f6tzlichen Erkrankungen, Verletzungen, Vergiftungen&#8211; Zahlreiche praktische \u00dcbungen Erste Hilfe Grundkurs -16 StundenGrundkurs Montag, 18.03.2024, 09:00 &#8211; 18:00 UhrDienstag 19.03.2024 09:00 \u2013 18:00&hellip;<\/p>\n","protected":false},"author":1,"featured_media":0,"comment_status":"closed","ping_status":"open","sticky":false,"template":"","format":"standard","meta":{"footnotes":""},"categories":[1],"tags":[],"class_list":["post-1278","post","type-post","status-publish","format-standard","hentry","category-uncategorized"],"_links":{"self":[{"href":"http:\/\/www.deroesterreichischefriseur.at\/index.php?rest_route=\/wp\/v2\/posts\/1278","targetHints":{"allow":["GET"]}}],"collection":[{"href":"http:\/\/www.deroesterreichischefriseur.at\/index.php?rest_route=\/wp\/v2\/posts"}],"about":[{"href":"http:\/\/www.deroesterreichischefriseur.at\/index.php?rest_route=\/wp\/v2\/types\/post"}],"author":[{"embeddable":true,"href":"http:\/\/www.deroesterreichischefriseur.at\/index.php?rest_route=\/wp\/v2\/users\/1"}],"replies":[{"embeddable":true,"href":"http:\/\/www.deroesterreichischefriseur.at\/index.php?rest_route=%2Fwp%2Fv2%2Fcomments&post=1278"}],"version-history":[{"count":1,"href":"http:\/\/www.deroesterreichischefriseur.at\/index.php?rest_route=\/wp\/v2\/posts\/1278\/revisions"}],"predecessor-version":[{"id":1279,"href":"http:\/\/www.deroesterreichischefriseur.at\/index.php?rest_route=\/wp\/v2\/posts\/1278\/revisions\/1279"}],"wp:attachment":[{"href":"http:\/\/www.deroesterreichischefriseur.at\/index.php?rest_route=%2Fwp%2Fv2%2Fmedia&parent=1278"}],"wp:term":[{"taxonomy":"category","embeddable":true,"href":"http:\/\/www.deroesterreichischefriseur.at\/index.php?rest_route=%2Fwp%2Fv2%2Fcategories&post=1278"},{"taxonomy":"post_tag","embeddable":true,"href":"http:\/\/www.deroesterreichischefriseur.at\/index.php?rest_route=%2Fwp%2Fv2%2Ftags&post=1278"}],"curies":[{"name":"wp","href":"https:\/\/api.w.org\/{rel}","templated":true}]}}