{"id":1132,"date":"2024-01-10T12:11:35","date_gmt":"2024-01-10T11:11:35","guid":{"rendered":"http:\/\/www.deroesterreichischefriseur.at\/?p=1132"},"modified":"2024-01-10T12:12:53","modified_gmt":"2024-01-10T11:12:53","slug":"trauer-um-angus-mitchell","status":"publish","type":"post","link":"http:\/\/www.deroesterreichischefriseur.at\/?p=1132","title":{"rendered":"Trauer um Angus Mitchell"},"content":{"rendered":"\n<p>In Gedenken an Angus Mitchell \u2013 Ein Vision\u00e4r, der Sch\u00f6nheit, der uns viel zu fr\u00fch verlassen hat<br>In stiller Trauer gedenken wir Angus Mitchell, einem wahren Meister seines Fachs und einem leuchtenden Stern in der Welt der Sch\u00f6nheit und des Stils. Sein unerwarteter Abschied am 3. Januar 2024 hinterl\u00e4sst eine tiefe L\u00fccke in den Herzen all jener, die das Privileg hatten, ihn zu kennen und von seiner au\u00dfergew\u00f6hnlichen Kreativit\u00e4t ber\u00fchrt zu werden.<\/p>\n\n\n\n<p>Angus, der Sohn des legend\u00e4ren schottischen Friseurs Paul Mitchell, der wie sein Vater nur 53 Jahre alt wurde, war weit mehr als nur der Erbe des renommierten Haarkosmetikunternehmens Paul Mitchell. Er war ein Vision\u00e4r, dessen einzigartige Perspektive auf Sch\u00f6nheit und Stil die Branche revolutionierte. Mit seiner charismatischen Art und seinem unerm\u00fcdlichen Engagement f\u00fcr die Kunst des Friseurhandwerks pr\u00e4gte er nicht nur Trends, sondern inspirierte auch eine ganze Generation von Stylisten und K\u00fcnstlern.<\/p>\n\n\n\n<p>Seine Leidenschaft f\u00fcr das Friseurhandwerk war unvergleichlich. Angus sah in der Sch\u00f6nheit eine Kunstform, die das Leben bereichert und versch\u00f6nert. Er verstand es meisterhaft, die Einzigartigkeit jedes Einzelnen hervorzuheben und zu feiern. Sein k\u00fcnstlerischer Geist und seine vision\u00e4re Denkweise f\u00fchrten zu Innovationen und Techniken, die die Branche nachhaltig pr\u00e4gten. Sein Verm\u00e4chtnis lebt weiter in den Produkten, die er mitgestaltet hat, in den Techniken, die er perfektionierte, und vor allem in den Herzen und Werken derer, die er inspirierte.<br>Angus hinterl\u00e4sst seine Frau Mara Goudine und seinen Sohn Dylan, 8, der aus seiner vorherigen Ehe mit Sian Mitchell stammt. M\u00f6ge Angus Mitchell in Frieden ruhen. Sein Erbe wird in den Herzen und Werken unz\u00e4hliger Menschen, die er inspiriert hat, weiterleben<\/p>\n\n\n\n<figure class=\"wp-block-gallery has-nested-images columns-default is-cropped wp-block-gallery-1 is-layout-flex wp-block-gallery-is-layout-flex\">\n<figure class=\"wp-block-image size-large\"><img fetchpriority=\"high\" decoding=\"async\" width=\"683\" height=\"1024\" data-id=\"1130\" src=\"http:\/\/www.deroesterreichischefriseur.at\/wp-content\/uploads\/2024\/01\/Angus-Mitchell_and_MichaelineDeJoria-683x1024.jpg\" alt=\"\" class=\"wp-image-1130\" srcset=\"http:\/\/www.deroesterreichischefriseur.at\/wp-content\/uploads\/2024\/01\/Angus-Mitchell_and_MichaelineDeJoria-683x1024.jpg 683w, http:\/\/www.deroesterreichischefriseur.at\/wp-content\/uploads\/2024\/01\/Angus-Mitchell_and_MichaelineDeJoria-200x300.jpg 200w, http:\/\/www.deroesterreichischefriseur.at\/wp-content\/uploads\/2024\/01\/Angus-Mitchell_and_MichaelineDeJoria-768x1152.jpg 768w, http:\/\/www.deroesterreichischefriseur.at\/wp-content\/uploads\/2024\/01\/Angus-Mitchell_and_MichaelineDeJoria-1024x1536.jpg 1024w, http:\/\/www.deroesterreichischefriseur.at\/wp-content\/uploads\/2024\/01\/Angus-Mitchell_and_MichaelineDeJoria-1365x2048.jpg 1365w, http:\/\/www.deroesterreichischefriseur.at\/wp-content\/uploads\/2024\/01\/Angus-Mitchell_and_MichaelineDeJoria-scaled.jpg 1707w\" sizes=\"(max-width: 683px) 100vw, 683px\" \/><\/figure>\n\n\n\n<figure class=\"wp-block-image size-large\"><img decoding=\"async\" width=\"1024\" height=\"768\" data-id=\"1131\" src=\"http:\/\/www.deroesterreichischefriseur.at\/wp-content\/uploads\/2024\/01\/JohnPaul-DeJoria_and_Angus-1024x768.jpg\" alt=\"\" class=\"wp-image-1131\" srcset=\"http:\/\/www.deroesterreichischefriseur.at\/wp-content\/uploads\/2024\/01\/JohnPaul-DeJoria_and_Angus-1024x768.jpg 1024w, http:\/\/www.deroesterreichischefriseur.at\/wp-content\/uploads\/2024\/01\/JohnPaul-DeJoria_and_Angus-300x225.jpg 300w, http:\/\/www.deroesterreichischefriseur.at\/wp-content\/uploads\/2024\/01\/JohnPaul-DeJoria_and_Angus-768x576.jpg 768w, http:\/\/www.deroesterreichischefriseur.at\/wp-content\/uploads\/2024\/01\/JohnPaul-DeJoria_and_Angus-1536x1153.jpg 1536w, http:\/\/www.deroesterreichischefriseur.at\/wp-content\/uploads\/2024\/01\/JohnPaul-DeJoria_and_Angus-2048x1537.jpg 2048w\" sizes=\"(max-width: 1024px) 100vw, 1024px\" \/><\/figure>\n\n\n\n<figure class=\"wp-block-image size-large\"><img decoding=\"async\" width=\"1024\" height=\"683\" data-id=\"1135\" src=\"http:\/\/www.deroesterreichischefriseur.at\/wp-content\/uploads\/2024\/01\/AngusMitchell_and_JohnPaulDeJoria-1024x683.jpg\" alt=\"\" class=\"wp-image-1135\" srcset=\"http:\/\/www.deroesterreichischefriseur.at\/wp-content\/uploads\/2024\/01\/AngusMitchell_and_JohnPaulDeJoria-1024x683.jpg 1024w, http:\/\/www.deroesterreichischefriseur.at\/wp-content\/uploads\/2024\/01\/AngusMitchell_and_JohnPaulDeJoria-300x200.jpg 300w, http:\/\/www.deroesterreichischefriseur.at\/wp-content\/uploads\/2024\/01\/AngusMitchell_and_JohnPaulDeJoria-768x512.jpg 768w, http:\/\/www.deroesterreichischefriseur.at\/wp-content\/uploads\/2024\/01\/AngusMitchell_and_JohnPaulDeJoria-1536x1024.jpg 1536w, http:\/\/www.deroesterreichischefriseur.at\/wp-content\/uploads\/2024\/01\/AngusMitchell_and_JohnPaulDeJoria-2048x1365.jpg 2048w, http:\/\/www.deroesterreichischefriseur.at\/wp-content\/uploads\/2024\/01\/AngusMitchell_and_JohnPaulDeJoria-150x100.jpg 150w\" sizes=\"(max-width: 1024px) 100vw, 1024px\" \/><\/figure>\n\n\n\n<figure class=\"wp-block-image size-large\"><img loading=\"lazy\" decoding=\"async\" width=\"1024\" height=\"683\" data-id=\"1136\" src=\"http:\/\/www.deroesterreichischefriseur.at\/wp-content\/uploads\/2024\/01\/AngusMitchell_and_MichaelineDeJoria_and_JohnPaulDeJoria-1024x683.jpg\" alt=\"\" class=\"wp-image-1136\" srcset=\"http:\/\/www.deroesterreichischefriseur.at\/wp-content\/uploads\/2024\/01\/AngusMitchell_and_MichaelineDeJoria_and_JohnPaulDeJoria-1024x683.jpg 1024w, http:\/\/www.deroesterreichischefriseur.at\/wp-content\/uploads\/2024\/01\/AngusMitchell_and_MichaelineDeJoria_and_JohnPaulDeJoria-300x200.jpg 300w, http:\/\/www.deroesterreichischefriseur.at\/wp-content\/uploads\/2024\/01\/AngusMitchell_and_MichaelineDeJoria_and_JohnPaulDeJoria-768x512.jpg 768w, http:\/\/www.deroesterreichischefriseur.at\/wp-content\/uploads\/2024\/01\/AngusMitchell_and_MichaelineDeJoria_and_JohnPaulDeJoria-1536x1024.jpg 1536w, http:\/\/www.deroesterreichischefriseur.at\/wp-content\/uploads\/2024\/01\/AngusMitchell_and_MichaelineDeJoria_and_JohnPaulDeJoria-2048x1365.jpg 2048w, http:\/\/www.deroesterreichischefriseur.at\/wp-content\/uploads\/2024\/01\/AngusMitchell_and_MichaelineDeJoria_and_JohnPaulDeJoria-150x100.jpg 150w\" sizes=\"(max-width: 1024px) 100vw, 1024px\" \/><\/figure>\n<\/figure>\n","protected":false},"excerpt":{"rendered":"<p>In Gedenken an Angus Mitchell \u2013 Ein Vision\u00e4r, der Sch\u00f6nheit, der uns viel zu fr\u00fch verlassen hatIn stiller Trauer gedenken wir Angus Mitchell, einem wahren Meister seines Fachs und einem leuchtenden Stern in der Welt der Sch\u00f6nheit und des Stils. Sein unerwarteter Abschied am 3. Januar 2024 hinterl\u00e4sst eine tiefe L\u00fccke in den Herzen all jener, die das Privileg hatten, ihn zu kennen und von seiner au\u00dfergew\u00f6hnlichen Kreativit\u00e4t ber\u00fchrt zu&hellip;<\/p>\n","protected":false},"author":1,"featured_media":1129,"comment_status":"closed","ping_status":"open","sticky":false,"template":"","format":"standard","meta":{"footnotes":""},"categories":[12,1],"tags":[],"class_list":["post-1132","post","type-post","status-publish","format-standard","has-post-thumbnail","hentry","category-magazin","category-uncategorized"],"_links":{"self":[{"href":"http:\/\/www.deroesterreichischefriseur.at\/index.php?rest_route=\/wp\/v2\/posts\/1132","targetHints":{"allow":["GET"]}}],"collection":[{"href":"http:\/\/www.deroesterreichischefriseur.at\/index.php?rest_route=\/wp\/v2\/posts"}],"about":[{"href":"http:\/\/www.deroesterreichischefriseur.at\/index.php?rest_route=\/wp\/v2\/types\/post"}],"author":[{"embeddable":true,"href":"http:\/\/www.deroesterreichischefriseur.at\/index.php?rest_route=\/wp\/v2\/users\/1"}],"replies":[{"embeddable":true,"href":"http:\/\/www.deroesterreichischefriseur.at\/index.php?rest_route=%2Fwp%2Fv2%2Fcomments&post=1132"}],"version-history":[{"count":3,"href":"http:\/\/www.deroesterreichischefriseur.at\/index.php?rest_route=\/wp\/v2\/posts\/1132\/revisions"}],"predecessor-version":[{"id":1141,"href":"http:\/\/www.deroesterreichischefriseur.at\/index.php?rest_route=\/wp\/v2\/posts\/1132\/revisions\/1141"}],"wp:featuredmedia":[{"embeddable":true,"href":"http:\/\/www.deroesterreichischefriseur.at\/index.php?rest_route=\/wp\/v2\/media\/1129"}],"wp:attachment":[{"href":"http:\/\/www.deroesterreichischefriseur.at\/index.php?rest_route=%2Fwp%2Fv2%2Fmedia&parent=1132"}],"wp:term":[{"taxonomy":"category","embeddable":true,"href":"http:\/\/www.deroesterreichischefriseur.at\/index.php?rest_route=%2Fwp%2Fv2%2Fcategories&post=1132"},{"taxonomy":"post_tag","embeddable":true,"href":"http:\/\/www.deroesterreichischefriseur.at\/index.php?rest_route=%2Fwp%2Fv2%2Ftags&post=1132"}],"curies":[{"name":"wp","href":"https:\/\/api.w.org\/{rel}","templated":true}]}}