{"id":1041,"date":"2023-11-25T22:59:41","date_gmt":"2023-11-25T21:59:41","guid":{"rendered":"http:\/\/www.deroesterreichischefriseur.at\/?p=1041"},"modified":"2023-11-25T22:59:41","modified_gmt":"2023-11-25T21:59:41","slug":"werte-friseurkollegen-und-kolleginnen","status":"publish","type":"post","link":"http:\/\/www.deroesterreichischefriseur.at\/?p=1041","title":{"rendered":"Werte Friseurkollegen und -kolleginnen"},"content":{"rendered":"\n<p>Ein erfolgreiche Berufsinformationsmesseveranstaltung in der Halle St.Marx liegt hinter uns. Ein leichter Aufw\u00e4rtstrend am Interesse f\u00fcr unseren Beruf, der auch zuk\u00fcnftig von K\u00fcnstlicher Intelligenz bestenfalls unterst\u00fctzt, aber keinesfalls durch KI ersetzt werden kann, sowie ein bereits durchschrittenes Tal bei den Lehrlingszahlen l\u00e4sst wieder vorsichtigen Optimismus f\u00fcr die Branche zu.&nbsp;<\/p>\n\n\n\n<p>Ein guter Grund ein wenig zu feiern.<\/p>\n\n\n\n<p><\/p>\n\n\n\n<p>Deshalb freut es mich das\u00a0die festliche Zeit des Jahres vor der T\u00fcr steht, und mit gro\u00dfer Freude lade ich Sie herzlich ein zu unserer besinnlichen Weihnachtsfeier im Weihnachtsdorf der Wirtschaftskammer Wien. Am 4. Dezember \u00f6ffnen wir die Tore des Weihnachtsdorfes f\u00fcr ein stimmungsvolles Beisammensein am Vorplatz der Wirtschaftskammer in 1020 Wien, Stra\u00dfe der Wiener Wirtschaft.<\/p>\n\n\n\n<p><\/p>\n\n\n\n<p>Gemeinsam m\u00f6chten wir in vorweihnachtlicher Atmosph\u00e4re auf das vergangene Jahr zur\u00fcckblicken und die kommenden Herausforderungen besprechen. Ein kleiner Umtrunk bietet die ideale Gelegenheit, sich in gem\u00fctlicher Runde auszutauschen und vielleicht den ein oder anderen Wunsch f\u00fcr die Zukunft zu teilen. Damit wir die Feierlichkeiten optimal planen k\u00f6nnen, wird um Ihre Anmeldung gebeten. Senden Sie uns bitte eine E-Mail an: friseure@wkw.at, um Ihre Teilnahme zu best\u00e4tigen. Ich w\u00fcrde mich sehr freuen, Sie pers\u00f6nlich begr\u00fc\u00dfen zu d\u00fcrfen und gemeinsam mit Ihnen eine festliche Zeit zu erleben. Auf ein herzliches Wiedersehen am 4. Dezember!<\/p>\n\n\n\n<p>Mit vorweihnachtlichen Gr\u00fc\u00dfen,<\/p>\n\n\n\n<p>Marcus Eisinger<\/p>\n\n\n\n<p>Ihr Landesinnungsmeister der Friseure Wien<\/p>\n\n\n\n<figure class=\"wp-block-image size-large\"><img fetchpriority=\"high\" decoding=\"async\" width=\"1024\" height=\"683\" src=\"http:\/\/www.deroesterreichischefriseur.at\/wp-content\/uploads\/2023\/11\/20231110_600x400_CF-1024x683.jpg\" alt=\"\" class=\"wp-image-1042\" srcset=\"http:\/\/www.deroesterreichischefriseur.at\/wp-content\/uploads\/2023\/11\/20231110_600x400_CF-1024x683.jpg 1024w, http:\/\/www.deroesterreichischefriseur.at\/wp-content\/uploads\/2023\/11\/20231110_600x400_CF-300x200.jpg 300w, http:\/\/www.deroesterreichischefriseur.at\/wp-content\/uploads\/2023\/11\/20231110_600x400_CF-768x512.jpg 768w, http:\/\/www.deroesterreichischefriseur.at\/wp-content\/uploads\/2023\/11\/20231110_600x400_CF-1536x1024.jpg 1536w, http:\/\/www.deroesterreichischefriseur.at\/wp-content\/uploads\/2023\/11\/20231110_600x400_CF-2048x1366.jpg 2048w, http:\/\/www.deroesterreichischefriseur.at\/wp-content\/uploads\/2023\/11\/20231110_600x400_CF-150x100.jpg 150w\" sizes=\"(max-width: 1024px) 100vw, 1024px\" \/><\/figure>\n","protected":false},"excerpt":{"rendered":"<p>Ein erfolgreiche Berufsinformationsmesseveranstaltung in der Halle St.Marx liegt hinter uns. Ein leichter Aufw\u00e4rtstrend am Interesse f\u00fcr unseren Beruf, der auch zuk\u00fcnftig von K\u00fcnstlicher Intelligenz bestenfalls unterst\u00fctzt, aber keinesfalls durch KI ersetzt werden kann, sowie ein bereits durchschrittenes Tal bei den Lehrlingszahlen l\u00e4sst wieder vorsichtigen Optimismus f\u00fcr die Branche zu.&nbsp; Ein guter Grund ein wenig zu feiern. Deshalb freut es mich das\u00a0die festliche Zeit des Jahres vor der T\u00fcr steht, und&hellip;<\/p>\n","protected":false},"author":1,"featured_media":1042,"comment_status":"closed","ping_status":"open","sticky":false,"template":"","format":"standard","meta":{"footnotes":""},"categories":[16,1],"tags":[],"class_list":["post-1041","post","type-post","status-publish","format-standard","has-post-thumbnail","hentry","category-event","category-uncategorized"],"_links":{"self":[{"href":"http:\/\/www.deroesterreichischefriseur.at\/index.php?rest_route=\/wp\/v2\/posts\/1041","targetHints":{"allow":["GET"]}}],"collection":[{"href":"http:\/\/www.deroesterreichischefriseur.at\/index.php?rest_route=\/wp\/v2\/posts"}],"about":[{"href":"http:\/\/www.deroesterreichischefriseur.at\/index.php?rest_route=\/wp\/v2\/types\/post"}],"author":[{"embeddable":true,"href":"http:\/\/www.deroesterreichischefriseur.at\/index.php?rest_route=\/wp\/v2\/users\/1"}],"replies":[{"embeddable":true,"href":"http:\/\/www.deroesterreichischefriseur.at\/index.php?rest_route=%2Fwp%2Fv2%2Fcomments&post=1041"}],"version-history":[{"count":1,"href":"http:\/\/www.deroesterreichischefriseur.at\/index.php?rest_route=\/wp\/v2\/posts\/1041\/revisions"}],"predecessor-version":[{"id":1043,"href":"http:\/\/www.deroesterreichischefriseur.at\/index.php?rest_route=\/wp\/v2\/posts\/1041\/revisions\/1043"}],"wp:featuredmedia":[{"embeddable":true,"href":"http:\/\/www.deroesterreichischefriseur.at\/index.php?rest_route=\/wp\/v2\/media\/1042"}],"wp:attachment":[{"href":"http:\/\/www.deroesterreichischefriseur.at\/index.php?rest_route=%2Fwp%2Fv2%2Fmedia&parent=1041"}],"wp:term":[{"taxonomy":"category","embeddable":true,"href":"http:\/\/www.deroesterreichischefriseur.at\/index.php?rest_route=%2Fwp%2Fv2%2Fcategories&post=1041"},{"taxonomy":"post_tag","embeddable":true,"href":"http:\/\/www.deroesterreichischefriseur.at\/index.php?rest_route=%2Fwp%2Fv2%2Ftags&post=1041"}],"curies":[{"name":"wp","href":"https:\/\/api.w.org\/{rel}","templated":true}]}}